{"id":152330,"date":"2026-09-01T17:04:08","date_gmt":"2026-09-01T17:04:08","guid":{"rendered":"https:\/\/rdnews.al\/?p=152330"},"modified":"2026-09-01T17:04:08","modified_gmt":"2026-09-01T17:04:08","slug":"ambulanca-qe-nuk-erdhi-eshte-aktakuze-ndaj-rames-dhe-qeverise-se-tij","status":"publish","type":"post","link":"https:\/\/rdnews.al\/index.php\/2026\/09\/01\/ambulanca-qe-nuk-erdhi-eshte-aktakuze-ndaj-rames-dhe-qeverise-se-tij\/","title":{"rendered":"Ambulanca q\u00eb nuk erdhi \u00ebsht\u00eb aktakuz\u00eb ndaj Ram\u00ebs dhe qeveris\u00eb s\u00eb tij!"},"content":{"rendered":"<div class=\"readmore-text-here\">\n<p><strong>Nga Lu\u00e7iano BO\u00c7I<\/strong><\/p>\n<p>David Deda dhe Sokol Preka dol\u00ebn p\u00ebr t\u00eb pir\u00eb nj\u00eb kafe. Nuk u kthyen m\u00eb.<\/p>\n<p>Ran\u00eb n\u00eb kontakt me energjin\u00eb elektrike n\u00eb Karm\u00eb, nd\u00ebrsa banor\u00ebt d\u00ebshmojn\u00eb se ambulanca mb\u00ebrriti rreth nj\u00eb or\u00eb e gjysm\u00eb pas njoftimit.<\/p>\n<p>Ata denoncojn\u00eb hapur se Vau i Dej\u00ebs ka prej muajsh pa ambulanc\u00eb, pa urgjenc\u00eb funksionale dhe pa mjek\u00eb gjat\u00eb 24 or\u00ebve.<\/p>\n<p>E ky \u00ebsht\u00eb nj\u00eb tmerr i parr\u00ebfyer.<\/p>\n<p>Nj\u00eb or\u00eb e gjysm\u00eb me vones\u00eb, nga Shkodra!<\/p>\n<p>N\u00eb emergjenc\u00eb, kjo nuk \u00ebsht\u00eb thjesht vones\u00eb. \u00cbsht\u00eb nj\u00eb pambarim\u00ebsi ankthi midis jet\u00ebs dhe vdekjes.<\/p>\n<p>Ardhja n\u00eb koh\u00eb do i kishte shp\u00ebtuar jet\u00ebt, por shteti i Ram\u00ebs ua ka mohuar mund\u00ebsin\u00eb banor\u00ebve p\u00ebr ta marr\u00eb ndihm\u00ebn e duhur.<\/p>\n<p>Ky \u00ebsht\u00eb realiteti q\u00eb fshihet pas propagand\u00ebs s\u00eb \u2018sh\u00ebndet\u00ebsis\u00eb falas\u2019. Qeveria ka miliona p\u00ebr koncesione, zyra, fasada dhe filma propagandistik\u00eb, por nuk gjen nj\u00eb ambulanc\u00eb p\u00ebr nj\u00eb zon\u00eb me dhjet\u00ebra mij\u00ebra banor\u00eb.<\/p>\n<p>Ja \u00e7far\u00eb do t\u00eb thot\u00eb nj\u00ebherazi \u2018efikasiteti\u2019 i centralizimit t\u00eb sh\u00ebrbimeve, largim i sh\u00ebrbimit nga qytetari dhe mosp\u00ebrfillje e tij.<\/p>\n<p>E gjith\u00e7ka m\u00eb pas paguhet me ankth, dhimbje, largime masive dhe, ndonj\u00ebher\u00eb, me jet\u00eb njer\u00ebzish.<\/p>\n<p>Salaj e Ram\u00ebs q\u00eb ende hesht, duhet t\u00eb publikoj\u00eb menj\u00ebher\u00eb or\u00ebn kur \u00ebsht\u00eb marr\u00eb telefonata p\u00ebr ndihm\u00eb, or\u00ebn e nisjes dhe t\u00eb mb\u00ebrritjes s\u00eb ambulanc\u00ebs, vendndodhjen e ambulancave n\u00eb at\u00eb moment, arsyen pse Vau i Dej\u00ebs ka mbetur pa mjet urgjence dhe emrat dhe p\u00ebrgjegj\u00ebsit\u00eb e drejtuesve q\u00eb e lejuan k\u00ebt\u00eb gjendje, duke filluar nga vet\u00eb Ministrja.<\/p>\n<p>Duhet hetim i plot\u00eb, p\u00ebrgjegj\u00ebsi administrative dhe penale e qart\u00eb.<\/p>\n<p>Qytetar\u00ebt e Vaut t\u00eb Dej\u00ebs nuk k\u00ebrkojn\u00eb luks. K\u00ebrkojn\u00eb t\u00eb drejt\u00ebn elementare q\u00eb, kur luftojn\u00eb p\u00ebr jet\u00ebn, shteti t\u00eb mos mb\u00ebrrij\u00eb pasi gjith\u00e7ka ka marr\u00eb fund e vdekja ka vendosur ligjin e saj.<\/p>\n<p>Ngush\u00ebllimet m\u00eb t\u00eb ndjera familjeve Deda dhe Preka!<\/p>\n<p>Dhimbja e tyre nuk duhet t\u00eb mbulohet nga heshtja institucionale e mosnd\u00ebshkimi i p\u00ebrgjegj\u00ebsve t\u00eb drejp\u00ebrdrejt\u00eb dhe t\u00eb atyre q\u00eb sot qeverisin me harbut\u00ebri dhe arroganc\u00eb ekstreme.<\/p>\n<p><iframe loading=\"lazy\" src=\"https:\/\/www.facebook.com\/plugins\/post.php?href=https%3A%2F%2Fwww.facebook.com%2Flucianobocipd%2Fposts%2Fpfbid028d9SyvEhy7mTwTKKrWCd99W1TS6YcZ7bHXRW9kAg9ycjhAKue75jREkgrjWCbq49l&amp;show_text=true&amp;width=500\" width=\"500\" height=\"698\" frameborder=\"0\" scrolling=\"no\" allowfullscreen=\"allowfullscreen\" data-mce-fragment=\"1\"><\/iframe><\/p>\n<\/div>\n<div id=\"rekl-33\"><\/div>\n","protected":false},"excerpt":{"rendered":"<p>Nga Lu\u00e7iano BO\u00c7I David Deda dhe Sokol Preka dol\u00ebn p\u00ebr t\u00eb pir\u00eb nj\u00eb kafe. Nuk u kthyen m\u00eb. Ran\u00eb n\u00eb kontakt me energjin\u00eb elektrike n\u00eb Karm\u00eb, nd\u00ebrsa banor\u00ebt d\u00ebshmojn\u00eb se ambulanca mb\u00ebrriti rreth nj\u00eb or\u00eb e gjysm\u00eb pas njoftimit. Ata denoncojn\u00eb hapur se Vau i Dej\u00ebs ka prej muajsh pa ambulanc\u00eb, pa urgjenc\u00eb funksionale dhe &hellip;<\/p>\n","protected":false},"author":4,"featured_media":143908,"comment_status":"closed","ping_status":"closed","sticky":false,"template":"","format":"standard","meta":{"footnotes":""},"categories":[37],"tags":[],"class_list":["post-152330","post","type-post","status-publish","format-standard","has-post-thumbnail","","category-politike"],"_links":{"self":[{"href":"https:\/\/rdnews.al\/index.php\/wp-json\/wp\/v2\/posts\/152330","targetHints":{"allow":["GET"]}}],"collection":[{"href":"https:\/\/rdnews.al\/index.php\/wp-json\/wp\/v2\/posts"}],"about":[{"href":"https:\/\/rdnews.al\/index.php\/wp-json\/wp\/v2\/types\/post"}],"author":[{"embeddable":true,"href":"https:\/\/rdnews.al\/index.php\/wp-json\/wp\/v2\/users\/4"}],"replies":[{"embeddable":true,"href":"https:\/\/rdnews.al\/index.php\/wp-json\/wp\/v2\/comments?post=152330"}],"version-history":[{"count":2,"href":"https:\/\/rdnews.al\/index.php\/wp-json\/wp\/v2\/posts\/152330\/revisions"}],"predecessor-version":[{"id":152332,"href":"https:\/\/rdnews.al\/index.php\/wp-json\/wp\/v2\/posts\/152330\/revisions\/152332"}],"wp:featuredmedia":[{"embeddable":true,"href":"https:\/\/rdnews.al\/index.php\/wp-json\/wp\/v2\/media\/143908"}],"wp:attachment":[{"href":"https:\/\/rdnews.al\/index.php\/wp-json\/wp\/v2\/media?parent=152330"}],"wp:term":[{"taxonomy":"category","embeddable":true,"href":"https:\/\/rdnews.al\/index.php\/wp-json\/wp\/v2\/categories?post=152330"},{"taxonomy":"post_tag","embeddable":true,"href":"https:\/\/rdnews.al\/index.php\/wp-json\/wp\/v2\/tags?post=152330"}],"curies":[{"name":"wp","href":"https:\/\/api.w.org\/{rel}","templated":true}]}}