{"id":152336,"date":"2026-09-01T18:15:53","date_gmt":"2026-09-01T18:15:53","guid":{"rendered":"https:\/\/rdnews.al\/?p=152336"},"modified":"2026-09-01T18:15:53","modified_gmt":"2026-09-01T18:15:53","slug":"protestuesit-bllokojne-kryeministrine","status":"publish","type":"post","link":"https:\/\/rdnews.al\/index.php\/2026\/09\/01\/protestuesit-bllokojne-kryeministrine\/","title":{"rendered":"Protestuesit bllokojn\u00eb Kryeministrin\u00eb"},"content":{"rendered":"<p class=\"TableParagraph\">Protestuesit jan\u00eb n\u00eb hyrje p\u00ebr t\u00eb bllokuar daljen e kryeministrit Rama, i cili ndodhet brenda n\u00eb kryeministri.<\/p>\n<p class=\"TableParagraph\">Protestuesit jan\u00eb vendosur prapa godin\u00ebs s\u00eb kryeministris\u00eb dhe th\u00ebrrasin: Dor\u00ebheqjen.<\/p>\n<p class=\"TableParagraph\">Nd\u00ebrkoh\u00eb nj\u00eb kordon policor po p\u00ebrpiqen t\u00eb ndalojn\u00eb protestuesit.<\/p>\n<p class=\"TableParagraph\">Sot \u00ebsht\u00eb dita e 94-t e protest\u00ebs p\u00ebr largimin e qeveris\u00eb Rama.<\/p>\n<p class=\"TableParagraph\">Ata th\u00ebrrasin: Dor\u00ebheqje! Dor\u00ebheqje! Edi Rama o legen, gjith\u00eb Shqip\u00ebria t\u00eb urren.<\/p>\n","protected":false},"excerpt":{"rendered":"<p>Protestuesit jan\u00eb n\u00eb hyrje p\u00ebr t\u00eb bllokuar daljen e kryeministrit Rama, i cili ndodhet brenda n\u00eb kryeministri. Protestuesit jan\u00eb vendosur prapa godin\u00ebs s\u00eb kryeministris\u00eb dhe th\u00ebrrasin: Dor\u00ebheqjen. Nd\u00ebrkoh\u00eb nj\u00eb kordon policor po p\u00ebrpiqen t\u00eb ndalojn\u00eb protestuesit. Sot \u00ebsht\u00eb dita e 94-t e protest\u00ebs p\u00ebr largimin e qeveris\u00eb Rama. Ata th\u00ebrrasin: Dor\u00ebheqje! Dor\u00ebheqje! Edi Rama o &hellip;<\/p>\n","protected":false},"author":4,"featured_media":152337,"comment_status":"closed","ping_status":"closed","sticky":false,"template":"","format":"standard","meta":{"footnotes":""},"categories":[37],"tags":[],"class_list":["post-152336","post","type-post","status-publish","format-standard","has-post-thumbnail","","category-politike"],"_links":{"self":[{"href":"https:\/\/rdnews.al\/index.php\/wp-json\/wp\/v2\/posts\/152336","targetHints":{"allow":["GET"]}}],"collection":[{"href":"https:\/\/rdnews.al\/index.php\/wp-json\/wp\/v2\/posts"}],"about":[{"href":"https:\/\/rdnews.al\/index.php\/wp-json\/wp\/v2\/types\/post"}],"author":[{"embeddable":true,"href":"https:\/\/rdnews.al\/index.php\/wp-json\/wp\/v2\/users\/4"}],"replies":[{"embeddable":true,"href":"https:\/\/rdnews.al\/index.php\/wp-json\/wp\/v2\/comments?post=152336"}],"version-history":[{"count":1,"href":"https:\/\/rdnews.al\/index.php\/wp-json\/wp\/v2\/posts\/152336\/revisions"}],"predecessor-version":[{"id":152338,"href":"https:\/\/rdnews.al\/index.php\/wp-json\/wp\/v2\/posts\/152336\/revisions\/152338"}],"wp:featuredmedia":[{"embeddable":true,"href":"https:\/\/rdnews.al\/index.php\/wp-json\/wp\/v2\/media\/152337"}],"wp:attachment":[{"href":"https:\/\/rdnews.al\/index.php\/wp-json\/wp\/v2\/media?parent=152336"}],"wp:term":[{"taxonomy":"category","embeddable":true,"href":"https:\/\/rdnews.al\/index.php\/wp-json\/wp\/v2\/categories?post=152336"},{"taxonomy":"post_tag","embeddable":true,"href":"https:\/\/rdnews.al\/index.php\/wp-json\/wp\/v2\/tags?post=152336"}],"curies":[{"name":"wp","href":"https:\/\/api.w.org\/{rel}","templated":true}]}}