{"id":152339,"date":"2026-09-01T18:23:08","date_gmt":"2026-09-01T18:23:08","guid":{"rendered":"https:\/\/rdnews.al\/?p=152339"},"modified":"2026-09-01T18:25:18","modified_gmt":"2026-09-01T18:25:18","slug":"arrestoni-ramen-qytetaret-bllokojne-hyrjen-e-kryeministrise-rama-mbetet-brenda-godines","status":"publish","type":"post","link":"https:\/\/rdnews.al\/index.php\/2026\/09\/01\/arrestoni-ramen-qytetaret-bllokojne-hyrjen-e-kryeministrise-rama-mbetet-brenda-godines\/","title":{"rendered":"Arrestoni Ram\u00ebn\/ Qytetar\u00ebt bllokojn\u00eb hyrjen e Kryeministris\u00eb, Rama mbetet brenda godin\u00ebs"},"content":{"rendered":"<p>Protesta qytetare kund\u00ebr qeveris\u00eb dhe kryeministrit Edi Rama ka sh\u00ebnuar sot nj\u00eb tjet\u00ebr p\u00ebrshkall\u00ebzim, n\u00eb dit\u00ebn e 94-t\u00eb t\u00eb q\u00ebndres\u00ebs.<\/p>\n<p>Protestuesit me thirrjet Dorheqje\u201d, \u201cDorheqjke\u201d, Arrestoni Ram\u00ebn\u201d, etj, ka bllokuar hyrjen e kryeministris\u00eb.<\/p>\n<p>Pas paralajm\u00ebrimit t\u00eb b\u00ebr\u00eb nj\u00eb dit\u00eb m\u00eb par\u00eb, protestuesit kan\u00eb ndryshuar m\u00ebnyr\u00ebn e zhvillimit t\u00eb tubimit. N\u00eb vend q\u00eb t\u00eb marshonin dhe t\u00eb q\u00ebndronin p\u00ebrpara hyrjes kryesore t\u00eb Kryeministris\u00eb, qytetar\u00ebt jan\u00eb zhvendosur n\u00eb nj\u00eb prej hyrjeve an\u00ebsore t\u00eb godin\u00ebs, n\u00eb krah t\u00eb Piramid\u00ebs, duke bllokuar kalimin.<\/p>\n<p>L\u00ebvizja ka sjell\u00eb menj\u00ebher\u00eb nj\u00eb shtim t\u00eb pranis\u00eb s\u00eb Policis\u00eb s\u00eb Shtetit, me efektiv\u00eb t\u00eb pozicionuar p\u00ebrreth Kryeministris\u00eb p\u00ebr t\u00eb kontrolluar situat\u00ebn dhe p\u00ebr t\u00eb garantuar sigurin\u00eb pran\u00eb godin\u00ebs.<\/p>\n<p>Nd\u00ebrkoh\u00eb, protesta ka ndikuar edhe n\u00eb l\u00ebvizjet e kryeministrit Edi Rama. Sipas raportimeve nga vendngjarja, dalja e tij nga Kryeministria \u00ebsht\u00eb penguar nga prania e protestuesve n\u00eb hyrjen an\u00ebsore.<\/p>\n<p>Automjeti i kryeministrit \u00ebsht\u00eb par\u00eb i ndezur pran\u00eb k\u00ebsaj hyrjeje, nd\u00ebrsa qytetar\u00ebt vijojn\u00eb q\u00ebndrimin e tyre n\u00eb zon\u00eb.<\/p>\n","protected":false},"excerpt":{"rendered":"<p>Protesta qytetare kund\u00ebr qeveris\u00eb dhe kryeministrit Edi Rama ka sh\u00ebnuar sot nj\u00eb tjet\u00ebr p\u00ebrshkall\u00ebzim, n\u00eb dit\u00ebn e 94-t\u00eb t\u00eb q\u00ebndres\u00ebs. Protestuesit me thirrjet Dorheqje\u201d, \u201cDorheqjke\u201d, Arrestoni Ram\u00ebn\u201d, etj, ka bllokuar hyrjen e kryeministris\u00eb. Pas paralajm\u00ebrimit t\u00eb b\u00ebr\u00eb nj\u00eb dit\u00eb m\u00eb par\u00eb, protestuesit kan\u00eb ndryshuar m\u00ebnyr\u00ebn e zhvillimit t\u00eb tubimit. N\u00eb vend q\u00eb t\u00eb marshonin dhe &hellip;<\/p>\n","protected":false},"author":4,"featured_media":152342,"comment_status":"closed","ping_status":"closed","sticky":false,"template":"","format":"standard","meta":{"footnotes":""},"categories":[37],"tags":[],"class_list":["post-152339","post","type-post","status-publish","format-standard","has-post-thumbnail","","category-politike"],"_links":{"self":[{"href":"https:\/\/rdnews.al\/index.php\/wp-json\/wp\/v2\/posts\/152339","targetHints":{"allow":["GET"]}}],"collection":[{"href":"https:\/\/rdnews.al\/index.php\/wp-json\/wp\/v2\/posts"}],"about":[{"href":"https:\/\/rdnews.al\/index.php\/wp-json\/wp\/v2\/types\/post"}],"author":[{"embeddable":true,"href":"https:\/\/rdnews.al\/index.php\/wp-json\/wp\/v2\/users\/4"}],"replies":[{"embeddable":true,"href":"https:\/\/rdnews.al\/index.php\/wp-json\/wp\/v2\/comments?post=152339"}],"version-history":[{"count":1,"href":"https:\/\/rdnews.al\/index.php\/wp-json\/wp\/v2\/posts\/152339\/revisions"}],"predecessor-version":[{"id":152341,"href":"https:\/\/rdnews.al\/index.php\/wp-json\/wp\/v2\/posts\/152339\/revisions\/152341"}],"wp:featuredmedia":[{"embeddable":true,"href":"https:\/\/rdnews.al\/index.php\/wp-json\/wp\/v2\/media\/152342"}],"wp:attachment":[{"href":"https:\/\/rdnews.al\/index.php\/wp-json\/wp\/v2\/media?parent=152339"}],"wp:term":[{"taxonomy":"category","embeddable":true,"href":"https:\/\/rdnews.al\/index.php\/wp-json\/wp\/v2\/categories?post=152339"},{"taxonomy":"post_tag","embeddable":true,"href":"https:\/\/rdnews.al\/index.php\/wp-json\/wp\/v2\/tags?post=152339"}],"curies":[{"name":"wp","href":"https:\/\/api.w.org\/{rel}","templated":true}]}}