{"id":152343,"date":"2026-09-01T18:30:19","date_gmt":"2026-09-01T18:30:19","guid":{"rendered":"https:\/\/rdnews.al\/?p=152343"},"modified":"2026-09-01T18:30:19","modified_gmt":"2026-09-01T18:30:19","slug":"rama-ngujohet-ne-zyre-forcat-speciale-rrethojne-kryeministrine-protestuesit-arrestoni-ramen","status":"publish","type":"post","link":"https:\/\/rdnews.al\/index.php\/2026\/09\/01\/rama-ngujohet-ne-zyre-forcat-speciale-rrethojne-kryeministrine-protestuesit-arrestoni-ramen\/","title":{"rendered":"Rama ngujohet n\u00eb zyr\u00eb, Forcat Speciale rrethojn\u00eb Kryeministrin\u00eb, protestuesit: Arrestoni Ram\u00ebn!"},"content":{"rendered":"<p>Si\u00e7 ishte paralajm\u00ebruar nj\u00eb dit\u00eb m\u00eb par\u00eb, protesta qytetare ka hyr\u00eb n\u00eb nj\u00eb faz\u00eb t\u00eb re p\u00ebrshkall\u00ebzimi.<\/p>\n<p>Kjo protest\u00eb ka nisur me bllokimin\u00a0 e hyrjes s\u00eb zyr\u00ebs s\u00eb Kryeministris\u00eb.<\/p>\n<p>Punonj\u00ebsit e policis\u00eb u gjend\u00ebn t\u00eb papritur por m\u00eb pas u b\u00ebn\u00eb kordon, nd\u00ebrsa n\u00eb disa momente pati dhe p\u00ebrplasje mes policis\u00eb dhe protestuesve.<\/p>\n<p>Protestuesit th\u00ebrrasin: Dor\u00ebheqje! Shporru!\u00a0\u00a0Edi Rama o legen, gjith\u00eb Shqip\u00ebria t\u00eb urren.<\/p>\n<p>N\u00eb or\u00ebn 19:30 minuta FNSH dhe forcat shqiponja p\u00ebrforcuan kordonin policor, nd\u00ebrsa protetuesit th\u00ebrrasin kundra Edi Ram\u00ebs dhe kundra policis\u00eb e cila nuk po mbron qytetar\u00ebt.<\/p>\n<p>Ata th\u00ebrrasin:\u00a0Arrestoni Ram\u00ebn!<\/p>\n<p>Qytetar\u00ebt n\u00eb revolt\u00ebn e sotme kan\u00eb zgjedhur nj\u00eb tjet\u00ebr skenar, nd\u00ebrsa kan\u00eb m\u00ebsuar se n\u00eb ambientet e Kryeministris\u00eb ndodhet Rama, duke u vendosur para godin\u00ebs.<\/p>\n<p>Nd\u00ebrkoh\u00eb policia u vendos gardh para hyrjes, nd\u00ebrsa kan\u00eb mb\u00ebrritur edhe Forcat Speciale.<\/p>\n","protected":false},"excerpt":{"rendered":"<p>Si\u00e7 ishte paralajm\u00ebruar nj\u00eb dit\u00eb m\u00eb par\u00eb, protesta qytetare ka hyr\u00eb n\u00eb nj\u00eb faz\u00eb t\u00eb re p\u00ebrshkall\u00ebzimi. Kjo protest\u00eb ka nisur me bllokimin\u00a0 e hyrjes s\u00eb zyr\u00ebs s\u00eb Kryeministris\u00eb. Punonj\u00ebsit e policis\u00eb u gjend\u00ebn t\u00eb papritur por m\u00eb pas u b\u00ebn\u00eb kordon, nd\u00ebrsa n\u00eb disa momente pati dhe p\u00ebrplasje mes policis\u00eb dhe protestuesve. Protestuesit th\u00ebrrasin: &hellip;<\/p>\n","protected":false},"author":4,"featured_media":152344,"comment_status":"closed","ping_status":"closed","sticky":false,"template":"","format":"standard","meta":{"footnotes":""},"categories":[37],"tags":[],"class_list":["post-152343","post","type-post","status-publish","format-standard","has-post-thumbnail","","category-politike"],"_links":{"self":[{"href":"https:\/\/rdnews.al\/index.php\/wp-json\/wp\/v2\/posts\/152343","targetHints":{"allow":["GET"]}}],"collection":[{"href":"https:\/\/rdnews.al\/index.php\/wp-json\/wp\/v2\/posts"}],"about":[{"href":"https:\/\/rdnews.al\/index.php\/wp-json\/wp\/v2\/types\/post"}],"author":[{"embeddable":true,"href":"https:\/\/rdnews.al\/index.php\/wp-json\/wp\/v2\/users\/4"}],"replies":[{"embeddable":true,"href":"https:\/\/rdnews.al\/index.php\/wp-json\/wp\/v2\/comments?post=152343"}],"version-history":[{"count":1,"href":"https:\/\/rdnews.al\/index.php\/wp-json\/wp\/v2\/posts\/152343\/revisions"}],"predecessor-version":[{"id":152345,"href":"https:\/\/rdnews.al\/index.php\/wp-json\/wp\/v2\/posts\/152343\/revisions\/152345"}],"wp:featuredmedia":[{"embeddable":true,"href":"https:\/\/rdnews.al\/index.php\/wp-json\/wp\/v2\/media\/152344"}],"wp:attachment":[{"href":"https:\/\/rdnews.al\/index.php\/wp-json\/wp\/v2\/media?parent=152343"}],"wp:term":[{"taxonomy":"category","embeddable":true,"href":"https:\/\/rdnews.al\/index.php\/wp-json\/wp\/v2\/categories?post=152343"},{"taxonomy":"post_tag","embeddable":true,"href":"https:\/\/rdnews.al\/index.php\/wp-json\/wp\/v2\/tags?post=152343"}],"curies":[{"name":"wp","href":"https:\/\/api.w.org\/{rel}","templated":true}]}}