{"id":152346,"date":"2026-09-01T18:35:37","date_gmt":"2026-09-01T18:35:37","guid":{"rendered":"https:\/\/rdnews.al\/?p=152346"},"modified":"2026-09-01T18:35:37","modified_gmt":"2026-09-01T18:35:37","slug":"tensione-para-kryeministrise-policia-perplaset-me-protestuesit-tenton-ti-largoje-duke-i-shtyre-me-dhune","status":"publish","type":"post","link":"https:\/\/rdnews.al\/index.php\/2026\/09\/01\/tensione-para-kryeministrise-policia-perplaset-me-protestuesit-tenton-ti-largoje-duke-i-shtyre-me-dhune\/","title":{"rendered":"Tensione para Kryeministris\u00eb, policia p\u00ebrplaset me protestuesit, tenton t\u2019i largoj\u00eb duke i shtyr\u00eb me dhun\u00eb"},"content":{"rendered":"<p>Tensione para Kryeministris\u00eb, policia p\u00ebrplaset me protestuesit, tenton t\u2019i largoj\u00eb duke i shtyr\u00eb.<\/p>\n<p>Forca t\u00eb shumta policie jan\u00eb vendosur para Kryeministris\u00eb, pasi qytetar\u00ebt bllokuan hyrjet.<\/p>\n<p>P\u00ebrplasje tek kryeministria, ku qytetar\u00ebt kan\u00eb shkuar tek hyrja e selis\u00eb s\u00eb qeveris\u00eb, duke i k\u00ebrkuar Edi Ram\u00ebs dor\u00ebheqjen.<\/p>\n<p>Rama ndodhet n\u00eb zyr\u00eb.<\/p>\n<p>Policia me forca t\u00eb shtuara ka vendosur t\u00eb shtyj\u00eb qytetar\u00ebt, duke tentuar q\u00eb ti largojn\u00eb nga hyrja e kryeministris\u00eb.<\/p>\n<p>Nd\u00ebrkoh\u00eb q\u00eb nj\u00eb protestuesve \u00ebsht\u00eb shoq\u00ebruar nga policia<\/p>\n","protected":false},"excerpt":{"rendered":"<p>Tensione para Kryeministris\u00eb, policia p\u00ebrplaset me protestuesit, tenton t\u2019i largoj\u00eb duke i shtyr\u00eb. Forca t\u00eb shumta policie jan\u00eb vendosur para Kryeministris\u00eb, pasi qytetar\u00ebt bllokuan hyrjet. P\u00ebrplasje tek kryeministria, ku qytetar\u00ebt kan\u00eb shkuar tek hyrja e selis\u00eb s\u00eb qeveris\u00eb, duke i k\u00ebrkuar Edi Ram\u00ebs dor\u00ebheqjen. Rama ndodhet n\u00eb zyr\u00eb. Policia me forca t\u00eb shtuara ka vendosur &hellip;<\/p>\n","protected":false},"author":4,"featured_media":142424,"comment_status":"closed","ping_status":"closed","sticky":false,"template":"","format":"standard","meta":{"footnotes":""},"categories":[37],"tags":[],"class_list":["post-152346","post","type-post","status-publish","format-standard","has-post-thumbnail","","category-politike"],"_links":{"self":[{"href":"https:\/\/rdnews.al\/index.php\/wp-json\/wp\/v2\/posts\/152346","targetHints":{"allow":["GET"]}}],"collection":[{"href":"https:\/\/rdnews.al\/index.php\/wp-json\/wp\/v2\/posts"}],"about":[{"href":"https:\/\/rdnews.al\/index.php\/wp-json\/wp\/v2\/types\/post"}],"author":[{"embeddable":true,"href":"https:\/\/rdnews.al\/index.php\/wp-json\/wp\/v2\/users\/4"}],"replies":[{"embeddable":true,"href":"https:\/\/rdnews.al\/index.php\/wp-json\/wp\/v2\/comments?post=152346"}],"version-history":[{"count":1,"href":"https:\/\/rdnews.al\/index.php\/wp-json\/wp\/v2\/posts\/152346\/revisions"}],"predecessor-version":[{"id":152347,"href":"https:\/\/rdnews.al\/index.php\/wp-json\/wp\/v2\/posts\/152346\/revisions\/152347"}],"wp:featuredmedia":[{"embeddable":true,"href":"https:\/\/rdnews.al\/index.php\/wp-json\/wp\/v2\/media\/142424"}],"wp:attachment":[{"href":"https:\/\/rdnews.al\/index.php\/wp-json\/wp\/v2\/media?parent=152346"}],"wp:term":[{"taxonomy":"category","embeddable":true,"href":"https:\/\/rdnews.al\/index.php\/wp-json\/wp\/v2\/categories?post=152346"},{"taxonomy":"post_tag","embeddable":true,"href":"https:\/\/rdnews.al\/index.php\/wp-json\/wp\/v2\/tags?post=152346"}],"curies":[{"name":"wp","href":"https:\/\/api.w.org\/{rel}","templated":true}]}}