{"id":152352,"date":"2026-09-01T18:58:15","date_gmt":"2026-09-01T18:58:15","guid":{"rendered":"https:\/\/rdnews.al\/?p=152352"},"modified":"2026-09-01T18:58:15","modified_gmt":"2026-09-01T18:58:15","slug":"perplasje-fizike-mes-protestuesve-dhe-policise-te-kryeministria-arrestohen-disa-protestues","status":"publish","type":"post","link":"https:\/\/rdnews.al\/index.php\/2026\/09\/01\/perplasje-fizike-mes-protestuesve-dhe-policise-te-kryeministria-arrestohen-disa-protestues\/","title":{"rendered":"P\u00ebrplasje fizike mes protestuesve dhe policis\u00eb te Kryeministria, arrestohen disa protestues"},"content":{"rendered":"<p>Situata vijon t\u00eb jet\u00eb e tensionuar p\u00ebrpara Kryeministris\u00eb, ku prej 94 dit\u00ebsh qytetar\u00ebt protestojn\u00eb kund\u00ebr qeveris\u00eb dhe k\u00ebrkojn\u00eb dor\u00ebheqjen e kryeministrit Edi Rama.<\/p>\n<p>P\u00ebrplasje tek kryeministria, ku qytetar\u00ebt kan\u00eb shkuar tek hyrja e selis\u00eb s\u00eb qeveris\u00eb, duke i k\u00ebrkuar Edi Ram\u00ebs dor\u00ebheqjen.<\/p>\n<p>Policia me forca t\u00eb shtuara ka vendosur t\u00eb shtyj\u00eb qytetar\u00ebt, duke tentuar q\u00eb ti largojn\u00eb nga hyrja e kryeministris\u00eb.<\/p>\n<p>Nd\u00ebrkoh\u00eb disa protestues jan\u00eb shoq\u00ebruar nga policia.<\/p>\n<p>Parn\u00eb Kryeministris\u00eb jan\u00eb angazhuar forca t\u00eb shumta policie, p\u00ebrfshir\u00eb efektiv\u00eb t\u00eb FNSH-s\u00eb, nd\u00ebrsa n\u00eb zon\u00ebn p\u00ebrreth godin\u00ebs \u00ebsht\u00eb vendosur edhe nj\u00eb autobot uji.<\/p>\n<p>N\u00eb terren kan\u00eb \u201czbarkuar\u201d gjithashtu edhe drejtues t\u00eb lart\u00eb t\u00eb Policis\u00eb s\u00eb Shtetit, t\u00eb cil\u00ebt po ndjekin nga af\u00ebr situat\u00ebn dhe zhvillimet p\u00ebrpara Kryeministris\u00eb.<\/p>\n<p>Protestuesit jan\u00eb p\u00ebrplasur fizikisht me efektiv\u00ebt q\u00eb kan\u00eb rrethuar godin\u00ebn e Kryeministris\u00eb. Gjat\u00eb p\u00ebrplasjes, raportohet se nj\u00eb punonj\u00ebs policie ka mbetur i l\u00ebnduar.<\/p>\n<p>Nd\u00ebrkoh\u00eb, protestuesit vijojn\u00eb p\u00ebrpjekjet p\u00ebr t\u2019iu afruar dhe p\u00ebr t\u00eb hyr\u00eb n\u00eb ambientet e Kryeministris\u00eb, me pretendimin se brenda godin\u00ebs ndodhet kryeministri Edi Rama.<\/p>\n<p>Nj\u00eb pjes\u00eb e protestuesve \u00ebsht\u00eb zhvendosur n\u00eb pjes\u00ebn e pasme t\u00eb godin\u00ebs, nd\u00ebrsa pjesa tjet\u00ebr vijon protest\u00ebn p\u00ebrpara Kryeministris\u00eb, ku po mbahen edhe fjalime.<\/p>\n<p>Situata vijon t\u00eb jet\u00eb e tensionuar, nd\u00ebrsa forcat e policis\u00eb kan\u00eb shtuar pranin\u00eb p\u00ebrreth godin\u00ebs.<\/p>\n","protected":false},"excerpt":{"rendered":"<p>Situata vijon t\u00eb jet\u00eb e tensionuar p\u00ebrpara Kryeministris\u00eb, ku prej 94 dit\u00ebsh qytetar\u00ebt protestojn\u00eb kund\u00ebr qeveris\u00eb dhe k\u00ebrkojn\u00eb dor\u00ebheqjen e kryeministrit Edi Rama. P\u00ebrplasje tek kryeministria, ku qytetar\u00ebt kan\u00eb shkuar tek hyrja e selis\u00eb s\u00eb qeveris\u00eb, duke i k\u00ebrkuar Edi Ram\u00ebs dor\u00ebheqjen. Policia me forca t\u00eb shtuara ka vendosur t\u00eb shtyj\u00eb qytetar\u00ebt, duke tentuar q\u00eb &hellip;<\/p>\n","protected":false},"author":4,"featured_media":152353,"comment_status":"closed","ping_status":"closed","sticky":false,"template":"","format":"standard","meta":{"footnotes":""},"categories":[37],"tags":[],"class_list":["post-152352","post","type-post","status-publish","format-standard","has-post-thumbnail","","category-politike"],"_links":{"self":[{"href":"https:\/\/rdnews.al\/index.php\/wp-json\/wp\/v2\/posts\/152352","targetHints":{"allow":["GET"]}}],"collection":[{"href":"https:\/\/rdnews.al\/index.php\/wp-json\/wp\/v2\/posts"}],"about":[{"href":"https:\/\/rdnews.al\/index.php\/wp-json\/wp\/v2\/types\/post"}],"author":[{"embeddable":true,"href":"https:\/\/rdnews.al\/index.php\/wp-json\/wp\/v2\/users\/4"}],"replies":[{"embeddable":true,"href":"https:\/\/rdnews.al\/index.php\/wp-json\/wp\/v2\/comments?post=152352"}],"version-history":[{"count":1,"href":"https:\/\/rdnews.al\/index.php\/wp-json\/wp\/v2\/posts\/152352\/revisions"}],"predecessor-version":[{"id":152354,"href":"https:\/\/rdnews.al\/index.php\/wp-json\/wp\/v2\/posts\/152352\/revisions\/152354"}],"wp:featuredmedia":[{"embeddable":true,"href":"https:\/\/rdnews.al\/index.php\/wp-json\/wp\/v2\/media\/152353"}],"wp:attachment":[{"href":"https:\/\/rdnews.al\/index.php\/wp-json\/wp\/v2\/media?parent=152352"}],"wp:term":[{"taxonomy":"category","embeddable":true,"href":"https:\/\/rdnews.al\/index.php\/wp-json\/wp\/v2\/categories?post=152352"},{"taxonomy":"post_tag","embeddable":true,"href":"https:\/\/rdnews.al\/index.php\/wp-json\/wp\/v2\/tags?post=152352"}],"curies":[{"name":"wp","href":"https:\/\/api.w.org\/{rel}","templated":true}]}}