{"id":152355,"date":"2026-09-01T19:04:12","date_gmt":"2026-09-01T19:04:12","guid":{"rendered":"https:\/\/rdnews.al\/?p=152355"},"modified":"2026-09-01T19:11:38","modified_gmt":"2026-09-01T19:11:38","slug":"tensione-para-kryeministrise-qytetaret-rezistence-arrestoni-ramen-hidhet-uje-ne-drejtim-te-protestuesve","status":"publish","type":"post","link":"https:\/\/rdnews.al\/index.php\/2026\/09\/01\/tensione-para-kryeministrise-qytetaret-rezistence-arrestoni-ramen-hidhet-uje-ne-drejtim-te-protestuesve\/","title":{"rendered":"Tensione para Kryeministris\u00eb\/ Qytetar\u00ebt rezistenc\u00eb: Arrestoni Ram\u00ebn! Hidhet uj\u00eb n\u00eb drejtim t\u00eb protestuesve"},"content":{"rendered":"<p>Tensione e kaos para Kryeministris\u00eb. N\u00eb drejtim t\u00eb protestuesve \u00ebsht\u00eb hedhur uj\u00eb.<\/p>\n<p>Pran\u00eb Kryeministris\u00eb jan\u00eb angazhuar forca t\u00eb shumta policie, p\u00ebrfshir\u00eb efektiv\u00eb t\u00eb FNSH-s\u00eb.<\/p>\n<p>N\u00eb terren kan\u00eb \u201czbarkuar\u201d gjithashtu edhe drejtues t\u00eb lart\u00eb t\u00eb Policis\u00eb s\u00eb Shtetit, t\u00eb cil\u00ebt po ndjekin nga af\u00ebr situat\u00ebn dhe zhvillimet p\u00ebrpara Kryeministris\u00eb.<\/p>\n<p>Nd\u00ebrkoh\u00eb, protestuesit vijojn\u00eb t\u00eb q\u00ebndrojn\u00eb p\u00ebrball\u00eb kordonit policor, nd\u00ebrsa tensionet dhe p\u00ebrplasjet mes qytetar\u00ebve dhe efektiv\u00ebve jan\u00eb sh\u00ebnuar disa her\u00eb gjat\u00eb mbr\u00ebmjes.<\/p>\n","protected":false},"excerpt":{"rendered":"<p>Tensione e kaos para Kryeministris\u00eb. N\u00eb drejtim t\u00eb protestuesve \u00ebsht\u00eb hedhur uj\u00eb. Pran\u00eb Kryeministris\u00eb jan\u00eb angazhuar forca t\u00eb shumta policie, p\u00ebrfshir\u00eb efektiv\u00eb t\u00eb FNSH-s\u00eb. N\u00eb terren kan\u00eb \u201czbarkuar\u201d gjithashtu edhe drejtues t\u00eb lart\u00eb t\u00eb Policis\u00eb s\u00eb Shtetit, t\u00eb cil\u00ebt po ndjekin nga af\u00ebr situat\u00ebn dhe zhvillimet p\u00ebrpara Kryeministris\u00eb. Nd\u00ebrkoh\u00eb, protestuesit vijojn\u00eb t\u00eb q\u00ebndrojn\u00eb p\u00ebrball\u00eb kordonit &hellip;<\/p>\n","protected":false},"author":4,"featured_media":152358,"comment_status":"closed","ping_status":"closed","sticky":false,"template":"","format":"standard","meta":{"footnotes":""},"categories":[37],"tags":[],"class_list":["post-152355","post","type-post","status-publish","format-standard","has-post-thumbnail","","category-politike"],"_links":{"self":[{"href":"https:\/\/rdnews.al\/index.php\/wp-json\/wp\/v2\/posts\/152355","targetHints":{"allow":["GET"]}}],"collection":[{"href":"https:\/\/rdnews.al\/index.php\/wp-json\/wp\/v2\/posts"}],"about":[{"href":"https:\/\/rdnews.al\/index.php\/wp-json\/wp\/v2\/types\/post"}],"author":[{"embeddable":true,"href":"https:\/\/rdnews.al\/index.php\/wp-json\/wp\/v2\/users\/4"}],"replies":[{"embeddable":true,"href":"https:\/\/rdnews.al\/index.php\/wp-json\/wp\/v2\/comments?post=152355"}],"version-history":[{"count":1,"href":"https:\/\/rdnews.al\/index.php\/wp-json\/wp\/v2\/posts\/152355\/revisions"}],"predecessor-version":[{"id":152357,"href":"https:\/\/rdnews.al\/index.php\/wp-json\/wp\/v2\/posts\/152355\/revisions\/152357"}],"wp:featuredmedia":[{"embeddable":true,"href":"https:\/\/rdnews.al\/index.php\/wp-json\/wp\/v2\/media\/152358"}],"wp:attachment":[{"href":"https:\/\/rdnews.al\/index.php\/wp-json\/wp\/v2\/media?parent=152355"}],"wp:term":[{"taxonomy":"category","embeddable":true,"href":"https:\/\/rdnews.al\/index.php\/wp-json\/wp\/v2\/categories?post=152355"},{"taxonomy":"post_tag","embeddable":true,"href":"https:\/\/rdnews.al\/index.php\/wp-json\/wp\/v2\/tags?post=152355"}],"curies":[{"name":"wp","href":"https:\/\/api.w.org\/{rel}","templated":true}]}}