{"id":152359,"date":"2026-09-01T20:09:35","date_gmt":"2026-09-01T20:09:35","guid":{"rendered":"https:\/\/rdnews.al\/?p=152359"},"modified":"2026-09-01T20:09:35","modified_gmt":"2026-09-01T20:09:35","slug":"protestuesit-marshojne-drejt-komisariatit-nr-1-ku-ndodhen-10-te-arrestuar","status":"publish","type":"post","link":"https:\/\/rdnews.al\/index.php\/2026\/09\/01\/protestuesit-marshojne-drejt-komisariatit-nr-1-ku-ndodhen-10-te-arrestuar\/","title":{"rendered":"Protestuesit marshojn\u00eb drejt komisariatit nr.1 ku ndodhen 10 t\u00eb arrestuar"},"content":{"rendered":"<p>Protestuesit ndryshuan strategjin\u00eb sot n\u00eb dit\u00ebn e 94 t\u00eb protest\u00ebs. Ndryshe nga dit\u00ebt e tjera kur vendoseshin para kryeministris\u00eb p\u00ebr t\u00eb mbajtur fjalimet kund\u00ebr qeveris\u00eb, k\u00ebt\u00eb her\u00eb protestuesit u vendos\u00ebn prapa godin\u00ebs s\u00eb kryeministris\u00eb, andej nga hyn dhe del kryeministri me makin\u00eb dhe administrata.<\/p>\n<p>Shkaku?<br \/>\nProtestuesit m\u00ebsuan se kryeministri Edi Rama ndodhej n\u00eb kryeministri.\u00a0 Ndryshimi i strategjis\u00eb s\u00eb protest\u00ebs i zuri t\u00eb pap\u00ebrgatitur efektiv\u00ebt e policis\u00eb t\u00eb cil\u00ebt n\u00eb fillim ishin t\u00eb pakt\u00eb t\u00eb num\u00ebr dhe n\u00eb disa momente pati p\u00ebrplasje dhe tensione me protestuesit, pasi k\u00ebta t\u00eb fundit tentonin t\u00eb hynin brenda n\u00eb kryeministri.<\/p>\n<p>Pak minuta m\u00eb pas n\u00eb ndihm\u00eb t\u00eb policis\u00eb erdh\u00ebn dhe FNSH dhe forcat Shqiponja.<\/p>\n<p>E teksa th\u00ebrrisnin \u201cArrestonin Ram\u00ebn!\u201d \u2018Jepe dor\u00ebheqjen\u2019 protestuesit u ul\u00ebn k\u00ebmb\u00ebkryq para kordonit policor. Her\u00eb pas here pati dhe p\u00ebrplasje nd\u00ebrkoh\u00eb policia nisi raprezaljen duke arrestuar ata q\u00eb i etiketonte si organizator\u00eb t\u00eb protest\u00ebs. Gazetari Fatjon Gjinaj informon se deri tani jan\u00eb 10\u00a0persona t\u00eb arrestuar.<\/p>\n<p><strong>Nd\u00ebr t\u00eb arrestuarit jan\u00eb:<\/strong><\/p>\n<p>Altin Goxhaj,<br \/>\nDritan Goxhaj<br \/>\nArvina Lleshi<br \/>\nKujtim Gjini.<br \/>\nBora Mitrovica<\/p>\n<p>E nd\u00ebrsa po shoq\u00ebrohej nga policia Dritan Goxhaj tha se arrestimi i tij po b\u00ebhej me \u2018urdh\u00ebr t\u00eb Edvin Ram\u00ebs. I b\u00ebra thirrje poloicis\u00eb t\u00eb hap\u00eb rrug\u00ebt dhe sheshet sepse ka penguar kalimin e qytetar\u00ebve\u201d thot\u00eb ai.<\/p>\n<p>Nd\u00ebrkoh\u00eb rreth or\u00ebs 21:45 protestuesit u larguan nga kryeministria p\u00ebr tu drejtuar drejt komisariatit nr 1 ku jan\u00eb shoq\u00ebruar protestuesit.<\/p>\n","protected":false},"excerpt":{"rendered":"<p>Protestuesit ndryshuan strategjin\u00eb sot n\u00eb dit\u00ebn e 94 t\u00eb protest\u00ebs. Ndryshe nga dit\u00ebt e tjera kur vendoseshin para kryeministris\u00eb p\u00ebr t\u00eb mbajtur fjalimet kund\u00ebr qeveris\u00eb, k\u00ebt\u00eb her\u00eb protestuesit u vendos\u00ebn prapa godin\u00ebs s\u00eb kryeministris\u00eb, andej nga hyn dhe del kryeministri me makin\u00eb dhe administrata. Shkaku? Protestuesit m\u00ebsuan se kryeministri Edi Rama ndodhej n\u00eb kryeministri.\u00a0 Ndryshimi &hellip;<\/p>\n","protected":false},"author":4,"featured_media":152356,"comment_status":"closed","ping_status":"closed","sticky":false,"template":"","format":"standard","meta":{"footnotes":""},"categories":[37],"tags":[],"class_list":["post-152359","post","type-post","status-publish","format-standard","has-post-thumbnail","","category-politike"],"_links":{"self":[{"href":"https:\/\/rdnews.al\/index.php\/wp-json\/wp\/v2\/posts\/152359","targetHints":{"allow":["GET"]}}],"collection":[{"href":"https:\/\/rdnews.al\/index.php\/wp-json\/wp\/v2\/posts"}],"about":[{"href":"https:\/\/rdnews.al\/index.php\/wp-json\/wp\/v2\/types\/post"}],"author":[{"embeddable":true,"href":"https:\/\/rdnews.al\/index.php\/wp-json\/wp\/v2\/users\/4"}],"replies":[{"embeddable":true,"href":"https:\/\/rdnews.al\/index.php\/wp-json\/wp\/v2\/comments?post=152359"}],"version-history":[{"count":1,"href":"https:\/\/rdnews.al\/index.php\/wp-json\/wp\/v2\/posts\/152359\/revisions"}],"predecessor-version":[{"id":152360,"href":"https:\/\/rdnews.al\/index.php\/wp-json\/wp\/v2\/posts\/152359\/revisions\/152360"}],"wp:featuredmedia":[{"embeddable":true,"href":"https:\/\/rdnews.al\/index.php\/wp-json\/wp\/v2\/media\/152356"}],"wp:attachment":[{"href":"https:\/\/rdnews.al\/index.php\/wp-json\/wp\/v2\/media?parent=152359"}],"wp:term":[{"taxonomy":"category","embeddable":true,"href":"https:\/\/rdnews.al\/index.php\/wp-json\/wp\/v2\/categories?post=152359"},{"taxonomy":"post_tag","embeddable":true,"href":"https:\/\/rdnews.al\/index.php\/wp-json\/wp\/v2\/tags?post=152359"}],"curies":[{"name":"wp","href":"https:\/\/api.w.org\/{rel}","templated":true}]}}