{"id":152361,"date":"2026-09-01T20:19:07","date_gmt":"2026-09-01T20:19:07","guid":{"rendered":"https:\/\/rdnews.al\/?p=152361"},"modified":"2026-09-01T20:27:41","modified_gmt":"2026-09-01T20:27:41","slug":"cfare-ndodhi-me-arrestimin-e-agasit-tentoi-te-largohej-policet-nxorren-armet-dhe","status":"publish","type":"post","link":"https:\/\/rdnews.al\/index.php\/2026\/09\/01\/cfare-ndodhi-me-arrestimin-e-agasit-tentoi-te-largohej-policet-nxorren-armet-dhe\/","title":{"rendered":"\u00c7far\u00eb ndodhi me arrestimin e Agasit dhe pse video nuk \u00ebsht\u00eb e plot\u00eb\/ Tentoi t\u00eb largohej, polic\u00ebt nxorr\u00ebn arm\u00ebt dhe\u2026"},"content":{"rendered":"<p style=\"margin: 0in; margin-bottom: .0001pt; background: white;\"><span style=\"font-size: 11.0pt; color: #0d0d0d;\">Ergys Agasi, koordinatori I Rames per krimin u arrestua pas nj\u00eb operacioni t\u00eb zhvilluar nga Policia, n\u00eb kuad\u00ebr t\u00eb hetimeve t\u00eb SPAK p\u00ebr dosjen e AKSHI-t.<\/span><\/p>\n<p style=\"margin: 0in; margin-bottom: .0001pt; background: white;\"><span style=\"font-size: 11.0pt; color: #0d0d0d;\">Agasi ishte shpallur n\u00eb k\u00ebrkim q\u00eb n\u00eb muajin dhjetor dhe u lokalizua fillimisht n\u00eb Elbasan, nd\u00ebrsa po udh\u00ebtonte drejt Durr\u00ebsit. Policia nd\u00ebrhyri n\u00eb zon\u00ebn e Plepave, ku b\u00ebri t\u00eb mundur arrestimin e tij. N\u00eb operacion mor\u00ebn pjes\u00eb edhe forca t\u00eb RENEA-s dhe FNSH-s\u00eb.<\/span><\/p>\n<p style=\"margin: 0in; margin-bottom: .0001pt; background: white;\"><span style=\"font-size: 11.0pt; color: #0d0d0d;\">\u00a0<\/span><span style=\"font-size: 11.0pt; color: #0d0d0d;\">Bashk\u00eb me Agasin u arrestua edhe ish-efektivi i policis\u00eb Uljan Shpataraku.<\/span><span style=\"font-size: 11.0pt; color: #0d0d0d;\">Agasi p\u00ebrballet me akuza t\u00eb lidhura me hetimin p\u00ebr tender\u00ebt e AKSHI-t. <\/span><\/p>\n<p style=\"margin: 0in; margin-bottom: .0001pt; background: white;\"><strong><span style=\"font-size: 11.0pt; color: #0d0d0d;\">\u00a0<\/span><\/strong><\/p>\n<p style=\"margin: 0in; margin-bottom: .0001pt; background: white;\"><strong><span style=\"font-size: 11.0pt; font-family: 'Segoe UI',sans-serif; color: #0d0d0d; background: white;\">\u00c7<\/span><span style=\"font-size: 11.0pt; color: #0d0d0d;\">far\u00eb ndodhi n\u00eb momentin e arrestimit?<\/span><\/strong><\/p>\n<p style=\"margin: 0in; margin-bottom: .0001pt; background: white;\"><span style=\"font-size: 11.0pt; color: #0d0d0d;\">\u00a0<\/span><\/p>\n<p style=\"margin: 0in; margin-bottom: .0001pt; background: white;\"><span style=\"font-size: 11.0pt; color: #0d0d0d;\">Agasi kishte menduar se do ta kalonte leht\u00eb k\u00ebt\u00eb operacion t\u00eb policis\u00eb. Ai I ka ofenduar fillimisht polic\u00ebt duke menduar se pasi ata ta njihnin se kush ishte do ta linin q\u00eb t\u00eb largohej. N\u00eb momentet e para ai \u00ebsht\u00eb p\u00ebrpjekur q\u00eb t\u00eb largohet. Kur polic\u00ebt kan\u00eb par\u00eb p\u00ebrpjekjen e tij p\u00ebr ti ikur ndalimit, ata kan\u00eb nxjerr\u00eb arm\u00ebt dhe ja kan\u00eb drejtuar Agasit dhe shoferit t\u00eb tij, Shpataraku. <\/span><\/p>\n<p style=\"margin: 0in; margin-bottom: .0001pt; background: white;\"><span style=\"font-size: 11.0pt; color: #0d0d0d;\">\u00a0<\/span><\/p>\n<p style=\"margin: 0in; margin-bottom: .0001pt; background: white;\"><span style=\"font-size: 11.0pt; color: #0d0d0d;\">Agasi dhe Shpataraku kan\u00eb par\u00eb se nuk ishte m\u00eb nj\u00eb operacion rast\u00ebsor i policis\u00eb. Ata jan\u00eb detyruar ti n\u00ebnshrohen urdhrave t\u00eb polic\u00ebve. N\u00eb videon e shp\u00ebrndar\u00eb nga policia nuk tregohet momenti i par\u00eb i p\u00ebrplasjes mes Agasit dhe polic\u00ebve, por tregohet momenti pasi Agasi nxirret nga makina. Pse nuk del n\u00eb video ky moment? Sepse kan\u00eb dashur t\u00eb fshijn\u00eb p\u00ebrplasjen q\u00eb kan\u00eb pasur n\u00eb momentin e par\u00eb.<\/span><\/p>\n<p style=\"margin: 0in; margin-bottom: .0001pt; background: white;\"><span style=\"font-size: 11.0pt; color: #0d0d0d;\">\u00a0<\/span><\/p>\n<p style=\"margin: 0in; margin-bottom: .0001pt; background: white;\"><span style=\"font-size: 11.0pt; color: #0d0d0d;\">Operacioni ka qen\u00eb I koordinuar n\u00eb fsheht\u00ebsi. N\u00eb makinin e Agasit ishte v\u00ebn\u00eb gjurmues. Shumica e polic\u00ebve q\u00eb kan\u00eb ekzekutuar urdhrin nuk e dinin se k\u00eb do t\u00eb ndalonin. Ata ishin thirrur aty p\u00ebr nj\u00eb kontroll rutin\u00eb. Vet\u00ebm dy nga drejtuesit e policis\u00eb kishin dijeni p\u00ebr planin. Arsyeja pse pjesa tjet\u00ebr e grupit nuk kishte informacion lidhet me frik\u00ebn se operacioni do t\u00eb dekonspirohej\/ <strong>RD<\/strong><\/span><\/p>\n<p style=\"margin: 0in; margin-bottom: .0001pt; background: white;\">\n","protected":false},"excerpt":{"rendered":"<p>Ergys Agasi, koordinatori I Rames per krimin u arrestua pas nj\u00eb operacioni t\u00eb zhvilluar nga Policia, n\u00eb kuad\u00ebr t\u00eb hetimeve t\u00eb SPAK p\u00ebr dosjen e AKSHI-t. Agasi ishte shpallur n\u00eb k\u00ebrkim q\u00eb n\u00eb muajin dhjetor dhe u lokalizua fillimisht n\u00eb Elbasan, nd\u00ebrsa po udh\u00ebtonte drejt Durr\u00ebsit. Policia nd\u00ebrhyri n\u00eb zon\u00ebn e Plepave, ku b\u00ebri t\u00eb &hellip;<\/p>\n","protected":false},"author":3,"featured_media":152362,"comment_status":"closed","ping_status":"closed","sticky":false,"template":"","format":"standard","meta":{"footnotes":""},"categories":[37],"tags":[],"class_list":["post-152361","post","type-post","status-publish","format-standard","has-post-thumbnail","","category-politike"],"_links":{"self":[{"href":"https:\/\/rdnews.al\/index.php\/wp-json\/wp\/v2\/posts\/152361","targetHints":{"allow":["GET"]}}],"collection":[{"href":"https:\/\/rdnews.al\/index.php\/wp-json\/wp\/v2\/posts"}],"about":[{"href":"https:\/\/rdnews.al\/index.php\/wp-json\/wp\/v2\/types\/post"}],"author":[{"embeddable":true,"href":"https:\/\/rdnews.al\/index.php\/wp-json\/wp\/v2\/users\/3"}],"replies":[{"embeddable":true,"href":"https:\/\/rdnews.al\/index.php\/wp-json\/wp\/v2\/comments?post=152361"}],"version-history":[{"count":5,"href":"https:\/\/rdnews.al\/index.php\/wp-json\/wp\/v2\/posts\/152361\/revisions"}],"predecessor-version":[{"id":152367,"href":"https:\/\/rdnews.al\/index.php\/wp-json\/wp\/v2\/posts\/152361\/revisions\/152367"}],"wp:featuredmedia":[{"embeddable":true,"href":"https:\/\/rdnews.al\/index.php\/wp-json\/wp\/v2\/media\/152362"}],"wp:attachment":[{"href":"https:\/\/rdnews.al\/index.php\/wp-json\/wp\/v2\/media?parent=152361"}],"wp:term":[{"taxonomy":"category","embeddable":true,"href":"https:\/\/rdnews.al\/index.php\/wp-json\/wp\/v2\/categories?post=152361"},{"taxonomy":"post_tag","embeddable":true,"href":"https:\/\/rdnews.al\/index.php\/wp-json\/wp\/v2\/tags?post=152361"}],"curies":[{"name":"wp","href":"https:\/\/api.w.org\/{rel}","templated":true}]}}