{"id":152368,"date":"2026-09-01T20:40:17","date_gmt":"2026-09-01T20:40:17","guid":{"rendered":"https:\/\/rdnews.al\/?p=152368"},"modified":"2026-09-01T21:15:43","modified_gmt":"2026-09-01T21:15:43","slug":"dy-ore-i-rrethuar-rama-del-nga-ngujimi-i-shoqeruar-nga-320-roje-dhe-polica","status":"publish","type":"post","link":"https:\/\/rdnews.al\/index.php\/2026\/09\/01\/dy-ore-i-rrethuar-rama-del-nga-ngujimi-i-shoqeruar-nga-320-roje-dhe-polica\/","title":{"rendered":"Dy or\u00eb i rrethuar\/ Rama del nga ngujimi i shoq\u00ebruar nga 320 roje dhe polica"},"content":{"rendered":"<p>Pas rreth dy or\u00ebsh i bllokuar n\u00eb zyr\u00eb pasi protestuesit bllokuan hyrjet e Kryeministris\u00eb, Edi Rama \u00ebsht\u00eb larguar nga godina n\u00ebn masa t\u00eb rrepta sigurie dhe i shoq\u00ebruar nga 320 roje dhe polica.<\/p>\n<p>Ka qen\u00eb momenti kur protestuesit kan\u00eb nisur marshimin n\u00eb rrug\u00ebt e Tiran\u00ebs, q\u00eb \u00ebsht\u00eb shfryt\u00ebzuar p\u00ebr largimin e kreut t\u00eb qeveris\u00eb nga zyra.<\/p>\n<p>Me flamuj komb\u00ebtar\u00eb, pankarta dhe simbolet e \u201cRevolucionit Flamingo\u201d, qytetar\u00ebt kan\u00eb q\u00ebndruar p\u00ebrball\u00eb godin\u00ebs q\u00eb nga ora 20:00, nd\u00ebrsa thirrjet kund\u00ebr qeveris\u00eb kan\u00eb vijuar gjat\u00eb gjith\u00eb mbr\u00ebmjes.<\/p>\n<p>\u201cK\u00ebtu vendosim ne!\u201d, \u201cRama ik!\u201d dhe \u201cRama diktator!\u201d kan\u00eb qen\u00eb disa prej thirrjeve t\u00eb protestuesve.<\/p>\n<p>N\u00eb terren jan\u00eb angazhuar forca t\u00eb shumta t\u00eb Policis\u00eb s\u00eb Shtetit dhe FNSH-s\u00eb, t\u00eb cilat kan\u00eb krijuar nj\u00eb kordon sigurie rreth godin\u00ebs. Situata \u00ebsht\u00eb tensionuar n\u00eb disa momente, nd\u00ebrsa efektiv\u00ebt kan\u00eb tentuar t\u00eb largojn\u00eb protestuesit nga hyrjet e Kryeministris\u00eb.<\/p>\n<p>N\u00eb k\u00ebto kushte, l\u00ebvizja e kryeministrit nga godina \u00ebsht\u00eb shoq\u00ebruar me masa t\u00eb rrepta sigurie. Pamjet e siguruara nga protesta tregojn\u00eb momentin kur eskorta e Ram\u00ebs largohet nga zona, nd\u00ebrsa prania e madhe e forcave t\u00eb siguris\u00eb siguron kalimin.<\/p>\n","protected":false},"excerpt":{"rendered":"<p>Pas rreth dy or\u00ebsh i bllokuar n\u00eb zyr\u00eb pasi protestuesit bllokuan hyrjet e Kryeministris\u00eb, Edi Rama \u00ebsht\u00eb larguar nga godina n\u00ebn masa t\u00eb rrepta sigurie dhe i shoq\u00ebruar nga 320 roje dhe polica. Ka qen\u00eb momenti kur protestuesit kan\u00eb nisur marshimin n\u00eb rrug\u00ebt e Tiran\u00ebs, q\u00eb \u00ebsht\u00eb shfryt\u00ebzuar p\u00ebr largimin e kreut t\u00eb qeveris\u00eb nga &hellip;<\/p>\n","protected":false},"author":3,"featured_media":152369,"comment_status":"closed","ping_status":"closed","sticky":false,"template":"","format":"standard","meta":{"footnotes":""},"categories":[37],"tags":[],"class_list":["post-152368","post","type-post","status-publish","format-standard","has-post-thumbnail","","category-politike"],"_links":{"self":[{"href":"https:\/\/rdnews.al\/index.php\/wp-json\/wp\/v2\/posts\/152368","targetHints":{"allow":["GET"]}}],"collection":[{"href":"https:\/\/rdnews.al\/index.php\/wp-json\/wp\/v2\/posts"}],"about":[{"href":"https:\/\/rdnews.al\/index.php\/wp-json\/wp\/v2\/types\/post"}],"author":[{"embeddable":true,"href":"https:\/\/rdnews.al\/index.php\/wp-json\/wp\/v2\/users\/3"}],"replies":[{"embeddable":true,"href":"https:\/\/rdnews.al\/index.php\/wp-json\/wp\/v2\/comments?post=152368"}],"version-history":[{"count":3,"href":"https:\/\/rdnews.al\/index.php\/wp-json\/wp\/v2\/posts\/152368\/revisions"}],"predecessor-version":[{"id":152379,"href":"https:\/\/rdnews.al\/index.php\/wp-json\/wp\/v2\/posts\/152368\/revisions\/152379"}],"wp:featuredmedia":[{"embeddable":true,"href":"https:\/\/rdnews.al\/index.php\/wp-json\/wp\/v2\/media\/152369"}],"wp:attachment":[{"href":"https:\/\/rdnews.al\/index.php\/wp-json\/wp\/v2\/media?parent=152368"}],"wp:term":[{"taxonomy":"category","embeddable":true,"href":"https:\/\/rdnews.al\/index.php\/wp-json\/wp\/v2\/categories?post=152368"},{"taxonomy":"post_tag","embeddable":true,"href":"https:\/\/rdnews.al\/index.php\/wp-json\/wp\/v2\/tags?post=152368"}],"curies":[{"name":"wp","href":"https:\/\/api.w.org\/{rel}","templated":true}]}}