{"id":152372,"date":"2026-09-01T20:52:57","date_gmt":"2026-09-01T20:52:57","guid":{"rendered":"https:\/\/rdnews.al\/?p=152372"},"modified":"2026-09-01T20:53:10","modified_gmt":"2026-09-01T20:53:10","slug":"veliaj-poshteron-ramen-i-shkarkon-njerezit-e-tij-nga-bashkia-dhe-vendos-te-vetet","status":"publish","type":"post","link":"https:\/\/rdnews.al\/index.php\/2026\/09\/01\/veliaj-poshteron-ramen-i-shkarkon-njerezit-e-tij-nga-bashkia-dhe-vendos-te-vetet\/","title":{"rendered":"Veliaj posht\u00ebron Ram\u00ebn\/ I shkarkon njer\u00ebzit e tij nga Bashkia dhe vendos t\u00eb vet\u00ebt"},"content":{"rendered":"<p class=\"chapo\">Pas mb\u00ebshtetjes nga Soros, Veliaj po posht\u00ebron publikisht Ram\u00ebn nga qelia duke i larguar t\u00eb gjith\u00eb njer\u00ebzit e tij dhe duke vendosur n\u00eb krye njer\u00ebzit e vet.<\/p>\n<p class=\"chapo\">Zhvillime t\u00eb reja po ndodhin n\u00eb strukturat drejtuese t\u00eb Bashkis\u00eb s\u00eb Tiran\u00ebs. Pas vendimit t\u00eb kryebashkiakut Erion Veliaj p\u00ebr shkarkimin nga detyra t\u00eb Anuela Ristanit, e cila mbante postin e kryetares s\u00eb komanduar, Sekretari i P\u00ebrgjithsh\u00ebm i k\u00ebtij institucioni, Eldi Hoxha, ka paraqitur dor\u00ebheqjen.<\/p>\n<p>Ristani e cila njihej si e besuara e Ram\u00ebs n\u00eb bashki u shkarkua pak dit\u00eb m\u00eb par\u00eb nga Veliaj. Kryebashkiaku i burgosur i ka b\u00ebr\u00eb, sot, nj\u00eb tjet\u00ebr sfid\u00eb Ram\u00ebs duke rikthyer n\u00eb detyr\u00eb Alban Dokushin, i cili ishte shkarkuar nga detyra q\u00eb mbante n\u00eb bashki me urdh\u00ebr t\u00eb Ram\u00ebs.<\/p>\n<p>Largimi i Eldi Hoxh\u00ebs vjen menj\u00ebher\u00eb pas ndryshimeve t\u00eb nd\u00ebrmarra nga drejtuesi i Bashkis\u00eb s\u00eb Tiran\u00ebs.<\/p>\n<p>Pas dor\u00ebheqjes s\u00eb Hoxh\u00ebs, kryebashkiaku Erion Veliaj ka komanduar n\u00eb pozicionin e Sekretarit t\u00eb P\u00ebrgjithsh\u00ebm Alban Dokushin.<\/p>\n<p>Dokushi \u00ebsht\u00eb rikthyer m\u00eb her\u00ebt n\u00eb k\u00ebt\u00eb detyr\u00eb pas nj\u00eb vendimi gjyq\u00ebsor q\u00eb e konsideroi t\u00eb paligjsh\u00ebm shkarkimin e tij dhe urdh\u00ebroi rikthimin n\u00eb postin e Sekretarit t\u00eb P\u00ebrgjithsh\u00ebm.<\/p>\n","protected":false},"excerpt":{"rendered":"<p>Pas mb\u00ebshtetjes nga Soros, Veliaj po posht\u00ebron publikisht Ram\u00ebn nga qelia duke i larguar t\u00eb gjith\u00eb njer\u00ebzit e tij dhe duke vendosur n\u00eb krye njer\u00ebzit e vet. Zhvillime t\u00eb reja po ndodhin n\u00eb strukturat drejtuese t\u00eb Bashkis\u00eb s\u00eb Tiran\u00ebs. Pas vendimit t\u00eb kryebashkiakut Erion Veliaj p\u00ebr shkarkimin nga detyra t\u00eb Anuela Ristanit, e cila mbante &hellip;<\/p>\n","protected":false},"author":3,"featured_media":152373,"comment_status":"closed","ping_status":"closed","sticky":false,"template":"","format":"standard","meta":{"footnotes":""},"categories":[37],"tags":[],"class_list":["post-152372","post","type-post","status-publish","format-standard","has-post-thumbnail","","category-politike"],"_links":{"self":[{"href":"https:\/\/rdnews.al\/index.php\/wp-json\/wp\/v2\/posts\/152372","targetHints":{"allow":["GET"]}}],"collection":[{"href":"https:\/\/rdnews.al\/index.php\/wp-json\/wp\/v2\/posts"}],"about":[{"href":"https:\/\/rdnews.al\/index.php\/wp-json\/wp\/v2\/types\/post"}],"author":[{"embeddable":true,"href":"https:\/\/rdnews.al\/index.php\/wp-json\/wp\/v2\/users\/3"}],"replies":[{"embeddable":true,"href":"https:\/\/rdnews.al\/index.php\/wp-json\/wp\/v2\/comments?post=152372"}],"version-history":[{"count":2,"href":"https:\/\/rdnews.al\/index.php\/wp-json\/wp\/v2\/posts\/152372\/revisions"}],"predecessor-version":[{"id":152375,"href":"https:\/\/rdnews.al\/index.php\/wp-json\/wp\/v2\/posts\/152372\/revisions\/152375"}],"wp:featuredmedia":[{"embeddable":true,"href":"https:\/\/rdnews.al\/index.php\/wp-json\/wp\/v2\/media\/152373"}],"wp:attachment":[{"href":"https:\/\/rdnews.al\/index.php\/wp-json\/wp\/v2\/media?parent=152372"}],"wp:term":[{"taxonomy":"category","embeddable":true,"href":"https:\/\/rdnews.al\/index.php\/wp-json\/wp\/v2\/categories?post=152372"},{"taxonomy":"post_tag","embeddable":true,"href":"https:\/\/rdnews.al\/index.php\/wp-json\/wp\/v2\/tags?post=152372"}],"curies":[{"name":"wp","href":"https:\/\/api.w.org\/{rel}","templated":true}]}}