{"id":152376,"date":"2026-09-01T20:58:59","date_gmt":"2026-09-01T20:58:59","guid":{"rendered":"https:\/\/rdnews.al\/?p=152376"},"modified":"2026-09-01T20:59:17","modified_gmt":"2026-09-01T20:59:17","slug":"dhuna-ndaj-protestuesve-e-patolerueshme-berisha-kerkon-lirimin-e-menjehershem-te-protestuesve-te-arrestuar","status":"publish","type":"post","link":"https:\/\/rdnews.al\/index.php\/2026\/09\/01\/dhuna-ndaj-protestuesve-e-patolerueshme-berisha-kerkon-lirimin-e-menjehershem-te-protestuesve-te-arrestuar\/","title":{"rendered":"Berisha k\u00ebrkon lirimin e menj\u00ebhersh\u00ebm t\u00eb protestuesve t\u00eb arrestuar"},"content":{"rendered":"<div class=\"x14z9mp xat24cr x1lziwak x1vvkbs xtlvy1s x126k92a\">\n<div dir=\"auto\">Reagimi i Partis\u00eb Demokratike<\/div>\n<div dir=\"auto\"><\/div>\n<div dir=\"auto\">Stop terrorit dhe dhun\u00ebs t\u00eb Padrinos ndaj protestuesve paq\u00ebsor!<\/div>\n<\/div>\n<div class=\"x14z9mp xat24cr x1lziwak x1vvkbs xtlvy1s x126k92a\">\n<div dir=\"auto\">Sonte Edi Rama provokoi r\u00ebnd\u00eb protestuesit paq\u00ebsor nga zyra e tij dhe urdh\u00ebroi narko-policin\u00eb t\u2019i sulmonte ata pa asnj\u00eb motiv me shkopinj, shkelma, topa uji dhe mjete t\u00eb tjera. Disa protestues u l\u00ebnduan me plag\u00eb nga dhuna policore, t\u00eb tjere u mor\u00ebn forc\u00ebrisht pa asnj\u00eb shkak n\u00eb rajonin e policis\u00eb.<\/div>\n<\/div>\n<div class=\"x14z9mp xat24cr x1lziwak x1vvkbs xtlvy1s x126k92a\">\n<div dir=\"auto\">Partia Demokratike duke shprehur solidaritetin e saj me protest\u00ebn rinore-qytetare, d\u00ebnon me forc\u00ebn m\u00eb t\u00eb madhe dhun\u00ebn e eg\u00ebr t\u00eb urdh\u00ebruar nga Padrino ndaj protestuesve dhe k\u00ebrkon lirimin e menj\u00ebhersh\u00ebm t\u00eb personave t\u00eb shoq\u00ebruar n\u00eb polici.<\/div>\n<\/div>\n","protected":false},"excerpt":{"rendered":"<p>Reagimi i Partis\u00eb Demokratike Stop terrorit dhe dhun\u00ebs t\u00eb Padrinos ndaj protestuesve paq\u00ebsor! Sonte Edi Rama provokoi r\u00ebnd\u00eb protestuesit paq\u00ebsor nga zyra e tij dhe urdh\u00ebroi narko-policin\u00eb t\u2019i sulmonte ata pa asnj\u00eb motiv me shkopinj, shkelma, topa uji dhe mjete t\u00eb tjera. Disa protestues u l\u00ebnduan me plag\u00eb nga dhuna policore, t\u00eb tjere u mor\u00ebn &hellip;<\/p>\n","protected":false},"author":3,"featured_media":152353,"comment_status":"closed","ping_status":"closed","sticky":false,"template":"","format":"standard","meta":{"footnotes":""},"categories":[37],"tags":[],"class_list":["post-152376","post","type-post","status-publish","format-standard","has-post-thumbnail","","category-politike"],"_links":{"self":[{"href":"https:\/\/rdnews.al\/index.php\/wp-json\/wp\/v2\/posts\/152376","targetHints":{"allow":["GET"]}}],"collection":[{"href":"https:\/\/rdnews.al\/index.php\/wp-json\/wp\/v2\/posts"}],"about":[{"href":"https:\/\/rdnews.al\/index.php\/wp-json\/wp\/v2\/types\/post"}],"author":[{"embeddable":true,"href":"https:\/\/rdnews.al\/index.php\/wp-json\/wp\/v2\/users\/3"}],"replies":[{"embeddable":true,"href":"https:\/\/rdnews.al\/index.php\/wp-json\/wp\/v2\/comments?post=152376"}],"version-history":[{"count":2,"href":"https:\/\/rdnews.al\/index.php\/wp-json\/wp\/v2\/posts\/152376\/revisions"}],"predecessor-version":[{"id":152378,"href":"https:\/\/rdnews.al\/index.php\/wp-json\/wp\/v2\/posts\/152376\/revisions\/152378"}],"wp:featuredmedia":[{"embeddable":true,"href":"https:\/\/rdnews.al\/index.php\/wp-json\/wp\/v2\/media\/152353"}],"wp:attachment":[{"href":"https:\/\/rdnews.al\/index.php\/wp-json\/wp\/v2\/media?parent=152376"}],"wp:term":[{"taxonomy":"category","embeddable":true,"href":"https:\/\/rdnews.al\/index.php\/wp-json\/wp\/v2\/categories?post=152376"},{"taxonomy":"post_tag","embeddable":true,"href":"https:\/\/rdnews.al\/index.php\/wp-json\/wp\/v2\/tags?post=152376"}],"curies":[{"name":"wp","href":"https:\/\/api.w.org\/{rel}","templated":true}]}}