{"id":152382,"date":"2026-09-02T08:11:19","date_gmt":"2026-09-02T08:11:19","guid":{"rendered":"https:\/\/rdnews.al\/?p=152382"},"modified":"2026-09-02T08:11:19","modified_gmt":"2026-09-02T08:11:19","slug":"14-protestues-te-arrestuar-aktivisti-mosbindja-civile-do-te-pershkallezohet-koha-e-fjaleve-ka-mbaruar","status":"publish","type":"post","link":"https:\/\/rdnews.al\/index.php\/2026\/09\/02\/14-protestues-te-arrestuar-aktivisti-mosbindja-civile-do-te-pershkallezohet-koha-e-fjaleve-ka-mbaruar\/","title":{"rendered":"14 protestues t\u00eb arrestuar: Aktivisti: Mosbindja civile do t\u00eb p\u00ebrshkall\u00ebzohet, koha e fjal\u00ebve ka mbaruar!"},"content":{"rendered":"<p>N\u00eb dit\u00ebn e 94-t t\u00eb protest\u00ebs qytetare para Kryeministris\u00eb, ku qytetar\u00ebt bllokuan p\u00ebr rreth dy or\u00eb n\u00eb zyr\u00eb Edi Ram\u00ebn, policia ka arrestuar 14 persona dhe ka proceduar penalisht 3 t\u00eb tjer\u00eb.<\/p>\n<p>T\u00eb arrestuarit jan\u00eb: Dritan Goxhaj, Junik Matoshi, Edison Lika, Erlind Almeta, Sokol Bushi, Lulzim Gjini, Valtion Shameti, Florian Manarkolli, Desiderjo Alimucaj, Bora Mitrovica, Arvina Lleshi, Ylli Brahaj, Arben Kola dhe Aumiraldi Dalliu.<\/p>\n<p>Aktivisti Andi Tepelena duke folur p\u00ebr SYRI TV ka paralajm\u00ebruar p\u00ebrshkall\u00ebzimin e mosbindjes civile dhe duke u b\u00ebr\u00eb thirrje qytetar\u00ebve t&#8217;i bashkohen protest\u00ebs.<\/p>\n<p>Tepelena ka treguar se tensionet pran\u00eb Kryeministris\u00eb nis\u00ebn pasi protestuesit u njoftuan p\u00ebr pranin\u00eb e kryeministrit Edi Rama n\u00eb godin\u00eb.<\/p>\n<p>Sipas tij, disa aktivist\u00eb jan\u00eb drejtuar drejt hyrjes s\u00eb Kryeministris\u00eb p\u00ebr t&#8217;u p\u00ebrballur me eskort\u00ebn e kryeministrit, nd\u00ebrsa m\u00eb pas shumica e protestuesve kan\u00eb ndryshuar drejtimin dhe jan\u00eb mbledhur pran\u00eb godin\u00ebs.<\/p>\n<p>Sipas Tepelen\u00ebs, zhvillimet e s\u00eb mart\u00ebs ishin pjes\u00eb e nj\u00eb strategjie t\u00eb paralajm\u00ebruar nga aktivist\u00ebt p\u00ebr fillimin e shtatorit. Ai deklaroi se protesta qytetare do t\u00eb hyj\u00eb n\u00eb nj\u00eb faz\u00eb t\u00eb re, me p\u00ebrshkall\u00ebzim t\u00eb mosbindjes civile.<\/p>\n<p>Aktivisti u b\u00ebri thirrje qytetar\u00ebve shqiptar\u00eb q\u00eb t&#8217;i bashkohen protest\u00ebs dhe t\u00eb marrin pjes\u00eb n\u00eb aksionet e ardhshme qytetare.<\/p>\n<p>\u2018Na njoftuan q\u00eb Rama kishte hyr\u00eb n\u00eb Kryeministri, disa nga aktivist\u00ebt, k\u00ebshtu q\u00eb n\u00eb at\u00eb moment disa shkuan p\u00ebr t&#8217;i dal\u00eb p\u00ebrpara, p\u00ebr t&#8217;u p\u00ebrballur direkt me eskort\u00ebn e Kryeministrit.<\/p>\n<p>E nga ai moment, pjesa, shumica d\u00ebrrmuese e protestuesve q\u00eb ishin drejtuar si zakonisht tek qendra e z\u00ebrit, u drejtuan rreth tek hyrja e Kryeministris\u00eb. Dhe filloi patjet\u00ebr p\u00ebrplasja me forcat e policis\u00eb, disa u godit\u00ebn nga protestuesit.<\/p>\n<p>K\u00ebshtu q\u00eb ishte nj\u00eb l\u00ebvizje t\u00eb cil\u00ebn ne e kishim parashikuar n\u00eb fillimin e shtatorit p\u00ebr p\u00ebrshkall\u00ebzimin e mosbindjes civile. Po kjo ishte edhe nj\u00eb shenj\u00eb q\u00eb mosbindja civile do filloj\u00eb t\u00eb p\u00ebrshkall\u00ebzohet edhe m\u00eb shum\u00eb.<\/p>\n<p>P\u00ebrfitoj nga rasti q\u00eb t&#8217;i b\u00ebj thirrje t\u00eb gjith\u00eb shqiptar\u00ebve t&#8217;i bashkohemi protest\u00ebs, t\u00eb p\u00ebrshkall\u00ebzojm\u00eb mosbindjen civile, deri n\u00eb dor\u00ebzimin pa kushte t\u00eb Kryeministrit Rama. Rrug\u00eb tjet\u00ebr nuk ka, koha e fjal\u00ebve ka mbaruar, koha e fjalimeve ka mbaruar.<\/p>\n<p>\u00cbsht\u00eb th\u00ebn\u00eb gjith\u00e7ka, shqiptar\u00ebt kan\u00eb th\u00ebn\u00eb gjith\u00e7ka. \u00cbsht\u00eb momenti q\u00eb t\u00eb dalin nga sht\u00ebpia, t\u00eb l\u00ebn\u00eb njer\u00ebzit rehatin\u00eb e t&#8217;i kthehen protest\u00ebs, derisa t\u00eb rrethohet n\u00eb m\u00ebnyr\u00eb demokratike Kryeministria dhe Kryeministri t\u00eb largohet nga zyra e tij.\u2019, u shpreh Andi Tepelena.<\/p>\n","protected":false},"excerpt":{"rendered":"<p>N\u00eb dit\u00ebn e 94-t t\u00eb protest\u00ebs qytetare para Kryeministris\u00eb, ku qytetar\u00ebt bllokuan p\u00ebr rreth dy or\u00eb n\u00eb zyr\u00eb Edi Ram\u00ebn, policia ka arrestuar 14 persona dhe ka proceduar penalisht 3 t\u00eb tjer\u00eb. T\u00eb arrestuarit jan\u00eb: Dritan Goxhaj, Junik Matoshi, Edison Lika, Erlind Almeta, Sokol Bushi, Lulzim Gjini, Valtion Shameti, Florian Manarkolli, Desiderjo Alimucaj, Bora Mitrovica, &hellip;<\/p>\n","protected":false},"author":4,"featured_media":152383,"comment_status":"closed","ping_status":"closed","sticky":false,"template":"","format":"standard","meta":{"footnotes":""},"categories":[37],"tags":[],"class_list":["post-152382","post","type-post","status-publish","format-standard","has-post-thumbnail","","category-politike"],"_links":{"self":[{"href":"https:\/\/rdnews.al\/index.php\/wp-json\/wp\/v2\/posts\/152382","targetHints":{"allow":["GET"]}}],"collection":[{"href":"https:\/\/rdnews.al\/index.php\/wp-json\/wp\/v2\/posts"}],"about":[{"href":"https:\/\/rdnews.al\/index.php\/wp-json\/wp\/v2\/types\/post"}],"author":[{"embeddable":true,"href":"https:\/\/rdnews.al\/index.php\/wp-json\/wp\/v2\/users\/4"}],"replies":[{"embeddable":true,"href":"https:\/\/rdnews.al\/index.php\/wp-json\/wp\/v2\/comments?post=152382"}],"version-history":[{"count":1,"href":"https:\/\/rdnews.al\/index.php\/wp-json\/wp\/v2\/posts\/152382\/revisions"}],"predecessor-version":[{"id":152384,"href":"https:\/\/rdnews.al\/index.php\/wp-json\/wp\/v2\/posts\/152382\/revisions\/152384"}],"wp:featuredmedia":[{"embeddable":true,"href":"https:\/\/rdnews.al\/index.php\/wp-json\/wp\/v2\/media\/152383"}],"wp:attachment":[{"href":"https:\/\/rdnews.al\/index.php\/wp-json\/wp\/v2\/media?parent=152382"}],"wp:term":[{"taxonomy":"category","embeddable":true,"href":"https:\/\/rdnews.al\/index.php\/wp-json\/wp\/v2\/categories?post=152382"},{"taxonomy":"post_tag","embeddable":true,"href":"https:\/\/rdnews.al\/index.php\/wp-json\/wp\/v2\/tags?post=152382"}],"curies":[{"name":"wp","href":"https:\/\/api.w.org\/{rel}","templated":true}]}}