{"id":152392,"date":"2026-09-02T08:22:40","date_gmt":"2026-09-02T08:22:40","guid":{"rendered":"https:\/\/rdnews.al\/?p=152392"},"modified":"2026-09-02T10:09:33","modified_gmt":"2026-09-02T10:09:33","slug":"eksperti-ne-sistemin-tims-ergys-agasi-figuronte-jashte-shqiperise","status":"publish","type":"post","link":"https:\/\/rdnews.al\/index.php\/2026\/09\/02\/eksperti-ne-sistemin-tims-ergys-agasi-figuronte-jashte-shqiperise\/","title":{"rendered":"Eksperti: N\u00eb sistemin TIMS, Ergys Agasi figuronte jasht\u00eb Shqip\u00ebris\u00eb!"},"content":{"rendered":"<p>Eksperti Ervin Karamu\u00e7o solli n\u00eb Erla Now detaje nga arrestimi i Ergys Agasit.<\/p>\n<p>Ai tha se \u201cErgys Agasi figuron ende n\u00eb TIMS q\u00eb \u00ebsht\u00eb jasht\u00eb Shqip\u00ebris\u00eb, pavar\u00ebsisht se kishte t\u00eb dh\u00ebna q\u00eb ishte brenda Shqip\u00ebris\u00eb.<\/p>\n<p>Si\u00e7 e p\u00ebrmendi edhe vet\u00eb avokati, TIMS-i i fundit\u2026 un\u00eb po t\u00eb them \u00e7far\u00eb rezulton virtualisht, jo fizikisht: ka qen\u00eb n\u00eb nj\u00eb udh\u00ebtim n\u00eb Zvic\u00ebr. Aty ka humbur t\u00eb gjitha gjurm\u00ebt dhe m\u00eb pastaj nuk dihej: nga Zvicra ka ardhur s\u00ebrish n\u00eb Shqip\u00ebri, si ka ardhur, ka vajtur n\u00eb nj\u00eb vend tjet\u00ebr e k\u00ebshtu me radh\u00eb.<\/p>\n<p>Dhe prej 8 muajsh \u00ebsht\u00eb shpallur n\u00eb k\u00ebrkim komb\u00ebtar e nd\u00ebrkomb\u00ebtar dhe jan\u00eb b\u00ebr\u00eb t\u00eb gjitha llojet e veprimeve p\u00ebr ta lokalizuar\u201d, tha Karamu\u00e7o.<\/p>\n<p>Ai shtoi se informacioni p\u00ebr vendodhjen e tij ka ardhur nga BKH-ja p\u00ebr akset rrugore dhe vendet nga l\u00ebvizte ky person, dhe pastaj ia kan\u00eb l\u00ebn\u00eb k\u00ebt\u00eb forcave operacionale t\u00eb Policis\u00eb s\u00eb Shtetit p\u00ebr ta ndjekur.<\/p>\n<p>&nbsp;<\/p>\n","protected":false},"excerpt":{"rendered":"<p>Eksperti Ervin Karamu\u00e7o solli n\u00eb Erla Now detaje nga arrestimi i Ergys Agasit. Ai tha se \u201cErgys Agasi figuron ende n\u00eb TIMS q\u00eb \u00ebsht\u00eb jasht\u00eb Shqip\u00ebris\u00eb, pavar\u00ebsisht se kishte t\u00eb dh\u00ebna q\u00eb ishte brenda Shqip\u00ebris\u00eb. Si\u00e7 e p\u00ebrmendi edhe vet\u00eb avokati, TIMS-i i fundit\u2026 un\u00eb po t\u00eb them \u00e7far\u00eb rezulton virtualisht, jo fizikisht: ka qen\u00eb &hellip;<\/p>\n","protected":false},"author":4,"featured_media":152019,"comment_status":"closed","ping_status":"closed","sticky":false,"template":"","format":"standard","meta":{"footnotes":""},"categories":[37,40],"tags":[],"class_list":["post-152392","post","type-post","status-publish","format-standard","has-post-thumbnail","","category-politike","category-aktualitet"],"_links":{"self":[{"href":"https:\/\/rdnews.al\/index.php\/wp-json\/wp\/v2\/posts\/152392","targetHints":{"allow":["GET"]}}],"collection":[{"href":"https:\/\/rdnews.al\/index.php\/wp-json\/wp\/v2\/posts"}],"about":[{"href":"https:\/\/rdnews.al\/index.php\/wp-json\/wp\/v2\/types\/post"}],"author":[{"embeddable":true,"href":"https:\/\/rdnews.al\/index.php\/wp-json\/wp\/v2\/users\/4"}],"replies":[{"embeddable":true,"href":"https:\/\/rdnews.al\/index.php\/wp-json\/wp\/v2\/comments?post=152392"}],"version-history":[{"count":2,"href":"https:\/\/rdnews.al\/index.php\/wp-json\/wp\/v2\/posts\/152392\/revisions"}],"predecessor-version":[{"id":152394,"href":"https:\/\/rdnews.al\/index.php\/wp-json\/wp\/v2\/posts\/152392\/revisions\/152394"}],"wp:featuredmedia":[{"embeddable":true,"href":"https:\/\/rdnews.al\/index.php\/wp-json\/wp\/v2\/media\/152019"}],"wp:attachment":[{"href":"https:\/\/rdnews.al\/index.php\/wp-json\/wp\/v2\/media?parent=152392"}],"wp:term":[{"taxonomy":"category","embeddable":true,"href":"https:\/\/rdnews.al\/index.php\/wp-json\/wp\/v2\/categories?post=152392"},{"taxonomy":"post_tag","embeddable":true,"href":"https:\/\/rdnews.al\/index.php\/wp-json\/wp\/v2\/tags?post=152392"}],"curies":[{"name":"wp","href":"https:\/\/api.w.org\/{rel}","templated":true}]}}