{"id":152395,"date":"2026-09-02T08:26:47","date_gmt":"2026-09-02T08:26:47","guid":{"rendered":"https:\/\/rdnews.al\/?p=152395"},"modified":"2026-09-02T08:27:31","modified_gmt":"2026-09-02T08:27:31","slug":"bardhi-denon-dhunen-e-policise-ndaj-protestuesve-kur-pushteti-nuk-ka-me-argumente-perdor-forcen","status":"publish","type":"post","link":"https:\/\/rdnews.al\/index.php\/2026\/09\/02\/bardhi-denon-dhunen-e-policise-ndaj-protestuesve-kur-pushteti-nuk-ka-me-argumente-perdor-forcen\/","title":{"rendered":"Bardhi d\u00ebnon dhun\u00ebn e Policis\u00eb ndaj protestuesve: Kur pushteti nuk ka m\u00eb argumente, p\u00ebrdor forc\u00ebn!"},"content":{"rendered":"<div id=\"rekl-49\">Kreu i grupit parlamentar t\u00eb PD, Gazment Bardhi ka reaguar pas dhun\u00ebs s\u00eb ushtruar nj\u00eb dit\u00eb m\u00eb par\u00eb nga policia gjat\u00eb protest\u00ebs ku k\u00ebrkohet dor\u00ebheqja e Edi Ram\u00ebs.<\/div>\n<div class=\"readmore-text-here\">\n<p><strong>Reagimi<\/strong><\/p>\n<p>95 dit\u00eb protest\u00eb. 95 dit\u00eb rezistenc\u00eb. Dhe p\u00ebrgjigjja e qeveris\u00eb? Dhun\u00eb dhe polici!<\/p>\n<p>Kur nj\u00eb pushtet nuk ka m\u00eb argumente, p\u00ebrdor forc\u00ebn. Kur nuk d\u00ebgjon m\u00eb qytetar\u00ebt, p\u00ebrpiqet t\u2019i tremb\u00eb. Por qytetar\u00ebt nuk tremben.\u00a0 Nj\u00eb protest\u00eb nuk t\u00ebrhiqet zvarr\u00eb. Nj\u00eb e drejt\u00eb nuk arrestohet. Nj\u00eb popull nuk heshtet me dhun\u00eb.<\/p>\n<p>Ky nuk \u00ebsht\u00eb pushteti i forc\u00ebs. \u00cbsht\u00eb pushteti q\u00eb ka frik\u00eb nga qytetar\u00ebt. Dhe frika e nj\u00eb qeverie \u00ebsht\u00eb z\u00ebri i nj\u00eb populli q\u00eb nuk dor\u00ebzohet.\u00a0 D\u00ebnoj me forc\u00eb keqp\u00ebrdorimin e Policis\u00eb s\u00eb shtetit, dhun\u00ebn ndaj protestuesve dhe k\u00ebrkoj lirimim e menj\u00ebhersh\u00ebm t\u00eb 14 protestuesve t\u00eb arrestuar padrejt\u00ebsisht.<\/p>\n<p><iframe loading=\"lazy\" src=\"https:\/\/www.facebook.com\/plugins\/video.php?height=314&amp;href=https%3A%2F%2Fwww.facebook.com%2Freel%2F1103997562307976%2F&amp;show_text=false&amp;width=560&amp;t=0\" width=\"560\" height=\"314\" frameborder=\"0\" scrolling=\"no\" allowfullscreen=\"allowfullscreen\" data-mce-fragment=\"1\"><\/iframe><\/p>\n<\/div>\n","protected":false},"excerpt":{"rendered":"<p>Kreu i grupit parlamentar t\u00eb PD, Gazment Bardhi ka reaguar pas dhun\u00ebs s\u00eb ushtruar nj\u00eb dit\u00eb m\u00eb par\u00eb nga policia gjat\u00eb protest\u00ebs ku k\u00ebrkohet dor\u00ebheqja e Edi Ram\u00ebs. Reagimi 95 dit\u00eb protest\u00eb. 95 dit\u00eb rezistenc\u00eb. Dhe p\u00ebrgjigjja e qeveris\u00eb? Dhun\u00eb dhe polici! Kur nj\u00eb pushtet nuk ka m\u00eb argumente, p\u00ebrdor forc\u00ebn. Kur nuk d\u00ebgjon m\u00eb &hellip;<\/p>\n","protected":false},"author":4,"featured_media":152353,"comment_status":"closed","ping_status":"closed","sticky":false,"template":"","format":"standard","meta":{"footnotes":""},"categories":[37],"tags":[],"class_list":["post-152395","post","type-post","status-publish","format-standard","has-post-thumbnail","","category-politike"],"_links":{"self":[{"href":"https:\/\/rdnews.al\/index.php\/wp-json\/wp\/v2\/posts\/152395","targetHints":{"allow":["GET"]}}],"collection":[{"href":"https:\/\/rdnews.al\/index.php\/wp-json\/wp\/v2\/posts"}],"about":[{"href":"https:\/\/rdnews.al\/index.php\/wp-json\/wp\/v2\/types\/post"}],"author":[{"embeddable":true,"href":"https:\/\/rdnews.al\/index.php\/wp-json\/wp\/v2\/users\/4"}],"replies":[{"embeddable":true,"href":"https:\/\/rdnews.al\/index.php\/wp-json\/wp\/v2\/comments?post=152395"}],"version-history":[{"count":2,"href":"https:\/\/rdnews.al\/index.php\/wp-json\/wp\/v2\/posts\/152395\/revisions"}],"predecessor-version":[{"id":152397,"href":"https:\/\/rdnews.al\/index.php\/wp-json\/wp\/v2\/posts\/152395\/revisions\/152397"}],"wp:featuredmedia":[{"embeddable":true,"href":"https:\/\/rdnews.al\/index.php\/wp-json\/wp\/v2\/media\/152353"}],"wp:attachment":[{"href":"https:\/\/rdnews.al\/index.php\/wp-json\/wp\/v2\/media?parent=152395"}],"wp:term":[{"taxonomy":"category","embeddable":true,"href":"https:\/\/rdnews.al\/index.php\/wp-json\/wp\/v2\/categories?post=152395"},{"taxonomy":"post_tag","embeddable":true,"href":"https:\/\/rdnews.al\/index.php\/wp-json\/wp\/v2\/tags?post=152395"}],"curies":[{"name":"wp","href":"https:\/\/api.w.org\/{rel}","templated":true}]}}