{"id":152398,"date":"2026-09-02T08:44:21","date_gmt":"2026-09-02T08:44:21","guid":{"rendered":"https:\/\/rdnews.al\/?p=152398"},"modified":"2026-09-02T08:44:21","modified_gmt":"2026-09-02T08:44:21","slug":"merr-sot-detyren-ambasadorja-e-re-e-be-ne-tirane","status":"publish","type":"post","link":"https:\/\/rdnews.al\/index.php\/2026\/09\/02\/merr-sot-detyren-ambasadorja-e-re-e-be-ne-tirane\/","title":{"rendered":"Merr sot detyr\u00ebn ambasadorja e re e BE n\u00eb Tiran\u00eb"},"content":{"rendered":"<p>Ambasadorja e re e BE n\u00eb Tiran\u00eb, Sofia Moreira de Sousa dor\u00ebzon sot kredencialet tek Presidenti Bajram Begaj.<\/p>\n<p>Diplomatja portugeze do t\u00eb z\u00ebvend\u00ebsoje italianin Silvio Gonzato. M\u00eb her\u00ebt Moreira ka sh\u00ebrbyer si Drejtuese e P\u00ebrfaq\u00ebsis\u00eb s\u00eb Komisionit Evropian n\u00eb Portugali.<\/p>\n<p>Nd\u00ebr t\u00eb tjera ajo ka mbajtur edhe detyr\u00ebn e Ambasadore s\u00eb BE-s\u00eb n\u00eb Kepin e Gjelb\u00ebr.<\/p>\n","protected":false},"excerpt":{"rendered":"<p>Ambasadorja e re e BE n\u00eb Tiran\u00eb, Sofia Moreira de Sousa dor\u00ebzon sot kredencialet tek Presidenti Bajram Begaj. Diplomatja portugeze do t\u00eb z\u00ebvend\u00ebsoje italianin Silvio Gonzato. M\u00eb her\u00ebt Moreira ka sh\u00ebrbyer si Drejtuese e P\u00ebrfaq\u00ebsis\u00eb s\u00eb Komisionit Evropian n\u00eb Portugali. Nd\u00ebr t\u00eb tjera ajo ka mbajtur edhe detyr\u00ebn e Ambasadore s\u00eb BE-s\u00eb n\u00eb Kepin e &hellip;<\/p>\n","protected":false},"author":4,"featured_media":152399,"comment_status":"closed","ping_status":"closed","sticky":false,"template":"","format":"standard","meta":{"footnotes":""},"categories":[37],"tags":[],"class_list":["post-152398","post","type-post","status-publish","format-standard","has-post-thumbnail","","category-politike"],"_links":{"self":[{"href":"https:\/\/rdnews.al\/index.php\/wp-json\/wp\/v2\/posts\/152398","targetHints":{"allow":["GET"]}}],"collection":[{"href":"https:\/\/rdnews.al\/index.php\/wp-json\/wp\/v2\/posts"}],"about":[{"href":"https:\/\/rdnews.al\/index.php\/wp-json\/wp\/v2\/types\/post"}],"author":[{"embeddable":true,"href":"https:\/\/rdnews.al\/index.php\/wp-json\/wp\/v2\/users\/4"}],"replies":[{"embeddable":true,"href":"https:\/\/rdnews.al\/index.php\/wp-json\/wp\/v2\/comments?post=152398"}],"version-history":[{"count":1,"href":"https:\/\/rdnews.al\/index.php\/wp-json\/wp\/v2\/posts\/152398\/revisions"}],"predecessor-version":[{"id":152400,"href":"https:\/\/rdnews.al\/index.php\/wp-json\/wp\/v2\/posts\/152398\/revisions\/152400"}],"wp:featuredmedia":[{"embeddable":true,"href":"https:\/\/rdnews.al\/index.php\/wp-json\/wp\/v2\/media\/152399"}],"wp:attachment":[{"href":"https:\/\/rdnews.al\/index.php\/wp-json\/wp\/v2\/media?parent=152398"}],"wp:term":[{"taxonomy":"category","embeddable":true,"href":"https:\/\/rdnews.al\/index.php\/wp-json\/wp\/v2\/categories?post=152398"},{"taxonomy":"post_tag","embeddable":true,"href":"https:\/\/rdnews.al\/index.php\/wp-json\/wp\/v2\/tags?post=152398"}],"curies":[{"name":"wp","href":"https:\/\/api.w.org\/{rel}","templated":true}]}}