{"id":152401,"date":"2026-09-02T08:52:40","date_gmt":"2026-09-02T08:52:40","guid":{"rendered":"https:\/\/rdnews.al\/?p=152401"},"modified":"2026-09-02T08:55:10","modified_gmt":"2026-09-02T08:55:10","slug":"lironi-cunat-dhe-gocat-proteste-te-komisariati-nr-3-ne-tirane","status":"publish","type":"post","link":"https:\/\/rdnews.al\/index.php\/2026\/09\/02\/lironi-cunat-dhe-gocat-proteste-te-komisariati-nr-3-ne-tirane\/","title":{"rendered":"\u201cLironi \u00e7unat dhe gocat!\u201d\/ Protest\u00eb te Komisariati nr.3 n\u00eb Tiran\u00eb"},"content":{"rendered":"<p>Pas tensioneve q\u00eb shoq\u00ebruan mbr\u00ebmjen e djeshme protest\u00ebn e 94-t te Kryeministria, policia ka arrestuar 14 persona.<\/p>\n<p>Nd\u00ebrkoh\u00eb, m\u00ebngjesin e sot\u00ebm, disa prej tubuesve kan\u00eb dal\u00eb n\u00eb protest\u00eb te komisariati nr. 3, ku po mbahen nj\u00eb pjes\u00eb prej tyre.<\/p>\n<p>Ata b\u00ebjn\u00eb thirrje q\u00eb t\u00eb lirohen protestuesit e arrestuar, duke brohoritur; &#8220;Lironi \u00e7unat dhe gocat&#8221;, &#8220;Lironi shqipet&#8221;!<\/p>\n<p>Mbr\u00ebmjen e djeshme, pas p\u00ebrplasjeve edhe me efektiv\u00ebt, t\u00eb cil\u00ebt krijuan kordon n\u00eb godin\u00ebn e Kryeministris\u00eb, protestuesit marshuan drejt komisariatit nr. 3, me t\u00eb njetat thirrje, p\u00ebr t\u00eb liruar t\u00eb arrestuarit.<\/p>\n<p>T\u00eb arrestuarit jan\u00eb, Dritan Goxhaj, Junik Matoshi, Edison Lika, Erlind Almeta, Sokol Bushi, Lulzim Gjini, Valtion Shameti, Florian Manarkolli, Desiderjo Alimucaj, Bora Mitrovica, Arvina Lleshi, Ylli Brahaj, Arben Kola dhe Aumiraldi Dalliu.<\/p>\n<p>Nd\u00ebrkoh\u00eb policia njofton se ka referuar materialet n\u00eb Prokurori dhe ku ka nisur procedimi n\u00eb gjendje t\u00eb lir\u00eb p\u00ebr shtetasit M. J., 47 vje\u00e7; A. T., 54 vje\u00e7 dhe A. G., 56 vje\u00e7.<\/p>\n","protected":false},"excerpt":{"rendered":"<p>Pas tensioneve q\u00eb shoq\u00ebruan mbr\u00ebmjen e djeshme protest\u00ebn e 94-t te Kryeministria, policia ka arrestuar 14 persona. Nd\u00ebrkoh\u00eb, m\u00ebngjesin e sot\u00ebm, disa prej tubuesve kan\u00eb dal\u00eb n\u00eb protest\u00eb te komisariati nr. 3, ku po mbahen nj\u00eb pjes\u00eb prej tyre. Ata b\u00ebjn\u00eb thirrje q\u00eb t\u00eb lirohen protestuesit e arrestuar, duke brohoritur; &#8220;Lironi \u00e7unat dhe gocat&#8221;, &#8220;Lironi &hellip;<\/p>\n","protected":false},"author":4,"featured_media":152402,"comment_status":"closed","ping_status":"closed","sticky":false,"template":"","format":"standard","meta":{"footnotes":""},"categories":[37],"tags":[],"class_list":["post-152401","post","type-post","status-publish","format-standard","has-post-thumbnail","","category-politike"],"_links":{"self":[{"href":"https:\/\/rdnews.al\/index.php\/wp-json\/wp\/v2\/posts\/152401","targetHints":{"allow":["GET"]}}],"collection":[{"href":"https:\/\/rdnews.al\/index.php\/wp-json\/wp\/v2\/posts"}],"about":[{"href":"https:\/\/rdnews.al\/index.php\/wp-json\/wp\/v2\/types\/post"}],"author":[{"embeddable":true,"href":"https:\/\/rdnews.al\/index.php\/wp-json\/wp\/v2\/users\/4"}],"replies":[{"embeddable":true,"href":"https:\/\/rdnews.al\/index.php\/wp-json\/wp\/v2\/comments?post=152401"}],"version-history":[{"count":2,"href":"https:\/\/rdnews.al\/index.php\/wp-json\/wp\/v2\/posts\/152401\/revisions"}],"predecessor-version":[{"id":152404,"href":"https:\/\/rdnews.al\/index.php\/wp-json\/wp\/v2\/posts\/152401\/revisions\/152404"}],"wp:featuredmedia":[{"embeddable":true,"href":"https:\/\/rdnews.al\/index.php\/wp-json\/wp\/v2\/media\/152402"}],"wp:attachment":[{"href":"https:\/\/rdnews.al\/index.php\/wp-json\/wp\/v2\/media?parent=152401"}],"wp:term":[{"taxonomy":"category","embeddable":true,"href":"https:\/\/rdnews.al\/index.php\/wp-json\/wp\/v2\/categories?post=152401"},{"taxonomy":"post_tag","embeddable":true,"href":"https:\/\/rdnews.al\/index.php\/wp-json\/wp\/v2\/tags?post=152401"}],"curies":[{"name":"wp","href":"https:\/\/api.w.org\/{rel}","templated":true}]}}