{"id":152412,"date":"2026-09-02T09:12:59","date_gmt":"2026-09-02T09:12:59","guid":{"rendered":"https:\/\/rdnews.al\/?p=152412"},"modified":"2026-09-02T10:38:09","modified_gmt":"2026-09-02T10:38:09","slug":"zhupa-tid-durres-duhet-te-ndalet-dhe-te-anulohet-menjehere","status":"publish","type":"post","link":"https:\/\/rdnews.al\/index.php\/2026\/09\/02\/zhupa-tid-durres-duhet-te-ndalet-dhe-te-anulohet-menjehere\/","title":{"rendered":"Zhupa: T\u00eb anulohet menj\u00ebher\u00eb projekti TID Durr\u00ebs, ka ndryshuar baza juridike!"},"content":{"rendered":"<p>Deputetja e PD, nj\u00ebkoh\u00ebsht Kryetare e Komisionit p\u00ebr Kultur\u00ebn, Ina Zhupa ka k\u00ebrkuar ndalimin dhe anulimin e projektit TID Durr\u00ebs, duke e lidhur k\u00ebrkes\u00ebn me ndryshimin e fundit t\u00eb situat\u00ebs juridike dhe urbanistike n\u00eb zon\u00ebn ku shtrihet projekti.<\/p>\n<p>Zhupa thekson se m\u00eb 30 korrik 2026 qeveria shfuqizoi VKM-n\u00eb q\u00eb kishte shpallur nj\u00eb pjes\u00eb t\u00eb Durr\u00ebsit \u201cZon\u00eb t\u00eb Re p\u00ebr Zhvillim\u201d, nd\u00ebrsa rreth 20 nga 74 pronat e prekura nga TID ndodhen n\u00eb territorin ku mbivendoseshin instrumentet e planifikimit.<\/p>\n<p>Sipas Zhup\u00ebs, shfuqizimi i aktit nuk n\u00ebnkupton automatikisht anulimin e TID-it, por krijon detyrimin p\u00ebr t\u00eb rishikuar baz\u00ebn juridike dhe urbanistike t\u00eb projektit dhe p\u00ebr t\u00eb pezulluar \u00e7do veprim mbi pronat e banor\u00ebve deri n\u00eb sqarimin e plot\u00eb t\u00eb situat\u00ebs.<\/p>\n<p><strong>Reagimi<\/strong><\/p>\n<p>Banor\u00ebt e Durr\u00ebsit kan\u00eb t\u00eb drejt\u00eb q\u00eb k\u00ebrkojn\u00eb pezullimin e projektit dhe institucionet nuk mund t\u00eb b\u00ebjn\u00eb sikur asgj\u00eb nuk ka ndodhur.<\/p>\n<p>M\u00eb 30 korrik 2026, qeveria shfuqizoi VKM-n\u00eb q\u00eb kishte shpallur nj\u00eb pjes\u00eb t\u00eb Durr\u00ebsit \u201cZon\u00eb t\u00eb Re p\u00ebr Zhvillim\u201d. Sot, qytetar\u00ebt q\u00eb kund\u00ebrshtojn\u00eb TID Durr\u00ebs k\u00ebrkojn\u00eb q\u00eb t\u00eb pezullohen t\u00eb gjitha veprimet q\u00eb prekin pronat dhe banesat e tyre, deri n\u00eb sqarimin e plot\u00eb t\u00eb situat\u00ebs s\u00eb re juridike dhe urbanistike.<\/p>\n<p>Me t\u00eb drejt\u00eb, si mund t\u00eb vazhdoj\u00eb nj\u00eb projekt q\u00eb prek 74 prona, kur rreth 20 prej tyre ndodhen pik\u00ebrisht n\u00eb territorin ku mbivendoseshin instrumentet e planifikimit q\u00eb tashm\u00eb kan\u00eb ndryshuar status?<\/p>\n<p>Shfuqizimi i nj\u00eb akti mund t\u00eb mos e anuloj\u00eb automatikisht TID-in, por padyshim q\u00eb nuk mund t\u00eb jet\u00eb pa pasoja mbi nj\u00eb projekt q\u00eb nd\u00ebrhyn mbi pronat dhe jet\u00ebn e banor\u00ebve.<\/p>\n<p>Q\u00eb n\u00eb fillim e kemi kund\u00ebrshtuar TID sepse zhvillimi nuk mund t\u00eb b\u00ebhet duke shkelur t\u00eb drejtat e pronar\u00ebve, duke shkat\u00ebrruar trash\u00ebgimin\u00eb e Durr\u00ebsit, pa transparenc\u00eb dhe pa konsultim real me qytetar\u00ebt.<\/p>\n<p>Tani institucionet kan\u00eb nj\u00eb detyrim, t\u00eb ndalojn\u00eb \u00e7do veprim mbi pronat e banor\u00ebve, t\u00eb rishikojn\u00eb t\u00eb gjitha aktet dhe t\u00eb hapin nj\u00eb proces t\u00eb ri, transparent dhe t\u00eb ligjsh\u00ebm konsultimi.<\/p>\n<p>TID Durr\u00ebs nuk mund t\u00eb jet\u00eb projekt i imponuar mbi kokat e qytetar\u00ebve. Tani q\u00eb ka ndryshuar baza juridike dhe urbanistike duhet t\u00eb rishikohet gjith\u00e7ka. Ky projekt duhet t\u00eb anulohet sa m\u00eb shpejt.<\/p>\n<p><img decoding=\"async\" src=\"https:\/\/scontent.ftia9-1.fna.fbcdn.net\/v\/t39.99422-6\/791889186_1820716392494678_2249610641939999589_n.png?stp=dst-jpg_tt6&amp;cstp=mx516x387&amp;ctp=s516x387&amp;_nc_cat=100&amp;ccb=1-7&amp;_nc_sid=833d8c&amp;_nc_eui2=AeElxwLLySo7gAwCnltBugO0IW5Pv1yktpQhbk-_XKS2lNiRh2GtvPo1Ml2vAhUPqBk&amp;_nc_ohc=2N6xve62cz4Q7kNvwE4Lkv7&amp;_nc_oc=Adq3GENPJ3N1UQj49JQm2Astfy3OKHWr5NHijoZrZZlAFTlk0QQA8ofpy6rjavjBIUI&amp;_nc_zt=14&amp;_nc_ht=scontent.ftia9-1.fna&amp;_nc_gid=heGVNmLrFD_4I2b5vre--A&amp;_nc_ss=7f2a8&amp;oh=00_AQIfwAcS3AsaYwJBicL1wdqQlPDvnzfWBhCXw1wfgUt2bQ&amp;oe=6A9DD528\" alt=\"Mund t\u00eb jet\u00eb nj\u00eb imazh i teksti q\u00eb thot\u00eb &quot;\u1019 SE AADF SEAADFLL LL Meo po beheni pjese e korrupsionit, STOP PROJEKTIT TID DURRES! AADF = KORRUPSION STOP TID DURRES! AADF PREKNI 1 TRASHEGIMIN\u1ebc! IASHEMAINE MOS STOP TID DURRES&quot;\" \/><\/p>\n<p><img decoding=\"async\" src=\"https:\/\/scontent.ftia9-1.fna.fbcdn.net\/v\/t39.30808-6\/792766675_1598891901602911_76208772954569730_n.jpg?stp=dst-jpg_tt6&amp;cstp=mx1600x900&amp;ctp=s1600x900&amp;_nc_cat=102&amp;ccb=1-7&amp;_nc_sid=833d8c&amp;_nc_eui2=AeGwnOvZQKK8lLrsd_KSQhwkOujnZprGIOg66OdmmsYg6IT-xc-Cotm6-ICw_3O8Y9k&amp;_nc_ohc=f-Dat-UIIYkQ7kNvwF0cQ2-&amp;_nc_oc=AdrC7z32hECwWKyJwQTEn00GXx4t9jfxOFsx7AKxl3e3OIWQsDWpYYRai9nftJXoEzI&amp;_nc_zt=23&amp;_nc_ht=scontent.ftia9-1.fna&amp;_nc_gid=naIvxMa9jIwrbuP9c3jjKA&amp;_nc_ss=7f2a8&amp;oh=00_AQJDxcZ6CPeM2pPPF6JfaE3d7ufV5dVik5i-kP4rg5BlFA&amp;oe=6A9DD479\" alt=\"Mund t\u00eb jet\u00eb nj\u00eb imazh i nj\u00eb ose m\u00eb shum\u00eb persona dhe teksti q\u00eb thot\u00eb &quot;PIZZA LAGUSTOSA LA LA GUSTOSA&quot;\" \/><\/p>\n","protected":false},"excerpt":{"rendered":"<p>Deputetja e PD, nj\u00ebkoh\u00ebsht Kryetare e Komisionit p\u00ebr Kultur\u00ebn, Ina Zhupa ka k\u00ebrkuar ndalimin dhe anulimin e projektit TID Durr\u00ebs, duke e lidhur k\u00ebrkes\u00ebn me ndryshimin e fundit t\u00eb situat\u00ebs juridike dhe urbanistike n\u00eb zon\u00ebn ku shtrihet projekti. Zhupa thekson se m\u00eb 30 korrik 2026 qeveria shfuqizoi VKM-n\u00eb q\u00eb kishte shpallur nj\u00eb pjes\u00eb t\u00eb Durr\u00ebsit &hellip;<\/p>\n","protected":false},"author":4,"featured_media":152413,"comment_status":"closed","ping_status":"closed","sticky":false,"template":"","format":"standard","meta":{"footnotes":""},"categories":[37],"tags":[],"class_list":["post-152412","post","type-post","status-publish","format-standard","has-post-thumbnail","","category-politike"],"_links":{"self":[{"href":"https:\/\/rdnews.al\/index.php\/wp-json\/wp\/v2\/posts\/152412","targetHints":{"allow":["GET"]}}],"collection":[{"href":"https:\/\/rdnews.al\/index.php\/wp-json\/wp\/v2\/posts"}],"about":[{"href":"https:\/\/rdnews.al\/index.php\/wp-json\/wp\/v2\/types\/post"}],"author":[{"embeddable":true,"href":"https:\/\/rdnews.al\/index.php\/wp-json\/wp\/v2\/users\/4"}],"replies":[{"embeddable":true,"href":"https:\/\/rdnews.al\/index.php\/wp-json\/wp\/v2\/comments?post=152412"}],"version-history":[{"count":3,"href":"https:\/\/rdnews.al\/index.php\/wp-json\/wp\/v2\/posts\/152412\/revisions"}],"predecessor-version":[{"id":152442,"href":"https:\/\/rdnews.al\/index.php\/wp-json\/wp\/v2\/posts\/152412\/revisions\/152442"}],"wp:featuredmedia":[{"embeddable":true,"href":"https:\/\/rdnews.al\/index.php\/wp-json\/wp\/v2\/media\/152413"}],"wp:attachment":[{"href":"https:\/\/rdnews.al\/index.php\/wp-json\/wp\/v2\/media?parent=152412"}],"wp:term":[{"taxonomy":"category","embeddable":true,"href":"https:\/\/rdnews.al\/index.php\/wp-json\/wp\/v2\/categories?post=152412"},{"taxonomy":"post_tag","embeddable":true,"href":"https:\/\/rdnews.al\/index.php\/wp-json\/wp\/v2\/tags?post=152412"}],"curies":[{"name":"wp","href":"https:\/\/api.w.org\/{rel}","templated":true}]}}