{"id":152416,"date":"2026-09-02T09:32:23","date_gmt":"2026-09-02T09:32:23","guid":{"rendered":"https:\/\/rdnews.al\/?p=152416"},"modified":"2026-09-02T09:33:20","modified_gmt":"2026-09-02T09:33:20","slug":"kulla-24-kate-e-cunave-te-apex-t-shkaterron-komunen-e-parisit","status":"publish","type":"post","link":"https:\/\/rdnews.al\/index.php\/2026\/09\/02\/kulla-24-kate-e-cunave-te-apex-t-shkaterron-komunen-e-parisit\/","title":{"rendered":"Kulla 24 kate e \u00e7unave t\u00eb APEX shkat\u00ebrron \u201cKomun\u00ebn e Parisit\u201d!"},"content":{"rendered":"<p>Nj\u00eb kull\u00eb e lart\u00eb plot 24 kate, e cila do t\u00eb ngrihet n\u00eb mes t\u00eb lagjes ekzistuese dhe mjaft t\u00eb populluar n\u00eb \u201cKomun\u00ebn e Parisit\u201d n\u00eb Tiran\u00eb, ka sjell\u00eb kaos p\u00ebr t\u00eb gjith\u00eb zon\u00ebn, me shkat\u00ebrrime muresh dhe ndryshime n\u00eb hyrje daljet e godinave ekzistuese.<\/p>\n<p>Miratimi pa asnj\u00eb kriter urbanistik i k\u00ebtij p\u00ebrbind\u00ebshi n\u00eb mes t\u00eb pallateve dhe lagjes ekzistuese ka sjell\u00eb nj\u00eb \u00e7oroditje p\u00ebr t\u00eb gjith\u00eb, q\u00eb nga godinat nj\u00ebkat\u00ebshe e deri te pallatet, ku mij\u00ebra banor\u00eb po p\u00ebrballen dita\u2013dit\u00ebs me pluhur dhe zhurma n\u00eb \u00e7do or\u00eb t\u00eb dit\u00ebs e nat\u00ebs.<\/p>\n<p>Shqet\u00ebsimet jan\u00eb t\u00eb shumta, t\u00eb cilat nis\u00ebn fillimisht me spostimin e tubacioneve t\u00eb ujit t\u00eb pijsh\u00ebm, m\u00eb pas prishja e kanalizimeve t\u00eb uj\u00ebrave t\u00eb zeza e tashm\u00eb shkat\u00ebrrimi i t\u00eb gjith\u00eb segmenteve rrugore t\u00eb brendshme, duke sjell\u00eb nj\u00eb katrahur\u00eb t\u00eb v\u00ebrtet\u00eb.<\/p>\n<p>N\u00eb \u00e7do or\u00eb, n\u00eb at\u00eb kantier, po futen makineri t\u00eb r\u00ebnda q\u00eb kalojn\u00eb n\u00eb rrug\u00ebt e ngushta t\u00eb zon\u00ebs, nd\u00ebrsa alarmante \u00ebsht\u00eb edhe ndryshimi i projektit, duke zgjeruar perimetrin dhe duke shtuar volumet e kantierit, p\u00ebr t\u00eb z\u00ebn\u00eb sa m\u00eb shum\u00eb territor.<\/p>\n<div><iframe loading=\"lazy\" src=\"https:\/\/streamable.com\/e\/z1nnxc?\" width=\"100%\" height=\"100%\" allowfullscreen=\"allowfullscreen\" data-mce-fragment=\"1\"><\/iframe><\/div>\n<p>Banor\u00eb t\u00eb shum\u00eb t\u00eb zon\u00ebs i jan\u00eb drejtuar redaksis\u00eb s\u00eb Vox News duke denoncuar katrahur\u00ebn me t\u00eb cil\u00ebn po p\u00ebrballen dita\u2013dit\u00ebs, teksa si pik\u00eb m\u00eb t\u00eb r\u00ebnd\u00ebsishme kan\u00eb hyrje\u2013daljen e kull\u00ebs, ku tashm\u00eb pronar\u00ebt dhe ata q\u00eb po nd\u00ebrtojn\u00eb k\u00ebrkojn\u00eb q\u00eb t\u00eb hyjn\u00eb nga oborret e pallateve dhe rezidencave q\u00eb ndodhen n\u00eb at\u00eb zon\u00eb.<\/p>\n<p><em>\u201c\u00cbsht\u00eb prishur ky muri k\u00ebtu, po ky pallati e ka pasur hyrjen nga krahu tjet\u00ebr\u201d<\/em>, thot\u00eb nj\u00eb banor i zon\u00ebs, i cili ka k\u00ebrkuar ndihm\u00ebn e redaksis\u00eb son\u00eb p\u00ebr t\u00eb sensibilizuar institucionet kontrolluese, t\u00eb cilat deri m\u00eb tani kan\u00eb b\u00ebr\u00eb sehir.<\/p>\n<p>M\u00ebsohet se i gjith\u00eb komuniteti i zon\u00ebs, pran\u00eb kompleksit \u201cKika 1\u201d, jan\u00eb ndeshur me firm\u00ebn q\u00eb po kryen punime, pasi ka ndryshuar shum\u00eb\u00e7ka nga leja q\u00eb ka marr\u00eb.<\/p>\n<p><em>\u201cAta kan\u00eb hyrjen nga krahu tjet\u00ebr, me rrug\u00eb m\u00eb t\u00eb gjera, dhe k\u00ebrkojn\u00eb q\u00eb t\u00eb kalojn\u00eb n\u00eb oborrin e pallatit ton\u00eb. N\u00ebse ndodh nj\u00eb gj\u00eb e till\u00eb, i gjith\u00eb oborri dhe ato pak vende t\u00eb gjelbra, ku luajn\u00eb edhe f\u00ebmij\u00ebt, pritet q\u00eb t\u00eb kthehen n\u00eb kantier t\u00eb madh nd\u00ebrtimi. A kan\u00eb b\u00ebr\u00eb studime k\u00ebta kur kan\u00eb dh\u00ebn\u00eb lejen?! Si mund t\u00eb jap\u00ebsh nj\u00eb leje p\u00ebr kull\u00eb t\u00eb st\u00ebrmadhe n\u00eb nj\u00eb zon\u00eb t\u00eb banuar, me rrug\u00eb t\u00eb ngushta, pa asnj\u00eb park e pa asnj\u00eb sip\u00ebrfaqe t\u00eb gjelb\u00ebr? Ku do t\u00eb shkojn\u00eb uj\u00ebrat e zeza, si do t\u00eb heqin inertet, si do t\u00eb marrin dherat, ku do t\u00eb vijn\u00eb materialet e nd\u00ebrtimit, makinat e betonit?\u201d<\/em>, ngren\u00eb disa pyetje banor\u00ebt e zon\u00ebs.<\/p>\n<p><img decoding=\"async\" src=\"https:\/\/cdnimpuls.com\/voxnews.al\/media3\/-640-0-whatsapp-image-2026-09-01-at-224624-1788296345.jpeg\" alt=\"Qytetar\u00ebt p\u00ebrball\u00eb oligark\u00ebve - Kulla 24 kate e\" data-pin-no-hover=\"true\" \/><\/p>\n<p>Por, kush jan\u00eb k\u00ebta nd\u00ebrtues q\u00eb b\u00ebjn\u00eb \u00e7orb\u00eb nj\u00eb lagje t\u00eb t\u00ebr\u00eb p\u00ebr interesat e tyre? Madje, ndryshojn\u00eb edhe hyrjet p\u00ebr n\u00eb kantier, duke sjell\u00eb kaos p\u00ebr t\u00eb gjith\u00eb zon\u00ebn dhe askush nuk i \u201ct\u00ebrheq veshin\u201d. Firma nd\u00ebrtuese e cila ka marr\u00eb leje p\u00ebr \u00e7ibanin 24 kat\u00ebsh \u00ebsht\u00eb \u201cTDT &amp; PARTNERS\u201d, me pronar\u00eb Dajlan Avdia dhe Glendi Abdi.<\/p>\n<p>M\u00ebsohet se Dajlan Avdia \u00ebsht\u00eb i njohur si ish-pronari i kompanis\u00eb APEX dhe nd\u00ebrtuesi i disa kullave n\u00eb Tiran\u00eb, nd\u00ebrsa ka marr\u00eb leje edhe p\u00ebr nd\u00ebrtime n\u00eb zonat bregdetare. Aktualisht, sipas dokumenteve, n\u00eb muajin qershor t\u00eb k\u00ebtij viti kan\u00eb hapur edhe adres\u00ebn n\u00eb zon\u00ebn e Komun\u00ebs s\u00eb Parisit, pas zbardhjes s\u00eb lejes.<\/p>\n<p>Fillimisht, makinerit\u00eb e r\u00ebnda t\u00eb firm\u00ebs jan\u00eb ndeshur me tubin magjistral metalik t\u00eb ujit, i cili \u00ebsht\u00eb nj\u00eb nga nyjet kryesore q\u00eb furnizon me uj\u00eb gjith\u00eb Tiran\u00ebn.<\/p>\n<p>Ende nuk ka informacione sesi kjo firm\u00eb e spostoi k\u00ebt\u00eb tubacion, \u00e7far\u00eb lejesh mori dhe kush i firmosi, pasi t\u00eb l\u00ebsh pa uj\u00eb Tiran\u00ebn, ti \u00e7orodis\u00ebsh me pluhur n\u00eb ver\u00eb e balt\u00eb n\u00eb dim\u00ebr, madje t\u00eb ndryshosh sa her\u00eb t\u00eb t\u00eb doj\u00eb qejfi edhe hyrje-daljet e kantierit, do t\u00eb thot\u00eb q\u00eb k\u00ebta oligark\u00eb arrijn\u00eb q\u00eb t\u00eb shtypin me k\u00ebmb\u00eb \u00e7dok\u00ebnd.\/\u00a0<a href=\"https:\/\/www.voxnews.al\/fokus\/qytetaret-perballe-oligarkeve-kulla-24-kate-e-cunave-te-apex-t-shkaterron--i123443?fbclid=IwY2xjawUEtkNwZG9mAWV4dG4DYWVtAjEwAGJyaWQRMXZ3czdud2NNVWVKYWJob3VzcnRjBmFwcF9pZBAyMjIwMzkxNzg4MjAwODkyAAEeGycwKz1-RsqBVcYNCWfuXidEQ4aJmtoiIPFKVN5ZQFR9hj37pzJ7BP8EcG8_aem_lTFVD4ZtFOH599SO1XsqWg\" target=\"_blank\" rel=\"noopener\">Voxnews<\/a><\/p>\n","protected":false},"excerpt":{"rendered":"<p>Nj\u00eb kull\u00eb e lart\u00eb plot 24 kate, e cila do t\u00eb ngrihet n\u00eb mes t\u00eb lagjes ekzistuese dhe mjaft t\u00eb populluar n\u00eb \u201cKomun\u00ebn e Parisit\u201d n\u00eb Tiran\u00eb, ka sjell\u00eb kaos p\u00ebr t\u00eb gjith\u00eb zon\u00ebn, me shkat\u00ebrrime muresh dhe ndryshime n\u00eb hyrje daljet e godinave ekzistuese. Miratimi pa asnj\u00eb kriter urbanistik i k\u00ebtij p\u00ebrbind\u00ebshi n\u00eb mes &hellip;<\/p>\n","protected":false},"author":4,"featured_media":152417,"comment_status":"closed","ping_status":"closed","sticky":false,"template":"","format":"standard","meta":{"footnotes":""},"categories":[37],"tags":[],"class_list":["post-152416","post","type-post","status-publish","format-standard","has-post-thumbnail","","category-politike"],"_links":{"self":[{"href":"https:\/\/rdnews.al\/index.php\/wp-json\/wp\/v2\/posts\/152416","targetHints":{"allow":["GET"]}}],"collection":[{"href":"https:\/\/rdnews.al\/index.php\/wp-json\/wp\/v2\/posts"}],"about":[{"href":"https:\/\/rdnews.al\/index.php\/wp-json\/wp\/v2\/types\/post"}],"author":[{"embeddable":true,"href":"https:\/\/rdnews.al\/index.php\/wp-json\/wp\/v2\/users\/4"}],"replies":[{"embeddable":true,"href":"https:\/\/rdnews.al\/index.php\/wp-json\/wp\/v2\/comments?post=152416"}],"version-history":[{"count":2,"href":"https:\/\/rdnews.al\/index.php\/wp-json\/wp\/v2\/posts\/152416\/revisions"}],"predecessor-version":[{"id":152419,"href":"https:\/\/rdnews.al\/index.php\/wp-json\/wp\/v2\/posts\/152416\/revisions\/152419"}],"wp:featuredmedia":[{"embeddable":true,"href":"https:\/\/rdnews.al\/index.php\/wp-json\/wp\/v2\/media\/152417"}],"wp:attachment":[{"href":"https:\/\/rdnews.al\/index.php\/wp-json\/wp\/v2\/media?parent=152416"}],"wp:term":[{"taxonomy":"category","embeddable":true,"href":"https:\/\/rdnews.al\/index.php\/wp-json\/wp\/v2\/categories?post=152416"},{"taxonomy":"post_tag","embeddable":true,"href":"https:\/\/rdnews.al\/index.php\/wp-json\/wp\/v2\/tags?post=152416"}],"curies":[{"name":"wp","href":"https:\/\/api.w.org\/{rel}","templated":true}]}}