{"id":152420,"date":"2026-09-02T09:37:59","date_gmt":"2026-09-02T09:37:59","guid":{"rendered":"https:\/\/rdnews.al\/?p=152420"},"modified":"2026-09-02T09:38:14","modified_gmt":"2026-09-02T09:38:14","slug":"frika-e-protestave-rama-shperngul-qeverine-ne-fshatin-sauk","status":"publish","type":"post","link":"https:\/\/rdnews.al\/index.php\/2026\/09\/02\/frika-e-protestave-rama-shperngul-qeverine-ne-fshatin-sauk\/","title":{"rendered":"Frika e protestave\/ Rama shp\u00ebrngul qeverin\u00eb n\u00eb fshatin Sauk, takimi&#8230;"},"content":{"rendered":"<p>Nga frika e protestave, Rama do t\u00eb mbledh\u00eb k\u00ebt\u00eb t\u00eb m\u00ebrkur\u00eb ministrat dhe zv.ministrat n\u00eb vil\u00ebn qeveritare n\u00eb Sauk dhe jo n\u00eb seline e qeveris\u00eb.<\/p>\n<p>Pjes\u00eb e k\u00ebtij takimi t\u00eb thirrut nga kryeministri n\u00eb or\u00ebn 13:00 do t\u00eb jen\u00eb edhe drejtuesit e qarqeve.<\/p>\n<p>N\u00eb fokus t\u00eb diskutimit, do t\u00eb jet\u00eb s\u00ebrish dokumenti \u201cBesa\u201d dhe \u201cPrania Besnike\u201d.<\/p>\n<p>Ky takim do t\u00eb mbahet pas mbledhjes s\u00eb qeveris\u00eb, e cila \u00ebsht\u00eb parashikuar q\u00eb t\u00eb filloj\u00eb n\u00eb or\u00ebn 11:30.<\/p>\n<p>Ky \u00ebsht\u00eb takimi i tret\u00eb n\u00eb nj\u00eb hark kohor t\u00eb shkurt\u00ebr. Pak dit\u00eb m\u00eb par\u00eb, Rama mblodhi drejtuesi e qarqeve dhe ministrat n\u00eb nj\u00eb takim dy ditor n\u00eb Pogradec. M\u00eb pas, zhvilloi edhe nj\u00eb mbledhje tjet\u00ebr n\u00eb Sauk, tek vilat qeveritare.<\/p>\n","protected":false},"excerpt":{"rendered":"<p>Nga frika e protestave, Rama do t\u00eb mbledh\u00eb k\u00ebt\u00eb t\u00eb m\u00ebrkur\u00eb ministrat dhe zv.ministrat n\u00eb vil\u00ebn qeveritare n\u00eb Sauk dhe jo n\u00eb seline e qeveris\u00eb. Pjes\u00eb e k\u00ebtij takimi t\u00eb thirrut nga kryeministri n\u00eb or\u00ebn 13:00 do t\u00eb jen\u00eb edhe drejtuesit e qarqeve. N\u00eb fokus t\u00eb diskutimit, do t\u00eb jet\u00eb s\u00ebrish dokumenti \u201cBesa\u201d dhe \u201cPrania &hellip;<\/p>\n","protected":false},"author":3,"featured_media":152353,"comment_status":"closed","ping_status":"closed","sticky":false,"template":"","format":"standard","meta":{"footnotes":""},"categories":[37],"tags":[],"class_list":["post-152420","post","type-post","status-publish","format-standard","has-post-thumbnail","","category-politike"],"_links":{"self":[{"href":"https:\/\/rdnews.al\/index.php\/wp-json\/wp\/v2\/posts\/152420","targetHints":{"allow":["GET"]}}],"collection":[{"href":"https:\/\/rdnews.al\/index.php\/wp-json\/wp\/v2\/posts"}],"about":[{"href":"https:\/\/rdnews.al\/index.php\/wp-json\/wp\/v2\/types\/post"}],"author":[{"embeddable":true,"href":"https:\/\/rdnews.al\/index.php\/wp-json\/wp\/v2\/users\/3"}],"replies":[{"embeddable":true,"href":"https:\/\/rdnews.al\/index.php\/wp-json\/wp\/v2\/comments?post=152420"}],"version-history":[{"count":3,"href":"https:\/\/rdnews.al\/index.php\/wp-json\/wp\/v2\/posts\/152420\/revisions"}],"predecessor-version":[{"id":152423,"href":"https:\/\/rdnews.al\/index.php\/wp-json\/wp\/v2\/posts\/152420\/revisions\/152423"}],"wp:featuredmedia":[{"embeddable":true,"href":"https:\/\/rdnews.al\/index.php\/wp-json\/wp\/v2\/media\/152353"}],"wp:attachment":[{"href":"https:\/\/rdnews.al\/index.php\/wp-json\/wp\/v2\/media?parent=152420"}],"wp:term":[{"taxonomy":"category","embeddable":true,"href":"https:\/\/rdnews.al\/index.php\/wp-json\/wp\/v2\/categories?post=152420"},{"taxonomy":"post_tag","embeddable":true,"href":"https:\/\/rdnews.al\/index.php\/wp-json\/wp\/v2\/tags?post=152420"}],"curies":[{"name":"wp","href":"https:\/\/api.w.org\/{rel}","templated":true}]}}