{"id":152424,"date":"2026-09-02T09:47:07","date_gmt":"2026-09-02T09:47:07","guid":{"rendered":"https:\/\/rdnews.al\/?p=152424"},"modified":"2026-09-02T09:47:07","modified_gmt":"2026-09-02T09:47:07","slug":"berisha-kur-banda-e-pushtetit-shkermoqet-mercenaret-e-saj-dhunen-e-kane-mbijetese-fundi-i-tyre-do-jete-i-hidhur","status":"publish","type":"post","link":"https:\/\/rdnews.al\/index.php\/2026\/09\/02\/berisha-kur-banda-e-pushtetit-shkermoqet-mercenaret-e-saj-dhunen-e-kane-mbijetese-fundi-i-tyre-do-jete-i-hidhur\/","title":{"rendered":"Berisha: Kur banda e pushtetit shk\u00ebrmoqet, mercenar\u00ebt e saj dhun\u00ebn e kan\u00eb mbijetes\u00eb, fundi i tyre do jet\u00eb i hidhur!"},"content":{"rendered":"<div id=\"rekl-49\">Lideri i opozit\u00ebs,\u00a0 Sali Berisha ka reaguar me nj\u00eb mesazh n\u00eb faqen e tij n\u00eb Facebok p\u00ebr dhun\u00ebn e ushtruar nga policia ndaj protestuesve q\u00eb k\u00ebrkojn\u00eb prej muajsh tashme dor\u00ebheqjen e Edi Ram\u00ebs.<\/div>\n<div class=\"readmore-text-here\">\n<p>\u201cKur banda e pushtetit shk\u00ebrmoqet, mercenar\u00ebt e saj dhun\u00ebn e kan\u00eb mbijetes\u00eb, por fundi i tyre do jet\u00eb i hidhur!\u201d, shkruan Berisha dhe poston pamjet e sulmit t\u00eb policis\u00eb ndaj qytetar\u00ebve.<\/p>\n<p><strong>Mesazhi<\/strong><\/p>\n<p><iframe loading=\"lazy\" src=\"https:\/\/www.facebook.com\/plugins\/video.php?height=476&amp;href=https%3A%2F%2Fwww.facebook.com%2Freel%2F4441429279508825%2F&amp;show_text=false&amp;width=265&amp;t=0\" width=\"265\" height=\"476\" frameborder=\"0\" scrolling=\"no\" allowfullscreen=\"allowfullscreen\" data-mce-fragment=\"1\"><\/iframe><\/p>\n<\/div>\n","protected":false},"excerpt":{"rendered":"<p>Lideri i opozit\u00ebs,\u00a0 Sali Berisha ka reaguar me nj\u00eb mesazh n\u00eb faqen e tij n\u00eb Facebok p\u00ebr dhun\u00ebn e ushtruar nga policia ndaj protestuesve q\u00eb k\u00ebrkojn\u00eb prej muajsh tashme dor\u00ebheqjen e Edi Ram\u00ebs. \u201cKur banda e pushtetit shk\u00ebrmoqet, mercenar\u00ebt e saj dhun\u00ebn e kan\u00eb mbijetes\u00eb, por fundi i tyre do jet\u00eb i hidhur!\u201d, shkruan Berisha &hellip;<\/p>\n","protected":false},"author":4,"featured_media":147021,"comment_status":"closed","ping_status":"closed","sticky":false,"template":"","format":"standard","meta":{"footnotes":""},"categories":[37],"tags":[],"class_list":["post-152424","post","type-post","status-publish","format-standard","has-post-thumbnail","","category-politike"],"_links":{"self":[{"href":"https:\/\/rdnews.al\/index.php\/wp-json\/wp\/v2\/posts\/152424","targetHints":{"allow":["GET"]}}],"collection":[{"href":"https:\/\/rdnews.al\/index.php\/wp-json\/wp\/v2\/posts"}],"about":[{"href":"https:\/\/rdnews.al\/index.php\/wp-json\/wp\/v2\/types\/post"}],"author":[{"embeddable":true,"href":"https:\/\/rdnews.al\/index.php\/wp-json\/wp\/v2\/users\/4"}],"replies":[{"embeddable":true,"href":"https:\/\/rdnews.al\/index.php\/wp-json\/wp\/v2\/comments?post=152424"}],"version-history":[{"count":1,"href":"https:\/\/rdnews.al\/index.php\/wp-json\/wp\/v2\/posts\/152424\/revisions"}],"predecessor-version":[{"id":152425,"href":"https:\/\/rdnews.al\/index.php\/wp-json\/wp\/v2\/posts\/152424\/revisions\/152425"}],"wp:featuredmedia":[{"embeddable":true,"href":"https:\/\/rdnews.al\/index.php\/wp-json\/wp\/v2\/media\/147021"}],"wp:attachment":[{"href":"https:\/\/rdnews.al\/index.php\/wp-json\/wp\/v2\/media?parent=152424"}],"wp:term":[{"taxonomy":"category","embeddable":true,"href":"https:\/\/rdnews.al\/index.php\/wp-json\/wp\/v2\/categories?post=152424"},{"taxonomy":"post_tag","embeddable":true,"href":"https:\/\/rdnews.al\/index.php\/wp-json\/wp\/v2\/tags?post=152424"}],"curies":[{"name":"wp","href":"https:\/\/api.w.org\/{rel}","templated":true}]}}