{"id":152429,"date":"2026-09-02T09:57:31","date_gmt":"2026-09-02T09:57:31","guid":{"rendered":"https:\/\/rdnews.al\/?p=152429"},"modified":"2026-09-02T09:57:31","modified_gmt":"2026-09-02T09:57:31","slug":"malltezi-rama-4-vkm-per-bolinon-parate-e-taksapaguesve-kane-shkuar-ne-xhepin-e-carlos","status":"publish","type":"post","link":"https:\/\/rdnews.al\/index.php\/2026\/09\/02\/malltezi-rama-4-vkm-per-bolinon-parate-e-taksapaguesve-kane-shkuar-ne-xhepin-e-carlos\/","title":{"rendered":"Malltezi: Rama 4 VKM p\u00ebr Bolinon, parat\u00eb e taksapaguesve kan\u00eb shkuar n\u00eb xhepin e Carlos"},"content":{"rendered":"<p>Pas nj\u00eb seance gjyq\u00ebsore me Carlo Bolinon ku u refuzua kategorikisht \u00e7do mund\u00ebsi pajtimi, Jamarb\u00ebr Malltezi ka hedhur akuza t\u00eb r\u00ebnda mbi m\u00ebnyr\u00ebn se si menaxhohen asetet publike, duke p\u00ebrfshir\u00eb ambientet e njohura si Bunk&#8217;art 1 dhe Bunk&#8217;art 2.<\/p>\n<p>Sipas denoncimeve t\u00eb b\u00ebra publike, k\u00ebto hap\u00ebsira po p\u00ebrdoren p\u00ebr p\u00ebrfitime personale n\u00eb d\u00ebm t\u00eb buxhetit t\u00eb shtetit, duke devijuar fondet q\u00eb duhej t&#8217;u sh\u00ebrbenin shtresave n\u00eb nevoj\u00eb, p\u00ebrfshir\u00eb pensionist\u00ebt. Akuzat b\u00ebhen edhe m\u00eb t\u00eb r\u00ebnda kur flitet p\u00ebr tjet\u00ebrsimin e nj\u00eb sip\u00ebrfaqeje toke q\u00eb historikisht i p\u00ebrkiste familjeve tiranase Begeja dhe Llagami.<\/p>\n<p>Plani urbanistik i Tiran\u00ebs i vitit 2013 parashikonte nd\u00ebrtimin e nj\u00eb shkolle t\u00eb mesme n\u00eb k\u00ebt\u00eb truall, nj\u00eb projekt q\u00eb nuk u realizua kurr\u00eb. N\u00eb vend t\u00eb k\u00ebsaj, pretendohet se toka i ka kaluar zotit Bolino p\u00ebrmes kat\u00ebr Vendimeve t\u00eb K\u00ebshillit t\u00eb Ministrave (VKM) t\u00eb personalizuara, t\u00eb firmosura direkt nga kryeministri Edi Rama. Kjo situat\u00eb evidenton nj\u00eb standard t\u00eb dyfisht\u00eb, ku pronar\u00ebt e ligjsh\u00ebm detyrohen t\u00eb zvarriten mbi nj\u00eb dekad\u00eb p\u00ebr t\u00eb rifituar pron\u00ebn e tyre, nd\u00ebrsa individ\u00eb pran\u00eb qeveris\u00eb e sigurojn\u00eb at\u00eb brenda gjasht\u00eb muajsh.<\/p>\n<p><strong>Jamarb\u00ebr Malltezi:<\/strong> At\u00ebher\u00eb, si\u00e7 mund ta dini, zoti Bolino pretendon q\u00eb \u00ebsht\u00eb fyer dhe shpifur n\u00eb adres\u00eb t\u00eb tij. Tani, t\u00eb gjith\u00eb shqiptar\u00ebt e din\u00eb. Bunk&#8217;art-in kush e ka? E ka publiku apo e ka Bolino? Parat\u00eb n\u00eb fund t\u00eb dit\u00ebs ku shkojn\u00eb? A shkojn\u00eb te xhepat e pensionist\u00ebve shqiptar\u00eb apo shkojn\u00eb te xhepat e Carlo Bolinos? Me dhjet\u00ebra mij\u00ebra euro, qoft\u00eb Bunk&#8217;art nj\u00ebshi, qoft\u00eb Bunk&#8217;art dyshi, pra jan\u00eb prona publike t\u00eb cilat i ka marr\u00eb Carlo Bolino.<\/p>\n<p>N\u00eb fund fare, zoti Bolino ka marr\u00eb dhe tok\u00ebn, n\u00eb t\u00eb cilin pjes\u00ebrisht ishte e Begejave, pjes\u00ebrisht e Llagamit dhe pjes\u00ebrisht edhe e nj\u00eb familjeje tjet\u00ebr. A \u00ebsht\u00eb fakt apo \u00ebsht\u00eb shpifje q\u00eb aty ishte planifikuar sipas planit urban t\u00eb Tiran\u00ebs 2013-\u00ebs, ishte planifikuar shkoll\u00eb e mesme p\u00ebr t\u00eb gjith\u00eb at\u00eb nj\u00ebsi? A \u00ebsht\u00eb fakt apo shpifje q\u00eb aty ka qen\u00eb tok\u00eb me pronar\u00eb? A \u00ebsht\u00eb fakt apo shpifje q\u00eb Carlo Bolino e ka marr\u00eb k\u00ebt\u00eb tok\u00eb me kat\u00ebr VKM t\u00eb personalizuara nga Edi Rama? Dhe k\u00ebto sh\u00ebrb\u00ebtor\u00ebt e Edi Ram\u00ebs q\u00eb jan\u00eb n\u00eb k\u00ebt\u00eb nd\u00ebrtes\u00eb k\u00ebtu, para shum\u00eb vitesh pretendonin: &#8220;Berisha ka b\u00ebr\u00eb VKM personale&#8221;. S&#8217;kan\u00eb nxjerr\u00eb dot asnj\u00eb dhe nuk thon\u00eb dot asnj\u00eb. Nd\u00ebrkoh\u00eb k\u00ebtu kemi kat\u00ebr, jo nj\u00eb, t\u00eb nominuara p\u00ebr Carlo Bolinon nga Edi Rama.<\/p>\n<p>K\u00ebto mbyllin syt\u00eb. At\u00ebher\u00eb \u00e7far\u00eb po p\u00ebrballemi ne? Ne po p\u00ebrballemi t\u00eb shohim sa parat\u00eb tona, sa parat\u00eb e publikut, sa parat\u00eb e taksapaguesve kan\u00eb shkuar n\u00eb xhepin e Carlo Bolinos dhe nuk kan\u00eb shkuar te xhepi i pensionist\u00ebve. Kaq e thjesht\u00eb \u00ebsht\u00eb. A \u00ebsht\u00eb e v\u00ebrtet\u00eb q\u00eb kan\u00eb shkuar te xhepi i Carlo Bolinos apo kan\u00eb shkuar te xhepi i pensionist\u00ebve? Ku kan\u00eb shkuar? A \u00ebsht\u00eb e v\u00ebrtet\u00eb q\u00eb ishte planifikuar shkoll\u00eb dhe nuk ka shkoll\u00eb? A \u00ebsht\u00eb e v\u00ebrtet\u00eb q\u00eb toka e pronar\u00ebve, pronar\u00ebt duhet t\u00eb sorrollaten 13 vite p\u00ebr p\u00ebrkthim prone, duhet t\u00eb sorrollaten 4 vite me pagu pare t\u00eb tjera p\u00ebr privatizim, nd\u00ebrkoh\u00eb po t\u00eb ishe miku i Edi Ram\u00ebs, ti i merr me 4 VKM nominative brenda gjasht\u00eb muajsh. K\u00ebto jan\u00eb shum\u00eb t\u00eb r\u00ebnda. Ne kemi th\u00ebn\u00eb t\u00eb v\u00ebrtet\u00ebn besojm\u00eb, do e p\u00ebrballemi. Ka dhe nj\u00eb gj\u00eb tjet\u00ebr q\u00eb k\u00ebrkuam, ne k\u00ebrkuam gjithashtu q\u00eb mund\u00ebsisht prokurori n\u00eb k\u00ebt\u00eb \u00e7\u00ebshtje t\u00eb ishte prokurori i cili po merret me k\u00ebto dosjet q\u00eb jan\u00eb \u00e7uar nga Partia Demokratike. Pse e k\u00ebrkojm\u00eb k\u00ebt\u00eb? Sepse n\u00eb gjyqin q\u00eb nisi te Gjykata e Tiran\u00ebs, Penalja e Tiran\u00ebs, gjyqtarja i k\u00ebrkoi SPAK-ut zyrtarisht k\u00ebto dosje, dhe afremend\u00ebsh q\u00eb ishte k\u00ebtu, q\u00eb thon\u00eb se gjykatat b\u00ebjn\u00eb si\u00e7 k\u00ebrkojm\u00eb neve, nuk i jepte p\u00ebrgjigje Gjykat\u00ebs s\u00eb Tiran\u00ebs. Imagjinoni dot nj\u00eb prokuror q\u00eb shp\u00ebrfill gjykat\u00ebn. N\u00eb \u00e7do vend t\u00eb bot\u00ebs do ishte arrestuar dhe p\u00ebrballur me drejt\u00ebsin\u00eb. K\u00ebtu jemi. Ka dhe nj\u00eb gj\u00eb tjet\u00ebr, me Carlo Bolinon kam pes\u00eb vjet q\u00eb e pres n\u00eb gjyq civil n\u00eb Gjykat\u00ebn e Tiran\u00ebs. Pes\u00eb vjet q\u00eb m\u00eb fshihet dhe vjen n\u00eb Gjykat\u00ebn Penale gjoja p\u00ebr shpifje. Po pse s&#8217;vjen ti p\u00ebr shpifjen q\u00eb ke th\u00ebn\u00eb prej pes\u00eb vitesh? Pra, kemi t\u00eb b\u00ebjm\u00eb me standarde t\u00eb dyfishta, kemi parasysh q\u00eb ky \u00ebsht\u00eb nj\u00eb gazetar.<\/p>\n<p><strong>Gazetarja:<\/strong> Pse s&#8217;i gjeni dot n\u00eb Gjykat\u00ebn Civile t\u00eb Tiran\u00ebs?<\/p>\n<p><strong>Jamarb\u00ebr Malltezi:<\/strong> Jo, i shtyn. I shtyn, nuk \u00ebsht\u00eb se s&#8217;m\u00eb gjen, i shtyn, zoti Bolino shtyn seancat. K\u00ebtu \u00e7\u00ebshtja \u00ebsht\u00eb duhet t\u00eb ecin sa m\u00eb shpejt dhe duhet t&#8217;i tregoj\u00eb vendin k\u00ebtyre q\u00eb p\u00ebrvet\u00ebsojn\u00eb pasurin\u00eb publike.<\/p>\n","protected":false},"excerpt":{"rendered":"<p>Pas nj\u00eb seance gjyq\u00ebsore me Carlo Bolinon ku u refuzua kategorikisht \u00e7do mund\u00ebsi pajtimi, Jamarb\u00ebr Malltezi ka hedhur akuza t\u00eb r\u00ebnda mbi m\u00ebnyr\u00ebn se si menaxhohen asetet publike, duke p\u00ebrfshir\u00eb ambientet e njohura si Bunk&#8217;art 1 dhe Bunk&#8217;art 2. Sipas denoncimeve t\u00eb b\u00ebra publike, k\u00ebto hap\u00ebsira po p\u00ebrdoren p\u00ebr p\u00ebrfitime personale n\u00eb d\u00ebm t\u00eb buxhetit &hellip;<\/p>\n","protected":false},"author":4,"featured_media":152430,"comment_status":"closed","ping_status":"closed","sticky":false,"template":"","format":"standard","meta":{"footnotes":""},"categories":[37],"tags":[],"class_list":["post-152429","post","type-post","status-publish","format-standard","has-post-thumbnail","","category-politike"],"_links":{"self":[{"href":"https:\/\/rdnews.al\/index.php\/wp-json\/wp\/v2\/posts\/152429","targetHints":{"allow":["GET"]}}],"collection":[{"href":"https:\/\/rdnews.al\/index.php\/wp-json\/wp\/v2\/posts"}],"about":[{"href":"https:\/\/rdnews.al\/index.php\/wp-json\/wp\/v2\/types\/post"}],"author":[{"embeddable":true,"href":"https:\/\/rdnews.al\/index.php\/wp-json\/wp\/v2\/users\/4"}],"replies":[{"embeddable":true,"href":"https:\/\/rdnews.al\/index.php\/wp-json\/wp\/v2\/comments?post=152429"}],"version-history":[{"count":2,"href":"https:\/\/rdnews.al\/index.php\/wp-json\/wp\/v2\/posts\/152429\/revisions"}],"predecessor-version":[{"id":152432,"href":"https:\/\/rdnews.al\/index.php\/wp-json\/wp\/v2\/posts\/152429\/revisions\/152432"}],"wp:featuredmedia":[{"embeddable":true,"href":"https:\/\/rdnews.al\/index.php\/wp-json\/wp\/v2\/media\/152430"}],"wp:attachment":[{"href":"https:\/\/rdnews.al\/index.php\/wp-json\/wp\/v2\/media?parent=152429"}],"wp:term":[{"taxonomy":"category","embeddable":true,"href":"https:\/\/rdnews.al\/index.php\/wp-json\/wp\/v2\/categories?post=152429"},{"taxonomy":"post_tag","embeddable":true,"href":"https:\/\/rdnews.al\/index.php\/wp-json\/wp\/v2\/tags?post=152429"}],"curies":[{"name":"wp","href":"https:\/\/api.w.org\/{rel}","templated":true}]}}