{"id":152445,"date":"2026-09-02T11:09:10","date_gmt":"2026-09-02T11:09:10","guid":{"rendered":"https:\/\/rdnews.al\/?p=152445"},"modified":"2026-09-02T11:10:16","modified_gmt":"2026-09-02T11:10:16","slug":"vasili-dy-pushteti-rama-veliaj-asgjesimi-i-shtetit-per-llogari-te-shantazhit","status":"publish","type":"post","link":"https:\/\/rdnews.al\/index.php\/2026\/09\/02\/vasili-dy-pushteti-rama-veliaj-asgjesimi-i-shtetit-per-llogari-te-shantazhit\/","title":{"rendered":"Vasili: Dy pushteti Rama-Veliaj, asgj\u00ebsimi i shtetit p\u00ebr llogari t\u00eb shantazhit!"},"content":{"rendered":"<p><strong>Nga Petrit VASILI<\/strong><\/p>\n<p>Tashm\u00eb dy pushteti Rama-Veliaj \u00ebsht\u00eb fakti m\u00eb shkat\u00ebrrimtar q\u00eb historia e shtetit shqiptar ka par\u00eb, nj\u00eb Haxhi Qamiliz\u00ebm i v\u00ebrtet\u00eb.<\/p>\n<p>Edi Rama, q\u00eb klithte e ul\u00ebriste se do b\u00ebnte shtetin, \u00ebsht\u00eb autori de facto i shp\u00ebrb\u00ebrjes totale t\u00eb shtetit.<\/p>\n<p>Kur Veliaj u arrestua, t\u00eb gjith\u00eb kujtojn\u00eb vajtjen triumfatore t\u00eb Ram\u00ebs, q\u00eb rr\u00ebmbeu frenat e Bashkis\u00eb s\u00eb Tiran\u00ebs dhe hoqi e vuri kryetar e sekretar t\u00eb p\u00ebrgjithsh\u00ebm e drejtor\u00eb, duke dh\u00ebn\u00eb mesazhin se \u00ebsht\u00eb ai zoti i asaj bashkie.<\/p>\n<p>Veliaj vazhdonte t\u00eb ishte n\u00eb burg, por po shkarkon e em\u00ebron \u00e7far\u00eb i do qejfi.<\/p>\n<p>Pyetja q\u00eb shtrohet \u00ebsht\u00eb: ku p\u00ebrfundoi triumfatori Rama?<\/p>\n<p>Loja e shantazhit reciprok p\u00ebr zhdukjen reciproke n\u00eb funksion t\u00eb pushtetit sa m\u00eb t\u00eb madh t\u00eb secilit prej tyre, \u00ebsht\u00eb pik\u00ebrisht vet\u00ebm ajo q\u00eb ka triumfuar, nd\u00ebrsa shteti, respektimi i ligjit dhe serioziteti shtet\u00ebror kan\u00eb p\u00ebrfunduar n\u00eb grop\u00eb t\u00eb plehrave.<\/p>\n<p>Tashm\u00eb karshill\u00ebku mes k\u00ebtyre t\u00eb dyve \u00ebsht\u00eb i hapur, por nd\u00ebrkoh\u00eb parat\u00eb e taksave vazhdojn\u00eb t\u00eb vidhen e shp\u00ebrdorohen, nd\u00ebrtimi i kullave \u00ebsht\u00eb \u00e7frenuar krejt, inceneratori inekzistent vazhdon t\u00eb paguhet, pra, n\u00eb finale, qytetar\u00ebt jan\u00eb viktima e k\u00ebsaj loje t\u00eb pis\u00ebt pushteti, ku k\u00ebta dy i k\u00ebrcasin dh\u00ebmb\u00ebt nj\u00ebri-tjetrit.<\/p>\n<p>Tashm\u00eb \u00ebsht\u00eb e qart\u00eb edhe p\u00ebr m\u00eb t\u00eb fundit qytetar t\u00eb k\u00ebtij vendi se zyra e kryeministrit dhe e kryetarit t\u00eb Bashkis\u00eb jan\u00eb dy zyra biznesi me parat\u00eb dhe interesin publik dhe nuk jan\u00eb aspak institucione t\u00eb larta shtet\u00ebrore, ku veprohet me ligj e Kushtetut\u00eb dhe q\u00eb i n\u00ebnshtrohen kontrollit t\u00eb qytetar\u00ebve dhe opozit\u00ebs.<\/p>\n<p>Historia e k\u00ebtij dy pushteti si rivalitet i eg\u00ebr interesash tep\u00ebr t\u00eb err\u00ebta ka shkat\u00ebrruar totalisht besimin e qytetar\u00ebve tek shteti dhe ka b\u00ebr\u00eb nj\u00eb d\u00ebm kaq t\u00eb madh n\u00eb struktur\u00ebn e besimit publik tek institucionet, sa do t\u00eb k\u00ebrkoj\u00eb nj\u00eb koh\u00eb t\u00eb gjat\u00eb q\u00eb t\u00eb rikuperohet.<\/p>\n<p>Pra, s\u2019b\u00ebhet fjal\u00eb p\u00ebr debat politik dhe as shtet\u00ebror, por vet\u00ebm shantazh i past\u00ebr reciprok interesash t\u00eb pista, si n\u00eb nj\u00eb loj\u00eb shahu, ku secili p\u00ebrdor trafikun e influencave dhe interesave ku ndihet m\u00eb i fort\u00eb brenda dhe jasht\u00eb vendit apo grupit t\u00eb t\u00eb fort\u00ebve q\u00eb ndeshen n\u00eb terren p\u00ebr t\u00eb kapur llokma interesash financiare.<\/p>\n<p>Kjo agoni dy pushteti tregon m\u00eb mir\u00eb se gjith\u00e7ka fytyr\u00ebn e Rilindjes si nj\u00eb mekaniz\u00ebm mafioz pushteti, q\u00eb nuk ka vija t\u00eb kuqe, por ka doktrin\u00eb pastrimin e parave, narkoshtetin dhe krimin elektoral.<\/p>\n<p>Ndaj edhe rr\u00ebzimi i Rilindjes \u00ebsht\u00eb hapi i par\u00eb jetik, s\u00eb paku p\u00ebr t\u00eb rikthyer shtetin normal t\u00eb ligjit n\u00eb funksion, dhe m\u00eb pas p\u00ebr rikuperimin e d\u00ebmit kolosal financiar q\u00eb shkon n\u00eb miliarda euro, t\u00eb shkaktuar nga k\u00ebta.<\/p>\n<p>Shfaqja Rama-Veliaj si dy pushtet i vagabondizmit shtet\u00ebror do t\u00eb mbetet nj\u00eb nga faqet m\u00eb t\u00eb zeza t\u00eb historis\u00eb s\u00eb shtetit.<\/p>\n","protected":false},"excerpt":{"rendered":"<p>Nga Petrit VASILI Tashm\u00eb dy pushteti Rama-Veliaj \u00ebsht\u00eb fakti m\u00eb shkat\u00ebrrimtar q\u00eb historia e shtetit shqiptar ka par\u00eb, nj\u00eb Haxhi Qamiliz\u00ebm i v\u00ebrtet\u00eb. Edi Rama, q\u00eb klithte e ul\u00ebriste se do b\u00ebnte shtetin, \u00ebsht\u00eb autori de facto i shp\u00ebrb\u00ebrjes totale t\u00eb shtetit. Kur Veliaj u arrestua, t\u00eb gjith\u00eb kujtojn\u00eb vajtjen triumfatore t\u00eb Ram\u00ebs, q\u00eb rr\u00ebmbeu &hellip;<\/p>\n","protected":false},"author":4,"featured_media":121745,"comment_status":"closed","ping_status":"closed","sticky":false,"template":"","format":"standard","meta":{"footnotes":""},"categories":[37],"tags":[],"class_list":["post-152445","post","type-post","status-publish","format-standard","has-post-thumbnail","","category-politike"],"_links":{"self":[{"href":"https:\/\/rdnews.al\/index.php\/wp-json\/wp\/v2\/posts\/152445","targetHints":{"allow":["GET"]}}],"collection":[{"href":"https:\/\/rdnews.al\/index.php\/wp-json\/wp\/v2\/posts"}],"about":[{"href":"https:\/\/rdnews.al\/index.php\/wp-json\/wp\/v2\/types\/post"}],"author":[{"embeddable":true,"href":"https:\/\/rdnews.al\/index.php\/wp-json\/wp\/v2\/users\/4"}],"replies":[{"embeddable":true,"href":"https:\/\/rdnews.al\/index.php\/wp-json\/wp\/v2\/comments?post=152445"}],"version-history":[{"count":1,"href":"https:\/\/rdnews.al\/index.php\/wp-json\/wp\/v2\/posts\/152445\/revisions"}],"predecessor-version":[{"id":152446,"href":"https:\/\/rdnews.al\/index.php\/wp-json\/wp\/v2\/posts\/152445\/revisions\/152446"}],"wp:featuredmedia":[{"embeddable":true,"href":"https:\/\/rdnews.al\/index.php\/wp-json\/wp\/v2\/media\/121745"}],"wp:attachment":[{"href":"https:\/\/rdnews.al\/index.php\/wp-json\/wp\/v2\/media?parent=152445"}],"wp:term":[{"taxonomy":"category","embeddable":true,"href":"https:\/\/rdnews.al\/index.php\/wp-json\/wp\/v2\/categories?post=152445"},{"taxonomy":"post_tag","embeddable":true,"href":"https:\/\/rdnews.al\/index.php\/wp-json\/wp\/v2\/tags?post=152445"}],"curies":[{"name":"wp","href":"https:\/\/api.w.org\/{rel}","templated":true}]}}