{"id":152451,"date":"2026-09-02T11:56:28","date_gmt":"2026-09-02T11:56:28","guid":{"rendered":"https:\/\/rdnews.al\/?p=152451"},"modified":"2026-09-02T11:56:28","modified_gmt":"2026-09-02T11:56:28","slug":"doreheqja-e-evis-sales-kellici-i-hapi-rrugen-dorezimit-te-shendetesise-te-miku-izraelit-i-rames","status":"publish","type":"post","link":"https:\/\/rdnews.al\/index.php\/2026\/09\/02\/doreheqja-e-evis-sales-kellici-i-hapi-rrugen-dorezimit-te-shendetesise-te-miku-izraelit-i-rames\/","title":{"rendered":"Dor\u00ebheqja e Evis Sal\u00ebs\/ K\u00eblli\u00e7i: I hapi rrug\u00ebn dor\u00ebzimit t\u00eb Sh\u00ebndet\u00ebsis\u00eb te miku izraelit i Ram\u00ebs!"},"content":{"rendered":"<div id=\"rekl-49\">N\u00ebnkryetari i PD, Belind K\u00eblli\u00e7i e konsideron dor\u00ebheqjen e ministers s\u00eb Sh\u00ebndet\u00ebsis\u00eb, Evis Salla si \u2018dor\u00ebzim\u2019 t\u00eb k\u00ebtij sektori n\u00eb duart e mikut izreaelit t\u00eb kryeministrit Edi Rama, pasi ministrja ka refuzuar t\u00eb firmos\u00eb p\u00ebr nj\u00eb projektligj.<\/div>\n<div class=\"readmore-text-here\">\n<p>P\u00ebrmes nj\u00eb statusi n\u00eb rrjetet sociale, K\u00eblli\u00e7i shkruan se largimi i Sall\u00ebs ishte paralajm\u00ebruar nga PD, duke shtuar se shoq\u00ebria q\u00eb do t\u00eb ket\u00eb monopolin e sh\u00ebndet\u00ebsis\u00eb shqiptare, fsheh interesa okulte t\u00eb Edi Ram\u00ebs dhe miqve t\u00eb tij.<\/p>\n<p><strong>Reagimi<\/strong><\/p>\n<p>Si\u00e7 e kemi paralajm\u00ebruar, projekti i Edi Ram\u00ebs p\u00ebr krijimin e nj\u00eb agjensie q\u00eb do marr\u00eb shendet\u00ebsin\u00eb n\u00eb dor\u00eb, i dha efektet e para. Largimi i Ministres Sala ka lidhje pik\u00ebrisht me k\u00ebt\u00eb afer\u00eb!<\/p>\n<p>Shoq\u00ebria q\u00eb do t\u00eb ket\u00eb monopolin e sh\u00ebndet\u00ebsis\u00eb shqiptare, fsheh interesa okulte t\u00eb Edi Ram\u00ebs dhe miqve t\u00eb tij.<\/p>\n<p>Projektligji q\u00eb \u00ebsht\u00eb aktualisht draft, pritet t\u00eb kaloj\u00eb me fillimin e sesionit parlamentar, dhe i hap rrug\u00ebn nj\u00eb biznesi t\u00eb madh me ila\u00e7et, pajisjet sh\u00ebndet\u00ebsore e \u00e7do operacioni logjistik e strategjik nga tenderimi, magazinimi e shp\u00ebrndarja.<\/p>\n<p>Praktikisht b\u00ebhet fjal\u00eb p\u00ebr krijimin e nj\u00eb Ministrie Sh\u00ebndet\u00ebsie paralele, por me pushtet absolut q\u00eb sipas gjith\u00eb gjasave do t\u00eb kontrollohet nga miku i ngusht\u00eb i Edi Ram\u00ebs, izraeliti Sani Sanilevich, q\u00eb \u00ebsht\u00eb dhe konsull nderi i Shqip\u00ebris\u00eb, me firm\u00eb t\u00eb vet\u00eb Ram\u00ebs.<\/p>\n<p>P\u00ebr miq\u00ebsin\u00eb dhe sh\u00ebrbimet ndaj Edi Ram\u00ebs, ky biznesmen tanim\u00eb \u00ebsht\u00eb shp\u00ebrblyer. Ai \u00ebsht\u00eb themelues dhe aksioner i Jet Bank, banka e par\u00eb digjitale n\u00eb vend, e licensuar me shpejt\u00ebsi sk\u00ebterr\u00eb e pa transparenc\u00eb.<\/p>\n<p>Po ky em\u00ebr fshihet edhe pas nj\u00eb kompanie t\u00eb regjistruar n\u00eb Durana, parajs\u00ebn fiskale t\u00eb Edi Ram\u00ebs n\u00eb Shqip\u00ebri!<\/p>\n<p>Mir\u00ebpo, Sanilevich dhe ortak\u00eb t\u00eb tij n\u00eb biznes, kan\u00eb interesa t\u00eb gj\u00ebra q\u00eb po i v\u00ebn\u00eb n\u00eb jet\u00eb n\u00eb Shqip\u00ebri. P\u00ebrve\u00e7 resorteve, fokusi tani \u00ebsht\u00eb n\u00eb sh\u00ebndet\u00ebsi. Dhe jo vet\u00ebm ngritja e nj\u00eb spitali privat, por marrja n\u00ebn kontroll e gjith\u00eb sektorit, me shoq\u00ebrin\u00eb q\u00eb k\u00ebrkon t\u00eb ngrej\u00eb Edi Rama.<\/p>\n<p>Edhe m\u00eb her\u00ebt, Kryeministri \u00ebsht\u00eb shprehur se me ekspertiz\u00eb izraelite Shqip\u00ebria do b\u00ebhet nj\u00eb qend\u00ebr e madhe dhe e avancuar sh\u00ebndet\u00ebsore n\u00eb rajon.<\/p>\n<p>Por ai ka mbajtur t\u00eb fshehta k\u00ebto interesa biznesi dhe k\u00ebt\u00eb projekt p\u00ebr krijimin e k\u00ebtij monopoli absolut n\u00eb fush\u00ebn e medikamenteve, pajisjeve, tenderimeve e \u00e7do operacioni q\u00eb ka t\u00eb b\u00ebj\u00eb me sh\u00ebrbimin sh\u00ebndet\u00ebsor.<\/p>\n<p>Raportimet n\u00eb media se Ministrja e Sh\u00ebndet\u00ebsis\u00eb Sala, ka refuzuar firmosjen e k\u00ebtij projektligji, e p\u00ebr pasoj\u00eb ka dh\u00ebn\u00eb dor\u00ebheqjen, jan\u00eb n\u00eb drit\u00ebn e k\u00ebtyre zhvillimeve.<\/p>\n<p>N\u00eb fakt \u00ebsht\u00eb veprim i zgjuar nga ana e saj. Sepse ky \u00ebsht\u00eb nj\u00eb skandal dhe m\u00eb i madh se kon\u00e7esionet e sterilizimit apo check-up, dhe fati i saj mund t\u00eb jet\u00eb m\u00eb i r\u00ebnd\u00eb se i Ilir Beq\u00ebs.<\/p>\n<p>SPAK \u00ebsht\u00eb n\u00eb koh\u00eb p\u00ebr t\u2019u zgjuar, e p\u00ebr t\u00eb parandaluar nj\u00eb krim t\u00eb r\u00ebnd\u00eb financiar me jet\u00ebn dhe sh\u00ebndetin e qytetar\u00ebve.<\/p>\n<p><iframe loading=\"lazy\" src=\"https:\/\/www.facebook.com\/plugins\/post.php?href=https%3A%2F%2Fweb.facebook.com%2FBelindKellici.Official%2Fposts%2Fpfbid02hjc7bqFXM5ngtpy5Yqkd5kxH3udG1a2pDjwMpdbLsnbUdTx3JJQzCXGa3h6cE3H9l&amp;show_text=true&amp;width=500\" width=\"500\" height=\"683\" frameborder=\"0\" scrolling=\"no\" allowfullscreen=\"allowfullscreen\" data-mce-fragment=\"1\"><\/iframe><\/p>\n<\/div>\n<div id=\"rekl-33\"><\/div>\n","protected":false},"excerpt":{"rendered":"<p>N\u00ebnkryetari i PD, Belind K\u00eblli\u00e7i e konsideron dor\u00ebheqjen e ministers s\u00eb Sh\u00ebndet\u00ebsis\u00eb, Evis Salla si \u2018dor\u00ebzim\u2019 t\u00eb k\u00ebtij sektori n\u00eb duart e mikut izreaelit t\u00eb kryeministrit Edi Rama, pasi ministrja ka refuzuar t\u00eb firmos\u00eb p\u00ebr nj\u00eb projektligj. P\u00ebrmes nj\u00eb statusi n\u00eb rrjetet sociale, K\u00eblli\u00e7i shkruan se largimi i Sall\u00ebs ishte paralajm\u00ebruar nga PD, duke shtuar &hellip;<\/p>\n","protected":false},"author":4,"featured_media":152168,"comment_status":"closed","ping_status":"closed","sticky":false,"template":"","format":"standard","meta":{"footnotes":""},"categories":[37],"tags":[],"class_list":["post-152451","post","type-post","status-publish","format-standard","has-post-thumbnail","","category-politike"],"_links":{"self":[{"href":"https:\/\/rdnews.al\/index.php\/wp-json\/wp\/v2\/posts\/152451","targetHints":{"allow":["GET"]}}],"collection":[{"href":"https:\/\/rdnews.al\/index.php\/wp-json\/wp\/v2\/posts"}],"about":[{"href":"https:\/\/rdnews.al\/index.php\/wp-json\/wp\/v2\/types\/post"}],"author":[{"embeddable":true,"href":"https:\/\/rdnews.al\/index.php\/wp-json\/wp\/v2\/users\/4"}],"replies":[{"embeddable":true,"href":"https:\/\/rdnews.al\/index.php\/wp-json\/wp\/v2\/comments?post=152451"}],"version-history":[{"count":2,"href":"https:\/\/rdnews.al\/index.php\/wp-json\/wp\/v2\/posts\/152451\/revisions"}],"predecessor-version":[{"id":152453,"href":"https:\/\/rdnews.al\/index.php\/wp-json\/wp\/v2\/posts\/152451\/revisions\/152453"}],"wp:featuredmedia":[{"embeddable":true,"href":"https:\/\/rdnews.al\/index.php\/wp-json\/wp\/v2\/media\/152168"}],"wp:attachment":[{"href":"https:\/\/rdnews.al\/index.php\/wp-json\/wp\/v2\/media?parent=152451"}],"wp:term":[{"taxonomy":"category","embeddable":true,"href":"https:\/\/rdnews.al\/index.php\/wp-json\/wp\/v2\/categories?post=152451"},{"taxonomy":"post_tag","embeddable":true,"href":"https:\/\/rdnews.al\/index.php\/wp-json\/wp\/v2\/tags?post=152451"}],"curies":[{"name":"wp","href":"https:\/\/api.w.org\/{rel}","templated":true}]}}