{"id":152454,"date":"2026-09-02T12:56:50","date_gmt":"2026-09-02T12:56:50","guid":{"rendered":"https:\/\/rdnews.al\/?p=152454"},"modified":"2026-09-02T12:56:50","modified_gmt":"2026-09-02T12:56:50","slug":"veliaj-shkarkon-nga-burgu-edhe-kaqolin-tjeter-te-rames","status":"publish","type":"post","link":"https:\/\/rdnews.al\/index.php\/2026\/09\/02\/veliaj-shkarkon-nga-burgu-edhe-kaqolin-tjeter-te-rames\/","title":{"rendered":"Veliaj shkarkon nga burgu edhe kaqolin tjet\u00ebr t\u00eb Ram\u00ebs"},"content":{"rendered":"<p class=\"chapo\">Veliaj vijon t\u00eb nd\u00ebrhyj\u00eb n\u00eb drejtimin e Bashkis\u00eb s\u00eb Tiran\u00ebs edhe nga paraburgimi. Sipas burimeve p\u00ebr mediat, ai ka shkarkuar nga detyra n\u00ebnkryetarin Blendi Sulaj.<\/p>\n<p>Vendimi vjen pak dit\u00eb pas largimit t\u00eb Anuela Ristanit, Eldi Hoxh\u00ebs dhe Blerina Beshkut nga strukturat drejtuese t\u00eb Bashkis\u00eb, nd\u00ebrsa n\u00eb vend t\u00eb Hoxh\u00ebs u rikthye Alban Dokushi.<\/p>\n<p>L\u00ebvizjet ndodhin vet\u00ebm dy jav\u00eb para 15 shtatorit, kur Gjykata e Lart\u00eb do t\u00eb rishqyrtoj\u00eb mas\u00ebn e siguris\u00eb ndaj Veliajt, pas vendimit t\u00eb Gjykat\u00ebs Kushtetuese p\u00ebr t\u00eb vler\u00ebsuar proporcionalitetin e arrestit me burg.<\/p>\n<p>Nd\u00ebrkoh\u00eb, Veliaj vijon t\u00eb firmos\u00eb vendime dhe pagesa nga paraburgimi, duke ruajtur ndikimin n\u00eb administrimin e Bashkis\u00eb.<\/p>\n","protected":false},"excerpt":{"rendered":"<p>Veliaj vijon t\u00eb nd\u00ebrhyj\u00eb n\u00eb drejtimin e Bashkis\u00eb s\u00eb Tiran\u00ebs edhe nga paraburgimi. Sipas burimeve p\u00ebr mediat, ai ka shkarkuar nga detyra n\u00ebnkryetarin Blendi Sulaj. Vendimi vjen pak dit\u00eb pas largimit t\u00eb Anuela Ristanit, Eldi Hoxh\u00ebs dhe Blerina Beshkut nga strukturat drejtuese t\u00eb Bashkis\u00eb, nd\u00ebrsa n\u00eb vend t\u00eb Hoxh\u00ebs u rikthye Alban Dokushi. L\u00ebvizjet ndodhin &hellip;<\/p>\n","protected":false},"author":3,"featured_media":152455,"comment_status":"closed","ping_status":"closed","sticky":false,"template":"","format":"standard","meta":{"footnotes":""},"categories":[37],"tags":[],"class_list":["post-152454","post","type-post","status-publish","format-standard","has-post-thumbnail","","category-politike"],"_links":{"self":[{"href":"https:\/\/rdnews.al\/index.php\/wp-json\/wp\/v2\/posts\/152454","targetHints":{"allow":["GET"]}}],"collection":[{"href":"https:\/\/rdnews.al\/index.php\/wp-json\/wp\/v2\/posts"}],"about":[{"href":"https:\/\/rdnews.al\/index.php\/wp-json\/wp\/v2\/types\/post"}],"author":[{"embeddable":true,"href":"https:\/\/rdnews.al\/index.php\/wp-json\/wp\/v2\/users\/3"}],"replies":[{"embeddable":true,"href":"https:\/\/rdnews.al\/index.php\/wp-json\/wp\/v2\/comments?post=152454"}],"version-history":[{"count":1,"href":"https:\/\/rdnews.al\/index.php\/wp-json\/wp\/v2\/posts\/152454\/revisions"}],"predecessor-version":[{"id":152456,"href":"https:\/\/rdnews.al\/index.php\/wp-json\/wp\/v2\/posts\/152454\/revisions\/152456"}],"wp:featuredmedia":[{"embeddable":true,"href":"https:\/\/rdnews.al\/index.php\/wp-json\/wp\/v2\/media\/152455"}],"wp:attachment":[{"href":"https:\/\/rdnews.al\/index.php\/wp-json\/wp\/v2\/media?parent=152454"}],"wp:term":[{"taxonomy":"category","embeddable":true,"href":"https:\/\/rdnews.al\/index.php\/wp-json\/wp\/v2\/categories?post=152454"},{"taxonomy":"post_tag","embeddable":true,"href":"https:\/\/rdnews.al\/index.php\/wp-json\/wp\/v2\/tags?post=152454"}],"curies":[{"name":"wp","href":"https:\/\/api.w.org\/{rel}","templated":true}]}}