{"id":152457,"date":"2026-09-02T13:03:58","date_gmt":"2026-09-02T13:03:58","guid":{"rendered":"https:\/\/rdnews.al\/?p=152457"},"modified":"2026-09-02T13:03:58","modified_gmt":"2026-09-02T13:03:58","slug":"skandali-rama-bllokon-pagat-e-gjyqtareve-dhe-prokuroreve-ne-te-gjithe-vendin","status":"publish","type":"post","link":"https:\/\/rdnews.al\/index.php\/2026\/09\/02\/skandali-rama-bllokon-pagat-e-gjyqtareve-dhe-prokuroreve-ne-te-gjithe-vendin\/","title":{"rendered":"Skandali\/ Rama bllokon pagat e gjyqtar\u00ebve dhe prokuror\u00ebve n\u00eb t\u00eb gjith\u00eb vendin"},"content":{"rendered":"<div class=\"x14z9mp xat24cr x1lziwak x1vvkbs xtlvy1s x126k92a\">\n<div dir=\"auto\"><strong>Franc NURI<\/strong><\/div>\n<div dir=\"auto\"><\/div>\n<div dir=\"auto\">Sulmet e Edi Ram\u00ebs me gjyqtar\u00ebt dhe prokuror\u00ebt p\u00ebr \u00e7\u00ebshtjen e pagave nuk nisi sot. Ajo nisi kur Kryeministri sulmoi publikisht k\u00ebrkesat e magjistrat\u00ebve p\u00ebr pagat dhe ushtroi presion t\u00eb hapur politik ndaj Gjykat\u00ebs Kushtetuese, nd\u00ebrsa kjo kishte n\u00eb shqyrtim pik\u00ebrisht k\u00ebt\u00eb \u00e7\u00ebshtje.<\/div>\n<\/div>\n<div class=\"x14z9mp xat24cr x1lziwak x1vvkbs xtlvy1s x126k92a\">\n<div dir=\"auto\">Gjykata Kushtetuese nuk e pranoi t\u00ebr\u00ebsisht k\u00ebrkes\u00ebn, por e pranoi pjes\u00ebrisht, konstatoi problemin kushtetues dhe i la mazhoranc\u00ebs afat deri m\u00eb 31 korrik 2026 p\u00ebr t\u00eb b\u00ebr\u00eb rregullimin ligjor t\u00eb nevojsh\u00ebm.<\/div>\n<\/div>\n<div class=\"x14z9mp xat24cr x1lziwak x1vvkbs xtlvy1s x126k92a\">\n<div dir=\"auto\">Qeveria e Edi Ram\u00ebs nuk e zbatoi. Afati kaloi.<\/div>\n<\/div>\n<div class=\"x14z9mp xat24cr x1lziwak x1vvkbs xtlvy1s x126k92a\">\n<div dir=\"auto\">Dhe sot shkon edhe m\u00eb tej: p\u00ebrmes Ministris\u00eb s\u00eb Financave dhe Thesarit, bllokon pagat e gjyqtar\u00ebve dhe prokuror\u00ebve n\u00eb rang Republike.<\/div>\n<\/div>\n<div class=\"x14z9mp xat24cr x1lziwak x1vvkbs xtlvy1s x126k92a\">\n<div dir=\"auto\">E paprecedent\u00eb. E pad\u00ebgjuar. E patolerueshme.<\/div>\n<\/div>\n<div class=\"x14z9mp xat24cr x1lziwak x1vvkbs xtlvy1s x126k92a\">\n<div dir=\"auto\">Ky nuk \u00ebsht\u00eb m\u00eb debat p\u00ebr formul\u00ebn e pag\u00ebs. Ky \u00ebsht\u00eb presion i drejtp\u00ebrdrejt\u00eb financiar mbi pushtetin gjyq\u00ebsor dhe nj\u00eb nd\u00ebrhyrje flagrante n\u00eb pavar\u00ebsin\u00eb e tij.<\/div>\n<\/div>\n<div class=\"x14z9mp xat24cr x1lziwak x1vvkbs xtlvy1s x126k92a\">\n<div dir=\"auto\">Rama nuk mund ta trajtoj\u00eb drejt\u00ebsin\u00eb si nj\u00eb drejtori n\u00eb var\u00ebsi t\u00eb Kryeministris\u00eb.<\/div>\n<\/div>\n<div class=\"x14z9mp xat24cr x1lziwak x1vvkbs xtlvy1s x126k92a\">\n<div dir=\"auto\">N\u00eb nj\u00eb Republik\u00eb normale dhe funksionale, Kryeministri si gjith\u00eb t\u00eb tjer\u00ebt i bindet Kushtetut\u00ebs dhe vendimeve t\u00eb gjykatave. Nuk i nd\u00ebshkon gjykatat sepse nuk i binden atij.<\/div>\n<\/div>\n","protected":false},"excerpt":{"rendered":"<p>Franc NURI Sulmet e Edi Ram\u00ebs me gjyqtar\u00ebt dhe prokuror\u00ebt p\u00ebr \u00e7\u00ebshtjen e pagave nuk nisi sot. Ajo nisi kur Kryeministri sulmoi publikisht k\u00ebrkesat e magjistrat\u00ebve p\u00ebr pagat dhe ushtroi presion t\u00eb hapur politik ndaj Gjykat\u00ebs Kushtetuese, nd\u00ebrsa kjo kishte n\u00eb shqyrtim pik\u00ebrisht k\u00ebt\u00eb \u00e7\u00ebshtje. Gjykata Kushtetuese nuk e pranoi t\u00ebr\u00ebsisht k\u00ebrkes\u00ebn, por e pranoi &hellip;<\/p>\n","protected":false},"author":3,"featured_media":152458,"comment_status":"closed","ping_status":"closed","sticky":false,"template":"","format":"standard","meta":{"footnotes":""},"categories":[37],"tags":[],"class_list":["post-152457","post","type-post","status-publish","format-standard","has-post-thumbnail","","category-politike"],"_links":{"self":[{"href":"https:\/\/rdnews.al\/index.php\/wp-json\/wp\/v2\/posts\/152457","targetHints":{"allow":["GET"]}}],"collection":[{"href":"https:\/\/rdnews.al\/index.php\/wp-json\/wp\/v2\/posts"}],"about":[{"href":"https:\/\/rdnews.al\/index.php\/wp-json\/wp\/v2\/types\/post"}],"author":[{"embeddable":true,"href":"https:\/\/rdnews.al\/index.php\/wp-json\/wp\/v2\/users\/3"}],"replies":[{"embeddable":true,"href":"https:\/\/rdnews.al\/index.php\/wp-json\/wp\/v2\/comments?post=152457"}],"version-history":[{"count":2,"href":"https:\/\/rdnews.al\/index.php\/wp-json\/wp\/v2\/posts\/152457\/revisions"}],"predecessor-version":[{"id":152460,"href":"https:\/\/rdnews.al\/index.php\/wp-json\/wp\/v2\/posts\/152457\/revisions\/152460"}],"wp:featuredmedia":[{"embeddable":true,"href":"https:\/\/rdnews.al\/index.php\/wp-json\/wp\/v2\/media\/152458"}],"wp:attachment":[{"href":"https:\/\/rdnews.al\/index.php\/wp-json\/wp\/v2\/media?parent=152457"}],"wp:term":[{"taxonomy":"category","embeddable":true,"href":"https:\/\/rdnews.al\/index.php\/wp-json\/wp\/v2\/categories?post=152457"},{"taxonomy":"post_tag","embeddable":true,"href":"https:\/\/rdnews.al\/index.php\/wp-json\/wp\/v2\/tags?post=152457"}],"curies":[{"name":"wp","href":"https:\/\/api.w.org\/{rel}","templated":true}]}}