{"id":152461,"date":"2026-09-02T16:39:15","date_gmt":"2026-09-02T16:39:15","guid":{"rendered":"https:\/\/rdnews.al\/?p=152461"},"modified":"2026-09-02T17:29:25","modified_gmt":"2026-09-02T17:29:25","slug":"alimehmeti-pse-u-largua-evis-sala-te-dale-te-sqaroje-publikun","status":"publish","type":"post","link":"https:\/\/rdnews.al\/index.php\/2026\/09\/02\/alimehmeti-pse-u-largua-evis-sala-te-dale-te-sqaroje-publikun\/","title":{"rendered":"Ilir Alimehmeti\/ Iku me kok\u00ebn posht\u00eb apo me kok\u00ebn lart Evis Sala?"},"content":{"rendered":"<p>Drejtuesi i Departamentit t\u00eb Sh\u00ebndet\u00ebsis\u00eb n\u00eb PD, Ilir Alimehmeti p\u00ebrmes nj\u00eb statusi publik ka ngritur dyshime mbi arsyet e largimit t\u00eb Evis Sal\u00ebs nga Ministria e Sh\u00ebndet\u00ebsis\u00eb.<\/p>\n<p>Sipas tij, burimet mediatike flasin p\u00ebr mosdakord\u00ebsi me nj\u00eb projektligj q\u00eb lidhet me koncesionet, tenderat dhe kontratat n\u00eb sh\u00ebndet\u00ebsi. Alimehmeti i k\u00ebrkon Sal\u00ebs t\u00eb dal\u00eb publikisht dhe t\u00eb sqaroj\u00eb t\u00eb v\u00ebrtet\u00ebn e largimit.<\/p>\n<p><strong>Reagimi<\/strong><\/p>\n<p>Iku me kok\u00ebn posht\u00eb apo iku me kok\u00ebn lart znj. Evis Sala nga drejtimi i Ministris\u00eb s\u00eb Sh\u00ebndet\u00ebsis\u00eb?<\/p>\n<p>Kur merret p\u00ebrsip\u00ebr udh\u00ebheqja e nj\u00eb institucioni kaq t\u00eb r\u00ebnd\u00ebsish\u00ebm q\u00eb ka p\u00ebrsip\u00ebr barr\u00ebn e sh\u00ebrbimit sh\u00ebndet\u00ebsor, \u00e7dokush vet\u00ebkupton q\u00eb ka ngarkesa, presione dhe lodhje t\u00eb skajshme profesionale, politike dhe n\u00eb fund edhe familjare dhe individuale!<\/p>\n<p>Kurrsesi nuk mund t\u00eb pranohet q\u00eb largimi b\u00ebhet p\u00ebr angazhime personale profesionale nd\u00ebrkomb\u00ebtare, se kjo do t\u00eb thot\u00eb q\u00eb kurr\u00eb nuk e ka pasur prioritet interesin publik kundrejt atij vetiak!<\/p>\n<p>Un\u00eb nuk e besoj k\u00ebt\u00eb!<\/p>\n<p>Por kush \u00ebsht\u00eb shkaku i v\u00ebrtet\u00eb i largimit t\u00eb saj?<\/p>\n<p>Vuri re q\u00eb nuk kishte aft\u00ebsi n\u00eb at\u00eb drejtim politik?<\/p>\n<p>Plasi ndonj\u00eb skandal madhor q\u00eb e largoi?<\/p>\n<p>Pati ndonj\u00eb presion madhor ndaj saj?<\/p>\n<p>Nuk ishte dakord p\u00ebr m\u00ebnyr\u00ebn e udh\u00ebheqjes s\u00eb qeveris\u00eb?<\/p>\n<p>P\u00ebr t\u00eb ruajtur integritetin e figur\u00ebs s\u00eb saj profesionale, nevojitet q\u00eb ajo vet\u00eb t\u00eb sqaroj\u00eb publikun!<\/p>\n<p>Burimet mediatike dhe korridoret e Ministris\u00eb s\u00eb Sh\u00ebndet\u00ebsis\u00eb konvergojn\u00eb drejt mosdakord\u00ebsis\u00eb s\u00eb saj p\u00ebr te firmosur nj\u00eb projektligj q\u00eb i dor\u00ebzon nj\u00eb dore t\u00eb vetme t\u00eb gjith\u00eb sh\u00ebndet\u00ebsin\u00eb me koncesionet, tenderat dhe kontratat e saj!<\/p>\n<p>N\u00ebse kjo \u00ebsht\u00eb e v\u00ebrteta e largimit t\u00eb saj, ajo duhet t\u00eb ngrihet n\u00eb lart\u00ebsin\u00eb e detyr\u00ebs q\u00eb kishte, t\u00eb dal\u00eb me kok\u00ebn lart dhe integritetin e ruajtur e ta denoncoj\u00eb k\u00ebt\u00eb tradh\u00ebti ndaj sh\u00ebndet\u00ebsis\u00eb q\u00eb b\u00ebn kryeministri!<\/p>\n<p>T\u00eb gjith\u00eb do t&#8217;i themi &#8220;Bravo t\u00eb qoft\u00eb, kaq mund t\u00eb b\u00ebje n\u00eb k\u00ebt\u00eb sistem t\u00eb kalbur!&#8221;.<\/p>\n<p>N\u00ebse kjo \u00ebsht\u00eb e v\u00ebrteta dhe ajo largohet pa folur, do t\u00eb thot\u00eb q\u00eb me mosveprim ajo \u00ebsht\u00eb dakord q\u00eb kjo megaafer\u00eb gjithsesi t\u00eb ndodh\u00eb por jo me firm\u00ebn e saj q\u00eb t\u00eb mos ket\u00eb pasoja juridike p\u00ebr t\u00eb personalisht!<\/p>\n<p>N\u00eb k\u00ebt\u00eb rast rezulton se ajo, si shum\u00eb shfryt\u00ebzues dhe abuzues t\u00eb tjer\u00eb, mendon vet\u00ebm p\u00ebr veten e saj dhe nuk ka pasur kurr\u00eb interesin publik t\u00eb sh\u00ebndetit n\u00eb prioritet!<\/p>\n<p>Kok\u00ebn lart apo kok\u00ebn posht\u00eb n\u00eb dalje p\u00ebr veten e saj do ta vendos\u00eb vet\u00eb ajo!<\/p>\n<p>Fatkeq\u00ebsisht n\u00eb nj\u00eb vit t\u00eb plot\u00eb diellor nuk arriti dot t\u00eb l\u00ebr\u00eb as gjurm\u00ebn m\u00eb t\u00eb vog\u00ebl t\u00eb p\u00ebrmir\u00ebsimit t\u00eb sistemit sh\u00ebndet\u00ebsor, por vet\u00ebm fraza &#8220;do t\u00eb presim t\u00eb dh\u00ebna&#8221;, &#8220;do t\u00eb presim deri n\u00eb fund t\u00eb vitit&#8221;, &#8220;nuk kam pasur nevoj\u00eb p\u00ebr ila\u00e7e dhe nuk e di q\u00eb jan\u00eb rritur \u00e7mimet&#8221;, e t\u00eb tjera si k\u00ebto!<\/p>\n<p>T\u00eb vaft\u00eb mbar\u00eb angazhimi nd\u00ebrkomb\u00ebtar, se p\u00ebr angazhimin komb\u00ebtar m\u00eb mir\u00eb t\u00eb mos flitet m\u00eb!<\/p>\n","protected":false},"excerpt":{"rendered":"<p>Drejtuesi i Departamentit t\u00eb Sh\u00ebndet\u00ebsis\u00eb n\u00eb PD, Ilir Alimehmeti p\u00ebrmes nj\u00eb statusi publik ka ngritur dyshime mbi arsyet e largimit t\u00eb Evis Sal\u00ebs nga Ministria e Sh\u00ebndet\u00ebsis\u00eb. Sipas tij, burimet mediatike flasin p\u00ebr mosdakord\u00ebsi me nj\u00eb projektligj q\u00eb lidhet me koncesionet, tenderat dhe kontratat n\u00eb sh\u00ebndet\u00ebsi. Alimehmeti i k\u00ebrkon Sal\u00ebs t\u00eb dal\u00eb publikisht dhe t\u00eb &hellip;<\/p>\n","protected":false},"author":4,"featured_media":152462,"comment_status":"closed","ping_status":"closed","sticky":false,"template":"","format":"standard","meta":{"footnotes":""},"categories":[37],"tags":[],"class_list":["post-152461","post","type-post","status-publish","format-standard","has-post-thumbnail","","category-politike"],"_links":{"self":[{"href":"https:\/\/rdnews.al\/index.php\/wp-json\/wp\/v2\/posts\/152461","targetHints":{"allow":["GET"]}}],"collection":[{"href":"https:\/\/rdnews.al\/index.php\/wp-json\/wp\/v2\/posts"}],"about":[{"href":"https:\/\/rdnews.al\/index.php\/wp-json\/wp\/v2\/types\/post"}],"author":[{"embeddable":true,"href":"https:\/\/rdnews.al\/index.php\/wp-json\/wp\/v2\/users\/4"}],"replies":[{"embeddable":true,"href":"https:\/\/rdnews.al\/index.php\/wp-json\/wp\/v2\/comments?post=152461"}],"version-history":[{"count":3,"href":"https:\/\/rdnews.al\/index.php\/wp-json\/wp\/v2\/posts\/152461\/revisions"}],"predecessor-version":[{"id":152477,"href":"https:\/\/rdnews.al\/index.php\/wp-json\/wp\/v2\/posts\/152461\/revisions\/152477"}],"wp:featuredmedia":[{"embeddable":true,"href":"https:\/\/rdnews.al\/index.php\/wp-json\/wp\/v2\/media\/152462"}],"wp:attachment":[{"href":"https:\/\/rdnews.al\/index.php\/wp-json\/wp\/v2\/media?parent=152461"}],"wp:term":[{"taxonomy":"category","embeddable":true,"href":"https:\/\/rdnews.al\/index.php\/wp-json\/wp\/v2\/categories?post=152461"},{"taxonomy":"post_tag","embeddable":true,"href":"https:\/\/rdnews.al\/index.php\/wp-json\/wp\/v2\/tags?post=152461"}],"curies":[{"name":"wp","href":"https:\/\/api.w.org\/{rel}","templated":true}]}}