{"id":152464,"date":"2026-09-02T16:42:33","date_gmt":"2026-09-02T16:42:33","guid":{"rendered":"https:\/\/rdnews.al\/?p=152464"},"modified":"2026-09-02T16:42:33","modified_gmt":"2026-09-02T16:42:33","slug":"bardhi-thirrje-gjk-shqyrtoni-dhe-shfuqizoni-ligjin-korruptiv-per-paketen-e-maleve","status":"publish","type":"post","link":"https:\/\/rdnews.al\/index.php\/2026\/09\/02\/bardhi-thirrje-gjk-shqyrtoni-dhe-shfuqizoni-ligjin-korruptiv-per-paketen-e-maleve\/","title":{"rendered":"Bardhi thirrje GJK: Shqyrtoni dhe shfuqizoni ligjin korruptiv \u201cP\u00ebr Paket\u00ebn e Maleve\u201d!"},"content":{"rendered":"<p>Kreu i Grupit Parlamentar t\u00eb PD, Gazment Bardhi i ka b\u00ebr\u00eb thirrje Gjykat\u00ebs Kushtetuese t\u00eb marr\u00eb sa m\u00eb par\u00eb n\u00eb shqyrtim e t\u00eb shfuqizoj\u00eb, at\u00eb q\u00eb PD e cil\u00ebson si ligj korruptiv, \u2018Paket\u00ebn e Maleve\u2019.<\/p>\n<p>P\u00ebrmes nj\u00eb deklarate, Bardhi thekson se, Paketa e Maleve \u00ebsht\u00eb antikushtetuese, pasi cenon interesat e shtetit dhe t\u00eb drejt\u00ebn e pron\u00ebs private.<\/p>\n<p><strong>Deklarata <\/strong><\/p>\n<p>Ligji korruptiv \u201cP\u00ebr Paket\u00ebn e Maleve\u201d \u00ebsht\u00eb antikushtetues, pasi cenon interesat e shtetit dhe t\u00eb drejt\u00ebn e pron\u00ebs private. Ky ligj \u00ebsht\u00eb kund\u00ebrshtuar nga Grupi Parlamentar i Partis\u00eb Demokratike n\u00eb Gjykat\u00ebn Kushtetuese dhe ne presim q\u00eb kjo Gjykat\u00eb t\u00eb mbaj\u00eb q\u00ebndrim sa m\u00eb shpejt, n\u00eb mbrojtje t\u00eb Kushtetut\u00ebs dhe t\u00eb interesit publik.<\/p>\n<p>T\u00eb gjith\u00eb jemi d\u00ebshmitar\u00eb t\u00eb pasojave q\u00eb ka krijuar vendimi i paqart\u00eb dhe thell\u00ebsisht d\u00ebmsh\u00ebm i Gjykat\u00ebs Kushtetuese p\u00ebr ndryshimet n\u00eb ligjin p\u00ebr zonat e mbrojtura. Pasojat e vendimmarrjeve t\u00eb padrejta t\u00eb Gjykat\u00ebs Kushtetuese jan\u00eb afatgjata dhe, n\u00eb fund t\u00eb fundit, i vuajn\u00eb qytetar\u00ebt shqiptar\u00eb.<\/p>\n<p>Si ndihen sot pes\u00eb an\u00ebtar\u00ebt e Gjykat\u00ebs Kushtetuese q\u00eb, n\u00eb vitin 2024, legjitimuan ndryshimet ligjore p\u00ebr zonat e mbrojtura, duke i hapur rrug\u00eb nd\u00ebrtimeve? Si ndihen pas ngjarjes s\u00eb r\u00ebnd\u00eb t\u00eb ndodhur n\u00eb Zv\u00ebrnec, pas 94 dit\u00ebsh protest\u00eb t\u00eb mij\u00ebra qytetar\u00ebve shqiptar\u00eb, apo tani q\u00eb Bashkimi Evropian k\u00ebrkon anulimin e k\u00ebtij ligji?<\/p>\n<p>K\u00ebt\u00eb duhet t\u00eb na e shpjegojn\u00eb ata.<\/p>\n<p>A ndiejn\u00eb p\u00ebrgjegj\u00ebsi t\u2019u k\u00ebrkojn\u00eb falje qytetar\u00ebve shqiptar\u00eb? Edhe k\u00ebt\u00eb duhet t\u00eb na e shpjegojn\u00eb ata.<\/p>\n<p>Ajo q\u00eb mund t\u00eb them me siguri \u00ebsht\u00eb se uroj dhe shpresoj q\u00eb t\u00eb nj\u00ebjtin d\u00ebm ndaj interesit publik Gjykata Kushtetuese t\u00eb mos e shkaktoj\u00eb edhe me ligjin korruptiv \u201cP\u00ebr Paket\u00ebn e Maleve\u201d. Sepse ka \u00e7\u00ebshtje q\u00eb shkojn\u00eb p\u00ebrtej interesit t\u00eb momentit dhe p\u00ebrtej interesit politik t\u00eb nj\u00eb Kryeministri.<\/p>\n<p>Gjykata Kushtetuese ekziston p\u00ebr t\u00eb mbrojtur Kushtetut\u00ebn, shtetin dhe interesin publik n\u00eb afatgjat\u00eb, jo p\u00ebr t\u2019i sh\u00ebrbyer interesave afatshkurtra politike t\u00eb nj\u00eb Kryeministri. Prandaj, sot m\u00eb shum\u00eb se kurr\u00eb, k\u00ebrkohet nj\u00eb vendimmarrje e pavarur, e shpejt, e drejt\u00eb dhe n\u00eb p\u00ebrputhje me Kushtetut\u00ebn. \u00c7do vendim tjet\u00ebr do t\u00eb r\u00ebndonte edhe m\u00eb shum\u00eb mbi qytetar\u00ebt dhe mbi besimin e tyre te institucionet e drejt\u00ebsis\u00eb.<\/p>\n<p>Interesi i shtetit dhe e drejta e pron\u00ebs nuk mund t\u00eb sakrifikohen p\u00ebr interesa politike t\u00eb dit\u00ebs.<\/p>\n","protected":false},"excerpt":{"rendered":"<p>Kreu i Grupit Parlamentar t\u00eb PD, Gazment Bardhi i ka b\u00ebr\u00eb thirrje Gjykat\u00ebs Kushtetuese t\u00eb marr\u00eb sa m\u00eb par\u00eb n\u00eb shqyrtim e t\u00eb shfuqizoj\u00eb, at\u00eb q\u00eb PD e cil\u00ebson si ligj korruptiv, \u2018Paket\u00ebn e Maleve\u2019. P\u00ebrmes nj\u00eb deklarate, Bardhi thekson se, Paketa e Maleve \u00ebsht\u00eb antikushtetuese, pasi cenon interesat e shtetit dhe t\u00eb drejt\u00ebn e &hellip;<\/p>\n","protected":false},"author":4,"featured_media":149780,"comment_status":"closed","ping_status":"closed","sticky":false,"template":"","format":"standard","meta":{"footnotes":""},"categories":[37],"tags":[],"class_list":["post-152464","post","type-post","status-publish","format-standard","has-post-thumbnail","","category-politike"],"_links":{"self":[{"href":"https:\/\/rdnews.al\/index.php\/wp-json\/wp\/v2\/posts\/152464","targetHints":{"allow":["GET"]}}],"collection":[{"href":"https:\/\/rdnews.al\/index.php\/wp-json\/wp\/v2\/posts"}],"about":[{"href":"https:\/\/rdnews.al\/index.php\/wp-json\/wp\/v2\/types\/post"}],"author":[{"embeddable":true,"href":"https:\/\/rdnews.al\/index.php\/wp-json\/wp\/v2\/users\/4"}],"replies":[{"embeddable":true,"href":"https:\/\/rdnews.al\/index.php\/wp-json\/wp\/v2\/comments?post=152464"}],"version-history":[{"count":1,"href":"https:\/\/rdnews.al\/index.php\/wp-json\/wp\/v2\/posts\/152464\/revisions"}],"predecessor-version":[{"id":152465,"href":"https:\/\/rdnews.al\/index.php\/wp-json\/wp\/v2\/posts\/152464\/revisions\/152465"}],"wp:featuredmedia":[{"embeddable":true,"href":"https:\/\/rdnews.al\/index.php\/wp-json\/wp\/v2\/media\/149780"}],"wp:attachment":[{"href":"https:\/\/rdnews.al\/index.php\/wp-json\/wp\/v2\/media?parent=152464"}],"wp:term":[{"taxonomy":"category","embeddable":true,"href":"https:\/\/rdnews.al\/index.php\/wp-json\/wp\/v2\/categories?post=152464"},{"taxonomy":"post_tag","embeddable":true,"href":"https:\/\/rdnews.al\/index.php\/wp-json\/wp\/v2\/tags?post=152464"}],"curies":[{"name":"wp","href":"https:\/\/api.w.org\/{rel}","templated":true}]}}