{"id":152468,"date":"2026-09-02T17:00:28","date_gmt":"2026-09-02T17:00:28","guid":{"rendered":"https:\/\/rdnews.al\/?p=152468"},"modified":"2026-09-02T17:00:28","modified_gmt":"2026-09-02T17:00:28","slug":"brikeni-ngriti-154-kg-federata-nuk-mban-as-peshen-e-detyres","status":"publish","type":"post","link":"https:\/\/rdnews.al\/index.php\/2026\/09\/02\/brikeni-ngriti-154-kg-federata-nuk-mban-as-peshen-e-detyres\/","title":{"rendered":"Brikeni ngriti 154 kg, Federata nuk mban as pesh\u00ebn e detyr\u00ebs"},"content":{"rendered":"<p><strong>Nga Lu\u00e7iano BO\u00c7I<\/strong><\/p>\n<p>Briken Calja, djali i Sht\u00ebrmenit dhe krenaria e Elbasanit, i dha Shqip\u00ebris\u00eb medalje ari, medalje bronzi dhe kat\u00ebr rekorde n\u00eb Loj\u00ebrat Mesdhetare.<\/p>\n<p>Por pas k\u00ebtij triumfi doli n\u00eb drit\u00eb nj\u00eb realitet i turpsh\u00ebm. Federata Shqiptare e Pesh\u00ebngritjes kishte vendosur t\u00eb mos d\u00ebrgonte trajnerin e tij. Vet\u00ebm nd\u00ebrhyrja e Komitetit Olimpik b\u00ebri t\u00eb mundur rikthimin e trajnerit n\u00eb delegacion.<\/p>\n<p>Nj\u00eb kampioni Bote dhe Europe nuk i hiqet trajneri n\u00eb prag t\u00eb gar\u00ebs!<\/p>\n<p>Kjo nuk \u00ebsht\u00eb nj\u00eb pakujdesi burokratike, por nj\u00eb goditje psikologjike dhe nj\u00eb akt pap\u00ebrgjegjshm\u00ebrie ndaj nj\u00eb sportisti q\u00eb ngre lart flamurin komb\u00ebtar.<\/p>\n<p>Brikeni fitoi jo vet\u00ebm p\u00ebrball\u00eb kund\u00ebrshtar\u00ebve, por edhe p\u00ebrball\u00eb pengesave q\u00eb i ngrit\u00ebn ata q\u00eb duhej ta mb\u00ebshtesnin.<\/p>\n<p>Federata duhet t\u00eb p\u00ebrgjigjet publikisht sepse<\/p>\n<p>rimet hipokrite pas medaljes nuk e fshijn\u00eb posht\u00ebrimin para gar\u00ebs. Sportist\u00ebt tan\u00eb nuk mund t\u00eb vazhdojn\u00eb t\u00eb fitojn\u00eb pavar\u00ebsisht institucioneve, kur duhet t\u00eb fitojn\u00eb fal\u00eb mb\u00ebshtetjes s\u00eb tyre.<\/p>\n<p>Briken Calja fitoi medaljen.<\/p>\n<p>Federata humbi fytyr\u00ebn!<\/p>\n<p><img decoding=\"async\" src=\"https:\/\/scontent.ftia5-1.fna.fbcdn.net\/v\/t39.99422-6\/794228778_1764768584890493_2837784920837131683_n.png?stp=dst-jpg_tt6&amp;cstp=mx1320x1234&amp;ctp=p552x414&amp;_nc_cat=110&amp;ccb=1-7&amp;_nc_sid=833d8c&amp;_nc_ohc=h66ltkbT99EQ7kNvwEjoGQV&amp;_nc_oc=AdpGabCPQ8rUwOmyYub6ENr4-c-VSsIYff910ZoRbeCCs2gsEA6Af_UjFZE-hZco71Y&amp;_nc_zt=14&amp;_nc_ht=scontent.ftia5-1.fna&amp;_nc_gid=yfSLp7CQJVxnwTleewljZQ&amp;_nc_ss=7b2a8&amp;oh=00_AQL1ORG0lAHZB_yyVAwazFE0UXt1YAvmqCtWuqCMyF43kg&amp;oe=6A9E34D2\" alt=\"Mund t\u00eb jet\u00eb nj\u00eb imazh i \u200eteksti q\u00eb thot\u00eb &quot;\u200eB\u00ebri Shqip\u00ebrin\u00eb krenare, por 'shp\u00ebrthen' pas medaljes\/ Calja: Federat\u00eb qesharake LAJMIFUNDIT \/ 1 SHTATOR 2026, 15:51 55 WERK \u05e9 2021 2021\/2 E Un \u3056N \u1218\u1235\u1303 \u101f IWF YaM DO% LBANIA\u200e&quot;\u200e\" \/><\/p>\n<p>&nbsp;<\/p>\n","protected":false},"excerpt":{"rendered":"<p>Nga Lu\u00e7iano BO\u00c7I Briken Calja, djali i Sht\u00ebrmenit dhe krenaria e Elbasanit, i dha Shqip\u00ebris\u00eb medalje ari, medalje bronzi dhe kat\u00ebr rekorde n\u00eb Loj\u00ebrat Mesdhetare. Por pas k\u00ebtij triumfi doli n\u00eb drit\u00eb nj\u00eb realitet i turpsh\u00ebm. Federata Shqiptare e Pesh\u00ebngritjes kishte vendosur t\u00eb mos d\u00ebrgonte trajnerin e tij. Vet\u00ebm nd\u00ebrhyrja e Komitetit Olimpik b\u00ebri t\u00eb &hellip;<\/p>\n","protected":false},"author":4,"featured_media":152469,"comment_status":"closed","ping_status":"closed","sticky":false,"template":"","format":"standard","meta":{"footnotes":""},"categories":[44],"tags":[],"class_list":["post-152468","post","type-post","status-publish","format-standard","has-post-thumbnail","","category-editorial"],"_links":{"self":[{"href":"https:\/\/rdnews.al\/index.php\/wp-json\/wp\/v2\/posts\/152468","targetHints":{"allow":["GET"]}}],"collection":[{"href":"https:\/\/rdnews.al\/index.php\/wp-json\/wp\/v2\/posts"}],"about":[{"href":"https:\/\/rdnews.al\/index.php\/wp-json\/wp\/v2\/types\/post"}],"author":[{"embeddable":true,"href":"https:\/\/rdnews.al\/index.php\/wp-json\/wp\/v2\/users\/4"}],"replies":[{"embeddable":true,"href":"https:\/\/rdnews.al\/index.php\/wp-json\/wp\/v2\/comments?post=152468"}],"version-history":[{"count":2,"href":"https:\/\/rdnews.al\/index.php\/wp-json\/wp\/v2\/posts\/152468\/revisions"}],"predecessor-version":[{"id":152471,"href":"https:\/\/rdnews.al\/index.php\/wp-json\/wp\/v2\/posts\/152468\/revisions\/152471"}],"wp:featuredmedia":[{"embeddable":true,"href":"https:\/\/rdnews.al\/index.php\/wp-json\/wp\/v2\/media\/152469"}],"wp:attachment":[{"href":"https:\/\/rdnews.al\/index.php\/wp-json\/wp\/v2\/media?parent=152468"}],"wp:term":[{"taxonomy":"category","embeddable":true,"href":"https:\/\/rdnews.al\/index.php\/wp-json\/wp\/v2\/categories?post=152468"},{"taxonomy":"post_tag","embeddable":true,"href":"https:\/\/rdnews.al\/index.php\/wp-json\/wp\/v2\/tags?post=152468"}],"curies":[{"name":"wp","href":"https:\/\/api.w.org\/{rel}","templated":true}]}}