{"id":152483,"date":"2026-09-02T17:59:26","date_gmt":"2026-09-02T17:59:26","guid":{"rendered":"https:\/\/rdnews.al\/?p=152483"},"modified":"2026-09-02T17:59:26","modified_gmt":"2026-09-02T17:59:26","slug":"qeveria-i-shpall-lufte-gjyqesorit-u-blllokon-pagat-gjyqtareve-dhe-prokuroreve","status":"publish","type":"post","link":"https:\/\/rdnews.al\/index.php\/2026\/09\/02\/qeveria-i-shpall-lufte-gjyqesorit-u-blllokon-pagat-gjyqtareve-dhe-prokuroreve\/","title":{"rendered":"Qeveria i shpall \u201cluft\u00eb&#8221; gjyq\u00ebsorit, u blllokon pagat gjyqtar\u00ebve dhe prokuror\u00ebve"},"content":{"rendered":"<p><strong>Franci NURI<\/strong><br \/>\n<strong>Sekretar p\u00ebr t\u00eb Drejtat e Njeriut<\/strong><br \/>\n<strong>Partia Demokratike\u00a0<\/strong><\/p>\n<p>Sulmet e Edi Ram\u00ebs me gjyqtar\u00ebt dhe prokuror\u00ebt p\u00ebr \u00e7\u00ebshtjen e pagave nuk nisi sot. Ajo nisi kur Kryeministri sulmoi publikisht k\u00ebrkesat e magjistrat\u00ebve p\u00ebr pagat dhe ushtroi presion t\u00eb hapur politik ndaj Gjykat\u00ebs Kushtetuese, nd\u00ebrsa kjo kishte n\u00eb shqyrtim pik\u00ebrisht k\u00ebt\u00eb \u00e7\u00ebshtje.<\/p>\n<p>Gjykata Kushtetuese nuk e pranoi t\u00ebr\u00ebsisht k\u00ebrkes\u00ebn, por e pranoi pjes\u00ebrisht, konstatoi problemin kushtetues dhe i la mazhoranc\u00ebs afat deri m\u00eb 31 korrik 2026 p\u00ebr t\u00eb b\u00ebr\u00eb rregullimin ligjor t\u00eb nevojsh\u00ebm.<\/p>\n<p>Qeveria e Edi Ram\u00ebs nuk e zbatoi. Afati kaloi.<\/p>\n<p>Dhe sot shkon edhe m\u00eb tej: p\u00ebrmes Ministris\u00eb s\u00eb Financave dhe Thesarit, bllokon pagat e gjyqtar\u00ebve dhe prokuror\u00ebve n\u00eb rang Republike.<\/p>\n<p>E paprecedent\u00eb. E pad\u00ebgjuar. E patolerueshme.<\/p>\n<p>Ky nuk \u00ebsht\u00eb m\u00eb debat p\u00ebr formul\u00ebn e pag\u00ebs. Ky \u00ebsht\u00eb presion i drejtp\u00ebrdrejt\u00eb financiar mbi pushtetin gjyq\u00ebsor dhe nj\u00eb nd\u00ebrhyrje flagrante n\u00eb pavar\u00ebsin\u00eb e tij.<br \/>\nRama nuk mund ta trajtoj\u00eb drejt\u00ebsin\u00eb si nj\u00eb drejtori n\u00eb var\u00ebsi t\u00eb Kryeministris\u00eb.<\/p>\n<p>N\u00eb nj\u00eb Republik\u00eb normale dhe funksionale, Kryeministri si gjith\u00eb t\u00eb tjer\u00ebt i bindet Kushtetut\u00ebs dhe vendimeve t\u00eb gjykatave. Nuk i nd\u00ebshkon gjykatat sepse nuk i binden atij.<\/p>\n","protected":false},"excerpt":{"rendered":"<p>Franci NURI Sekretar p\u00ebr t\u00eb Drejtat e Njeriut Partia Demokratike\u00a0 Sulmet e Edi Ram\u00ebs me gjyqtar\u00ebt dhe prokuror\u00ebt p\u00ebr \u00e7\u00ebshtjen e pagave nuk nisi sot. Ajo nisi kur Kryeministri sulmoi publikisht k\u00ebrkesat e magjistrat\u00ebve p\u00ebr pagat dhe ushtroi presion t\u00eb hapur politik ndaj Gjykat\u00ebs Kushtetuese, nd\u00ebrsa kjo kishte n\u00eb shqyrtim pik\u00ebrisht k\u00ebt\u00eb \u00e7\u00ebshtje. Gjykata Kushtetuese &hellip;<\/p>\n","protected":false},"author":4,"featured_media":116840,"comment_status":"closed","ping_status":"closed","sticky":false,"template":"","format":"standard","meta":{"footnotes":""},"categories":[37],"tags":[],"class_list":["post-152483","post","type-post","status-publish","format-standard","has-post-thumbnail","","category-politike"],"_links":{"self":[{"href":"https:\/\/rdnews.al\/index.php\/wp-json\/wp\/v2\/posts\/152483","targetHints":{"allow":["GET"]}}],"collection":[{"href":"https:\/\/rdnews.al\/index.php\/wp-json\/wp\/v2\/posts"}],"about":[{"href":"https:\/\/rdnews.al\/index.php\/wp-json\/wp\/v2\/types\/post"}],"author":[{"embeddable":true,"href":"https:\/\/rdnews.al\/index.php\/wp-json\/wp\/v2\/users\/4"}],"replies":[{"embeddable":true,"href":"https:\/\/rdnews.al\/index.php\/wp-json\/wp\/v2\/comments?post=152483"}],"version-history":[{"count":2,"href":"https:\/\/rdnews.al\/index.php\/wp-json\/wp\/v2\/posts\/152483\/revisions"}],"predecessor-version":[{"id":152485,"href":"https:\/\/rdnews.al\/index.php\/wp-json\/wp\/v2\/posts\/152483\/revisions\/152485"}],"wp:featuredmedia":[{"embeddable":true,"href":"https:\/\/rdnews.al\/index.php\/wp-json\/wp\/v2\/media\/116840"}],"wp:attachment":[{"href":"https:\/\/rdnews.al\/index.php\/wp-json\/wp\/v2\/media?parent=152483"}],"wp:term":[{"taxonomy":"category","embeddable":true,"href":"https:\/\/rdnews.al\/index.php\/wp-json\/wp\/v2\/categories?post=152483"},{"taxonomy":"post_tag","embeddable":true,"href":"https:\/\/rdnews.al\/index.php\/wp-json\/wp\/v2\/tags?post=152483"}],"curies":[{"name":"wp","href":"https:\/\/api.w.org\/{rel}","templated":true}]}}