{"id":152486,"date":"2026-09-02T18:28:49","date_gmt":"2026-09-02T18:28:49","guid":{"rendered":"https:\/\/rdnews.al\/?p=152486"},"modified":"2026-09-02T18:28:49","modified_gmt":"2026-09-02T18:28:49","slug":"aktivistja-nuk-na-trembni-me-arrestime-prangat-ua-vendosni-atyre-qe-jane-ne-qeveri","status":"publish","type":"post","link":"https:\/\/rdnews.al\/index.php\/2026\/09\/02\/aktivistja-nuk-na-trembni-me-arrestime-prangat-ua-vendosni-atyre-qe-jane-ne-qeveri\/","title":{"rendered":"Aktivistja: Nuk na trembni me arrestime! Prangat ua vendosni atyre q\u00eb jan\u00eb n\u00eb qeveri!"},"content":{"rendered":"<p>N\u00eb nisje t\u00eb protest\u00ebs s\u00eb radh\u00ebs, aktivistja Lu\u00e7iana Kokaj e vuri theksin te shoq\u00ebrimi dhe arrestimi i 14 qytetar\u00ebve gjat\u00eb tubimit t\u00eb nj\u00eb dite m\u00eb par\u00eb.<\/p>\n<p>Kokaj e cil\u00ebsoi t\u00eb padrejt\u00eb ndalimin e protestuesve, duke akuzuar policin\u00eb se po vepron ndaj qytetar\u00ebve q\u00eb protestojn\u00eb, nd\u00ebrsa sipas saj p\u00ebrgjegj\u00ebsia duhet t\u00eb k\u00ebrkohet te zyrtar\u00ebt e qeveris\u00eb.<\/p>\n<p>Ajo tha se arrestimet nuk do t\u00eb ndikojn\u00eb n\u00eb vijimin e protestave, nd\u00ebrsa personat e arrestuar i cil\u00ebsoi si njer\u00ebz q\u00eb po p\u00ebrballen me pasojat e q\u00ebndrimit t\u00eb tyre n\u00eb protest\u00eb.<\/p>\n<p>\u201cMotrat dhe v\u00ebllez\u00ebrit tan\u00eb jan\u00eb arrestuar, por kjo nuk na tremb. P\u00ebrkundrazi, ata q\u00eb u ndaluan jan\u00eb sot heronjt\u00eb tan\u00eb\u201d, u shpreh Kokaj.<\/p>\n<p>Aktivistja deklaroi se protestuesit do t\u00eb vazhdojn\u00eb q\u00ebndrimin n\u00eb shesh dhe do t\u00eb k\u00ebrkojn\u00eb largimin e qeveris\u00eb s\u00eb Edi Ram\u00ebs.<\/p>\n<p>Sipas saj, protesta do t\u00eb vijoj\u00eb edhe n\u00eb solidaritet me qytetar\u00ebt e arrestuar, deri n\u00eb p\u00ebrmbushjen e k\u00ebrkes\u00ebs s\u00eb tyre politike p\u00ebr ndryshim t\u00eb qeverisjes.<\/p>\n","protected":false},"excerpt":{"rendered":"<p>N\u00eb nisje t\u00eb protest\u00ebs s\u00eb radh\u00ebs, aktivistja Lu\u00e7iana Kokaj e vuri theksin te shoq\u00ebrimi dhe arrestimi i 14 qytetar\u00ebve gjat\u00eb tubimit t\u00eb nj\u00eb dite m\u00eb par\u00eb. Kokaj e cil\u00ebsoi t\u00eb padrejt\u00eb ndalimin e protestuesve, duke akuzuar policin\u00eb se po vepron ndaj qytetar\u00ebve q\u00eb protestojn\u00eb, nd\u00ebrsa sipas saj p\u00ebrgjegj\u00ebsia duhet t\u00eb k\u00ebrkohet te zyrtar\u00ebt e qeveris\u00eb. &hellip;<\/p>\n","protected":false},"author":4,"featured_media":152383,"comment_status":"closed","ping_status":"closed","sticky":false,"template":"","format":"standard","meta":{"footnotes":""},"categories":[37],"tags":[],"class_list":["post-152486","post","type-post","status-publish","format-standard","has-post-thumbnail","","category-politike"],"_links":{"self":[{"href":"https:\/\/rdnews.al\/index.php\/wp-json\/wp\/v2\/posts\/152486","targetHints":{"allow":["GET"]}}],"collection":[{"href":"https:\/\/rdnews.al\/index.php\/wp-json\/wp\/v2\/posts"}],"about":[{"href":"https:\/\/rdnews.al\/index.php\/wp-json\/wp\/v2\/types\/post"}],"author":[{"embeddable":true,"href":"https:\/\/rdnews.al\/index.php\/wp-json\/wp\/v2\/users\/4"}],"replies":[{"embeddable":true,"href":"https:\/\/rdnews.al\/index.php\/wp-json\/wp\/v2\/comments?post=152486"}],"version-history":[{"count":1,"href":"https:\/\/rdnews.al\/index.php\/wp-json\/wp\/v2\/posts\/152486\/revisions"}],"predecessor-version":[{"id":152487,"href":"https:\/\/rdnews.al\/index.php\/wp-json\/wp\/v2\/posts\/152486\/revisions\/152487"}],"wp:featuredmedia":[{"embeddable":true,"href":"https:\/\/rdnews.al\/index.php\/wp-json\/wp\/v2\/media\/152383"}],"wp:attachment":[{"href":"https:\/\/rdnews.al\/index.php\/wp-json\/wp\/v2\/media?parent=152486"}],"wp:term":[{"taxonomy":"category","embeddable":true,"href":"https:\/\/rdnews.al\/index.php\/wp-json\/wp\/v2\/categories?post=152486"},{"taxonomy":"post_tag","embeddable":true,"href":"https:\/\/rdnews.al\/index.php\/wp-json\/wp\/v2\/tags?post=152486"}],"curies":[{"name":"wp","href":"https:\/\/api.w.org\/{rel}","templated":true}]}}