{"id":152488,"date":"2026-09-02T18:31:04","date_gmt":"2026-09-02T18:31:04","guid":{"rendered":"https:\/\/rdnews.al\/?p=152488"},"modified":"2026-09-02T18:31:04","modified_gmt":"2026-09-02T18:31:04","slug":"ju-erdhi-fundi-protestuesit-para-kryeministrise-bejne-thirrje-per-lirimin-e-aktivisteve-te-arrestuar","status":"publish","type":"post","link":"https:\/\/rdnews.al\/index.php\/2026\/09\/02\/ju-erdhi-fundi-protestuesit-para-kryeministrise-bejne-thirrje-per-lirimin-e-aktivisteve-te-arrestuar\/","title":{"rendered":"\u201cJu erdhi fundi!\u201d\/ Protestuesit para Kryeministris\u00eb b\u00ebjn\u00eb thirrje p\u00ebr lirimin e aktivist\u00ebve t\u00eb arrestuar"},"content":{"rendered":"<p>Qytetar\u00ebt marshuan drejt Kryeministris\u00eb, pasi u mblodh\u00ebn fillimisht n\u00eb sheshin \u201cSk\u00ebnderbej\u201d sikurse dit\u00ebt e tjera t\u00eb protest\u00ebs kund\u00ebr qeveris\u00eb.<\/p>\n<p>Ata brohorit\u00ebn nj\u00ebz\u00ebri thirrjet kund\u00ebr kryeministrit Edi Rama, duke k\u00ebrkuar q\u00eb t\u00eb jap\u00eb dor\u00ebheqjen dhe t\u00eb vihet p\u00ebrpara drejt\u00ebsis\u00eb.<\/p>\n<p>Qytetar\u00ebt po ashtu k\u00ebrkuan edhe lirimin e 14 protestuesve, t\u00eb cil\u00ebt u arrestuan nj\u00eb dit\u00eb m\u00eb par\u00eb gjat\u00eb tensioneve p\u00ebrpara Kryeministris\u00eb.<\/p>\n<p><em>\u201cLironi \u00e7unat e gocat\u201d,<\/em>\u00a0p\u00ebrs\u00ebrisnin ata.<\/p>\n<p>N\u00eb protest\u00ebn e 95 qytetar\u00ebt kan\u00eb shprehur mesazhet e tyre edhe n\u00ebp\u00ebrmjet pankartave. N\u00eb disa prej t\u00eb cilave k\u00ebrkohet q\u00eb SPAK t\u00eb hetoj\u00eb dhe t\u00eb vendos\u00eb drejt\u00ebsi.<\/p>\n<p>\u201cPacienti pret, kontratat paguhen, SPAK, heto! SPAK, ndiqi parat\u00eb\u201d,\u00a0shkruhet n\u00eb nj\u00eb prej pankartave.<\/p>\n<p><img loading=\"lazy\" decoding=\"async\" class=\"alignnone size-medium wp-image-1730383\" src=\"https:\/\/boldnews.al\/wp-content\/uploads\/2026\/09\/1-1-640x853.jpeg\" sizes=\"auto, (max-width: 640px) 100vw, 640px\" srcset=\"https:\/\/boldnews.al\/wp-content\/uploads\/2026\/09\/1-1-640x853.jpeg 640w, https:\/\/boldnews.al\/wp-content\/uploads\/2026\/09\/1-1-1024x1365.jpeg 1024w, https:\/\/boldnews.al\/wp-content\/uploads\/2026\/09\/1-1-1152x1536.jpeg 1152w, https:\/\/boldnews.al\/wp-content\/uploads\/2026\/09\/1-1-750x1000.jpeg 750w, https:\/\/boldnews.al\/wp-content\/uploads\/2026\/09\/1-1-1140x1520.jpeg 1140w, https:\/\/boldnews.al\/wp-content\/uploads\/2026\/09\/1-1.jpeg 1200w\" alt=\"\" width=\"640\" height=\"853\" data-pin-no-hover=\"true\" \/>\u00a0<img loading=\"lazy\" decoding=\"async\" class=\"alignnone size-medium wp-image-1730384\" src=\"https:\/\/boldnews.al\/wp-content\/uploads\/2026\/09\/protesta-e-95-1-640x853.jpeg\" sizes=\"auto, (max-width: 640px) 100vw, 640px\" srcset=\"https:\/\/boldnews.al\/wp-content\/uploads\/2026\/09\/protesta-e-95-1-640x853.jpeg 640w, https:\/\/boldnews.al\/wp-content\/uploads\/2026\/09\/protesta-e-95-1-1024x1365.jpeg 1024w, https:\/\/boldnews.al\/wp-content\/uploads\/2026\/09\/protesta-e-95-1-1152x1536.jpeg 1152w, https:\/\/boldnews.al\/wp-content\/uploads\/2026\/09\/protesta-e-95-1-750x1000.jpeg 750w, https:\/\/boldnews.al\/wp-content\/uploads\/2026\/09\/protesta-e-95-1-1140x1520.jpeg 1140w, https:\/\/boldnews.al\/wp-content\/uploads\/2026\/09\/protesta-e-95-1.jpeg 1200w\" alt=\"\" width=\"640\" height=\"853\" data-pin-no-hover=\"true\" \/>\u00a0<img loading=\"lazy\" decoding=\"async\" class=\"alignnone size-medium wp-image-1730385\" src=\"https:\/\/boldnews.al\/wp-content\/uploads\/2026\/09\/protesta-e-95-2-640x853.jpeg\" sizes=\"auto, (max-width: 640px) 100vw, 640px\" srcset=\"https:\/\/boldnews.al\/wp-content\/uploads\/2026\/09\/protesta-e-95-2-640x853.jpeg 640w, https:\/\/boldnews.al\/wp-content\/uploads\/2026\/09\/protesta-e-95-2-1024x1365.jpeg 1024w, https:\/\/boldnews.al\/wp-content\/uploads\/2026\/09\/protesta-e-95-2-1152x1536.jpeg 1152w, https:\/\/boldnews.al\/wp-content\/uploads\/2026\/09\/protesta-e-95-2-750x1000.jpeg 750w, https:\/\/boldnews.al\/wp-content\/uploads\/2026\/09\/protesta-e-95-2-1140x1520.jpeg 1140w, https:\/\/boldnews.al\/wp-content\/uploads\/2026\/09\/protesta-e-95-2.jpeg 1200w\" alt=\"\" width=\"640\" height=\"853\" data-pin-no-hover=\"true\" \/><\/p>\n<div class=\"jeg_ad jeg_ad_article jnews_content_inline_3_ads  \">\n<div class=\"ads-wrapper align-center \">\n<div class=\"ads_code\">\n<div class=\"desktopi\" align=\"center\"><ins id=\"revive-0-2\" data-revive-zoneid=\"138\" data-revive-id=\"2581c650fb61ab0cf7e084114e7ddb41\" data-revive-seq=\"2\" data-revive-loaded=\"1\"><\/p>\n<div id=\"beacon_e910330f43\"><img loading=\"lazy\" decoding=\"async\" src=\"https:\/\/ads.adsense.al\/www\/delivery\/lg.php?bannerid=0&amp;campaignid=0&amp;zoneid=138&amp;loc=https%3A%2F%2Fboldnews.al%2F2026%2F09%2F02%2Fju-erdhi-fundi-protestuesit-mblidhen-para-kryeministrise-bejne-thirrje-per-lirimin-e-aktivisteve-te-arrestuar%2F&amp;referer=https%3A%2F%2Fboldnews.al%2Fcategory%2Faktualitet%2F&amp;cb=e910330f43\" alt=\"\" width=\"0\" height=\"0\" \/><\/div>\n<p><\/ins><\/div>\n<\/div>\n<\/div>\n<\/div>\n","protected":false},"excerpt":{"rendered":"<p>Qytetar\u00ebt marshuan drejt Kryeministris\u00eb, pasi u mblodh\u00ebn fillimisht n\u00eb sheshin \u201cSk\u00ebnderbej\u201d sikurse dit\u00ebt e tjera t\u00eb protest\u00ebs kund\u00ebr qeveris\u00eb. Ata brohorit\u00ebn nj\u00ebz\u00ebri thirrjet kund\u00ebr kryeministrit Edi Rama, duke k\u00ebrkuar q\u00eb t\u00eb jap\u00eb dor\u00ebheqjen dhe t\u00eb vihet p\u00ebrpara drejt\u00ebsis\u00eb. Qytetar\u00ebt po ashtu k\u00ebrkuan edhe lirimin e 14 protestuesve, t\u00eb cil\u00ebt u arrestuan nj\u00eb dit\u00eb m\u00eb par\u00eb &hellip;<\/p>\n","protected":false},"author":4,"featured_media":150339,"comment_status":"closed","ping_status":"closed","sticky":false,"template":"","format":"standard","meta":{"footnotes":""},"categories":[37],"tags":[],"class_list":["post-152488","post","type-post","status-publish","format-standard","has-post-thumbnail","","category-politike"],"_links":{"self":[{"href":"https:\/\/rdnews.al\/index.php\/wp-json\/wp\/v2\/posts\/152488","targetHints":{"allow":["GET"]}}],"collection":[{"href":"https:\/\/rdnews.al\/index.php\/wp-json\/wp\/v2\/posts"}],"about":[{"href":"https:\/\/rdnews.al\/index.php\/wp-json\/wp\/v2\/types\/post"}],"author":[{"embeddable":true,"href":"https:\/\/rdnews.al\/index.php\/wp-json\/wp\/v2\/users\/4"}],"replies":[{"embeddable":true,"href":"https:\/\/rdnews.al\/index.php\/wp-json\/wp\/v2\/comments?post=152488"}],"version-history":[{"count":1,"href":"https:\/\/rdnews.al\/index.php\/wp-json\/wp\/v2\/posts\/152488\/revisions"}],"predecessor-version":[{"id":152489,"href":"https:\/\/rdnews.al\/index.php\/wp-json\/wp\/v2\/posts\/152488\/revisions\/152489"}],"wp:featuredmedia":[{"embeddable":true,"href":"https:\/\/rdnews.al\/index.php\/wp-json\/wp\/v2\/media\/150339"}],"wp:attachment":[{"href":"https:\/\/rdnews.al\/index.php\/wp-json\/wp\/v2\/media?parent=152488"}],"wp:term":[{"taxonomy":"category","embeddable":true,"href":"https:\/\/rdnews.al\/index.php\/wp-json\/wp\/v2\/categories?post=152488"},{"taxonomy":"post_tag","embeddable":true,"href":"https:\/\/rdnews.al\/index.php\/wp-json\/wp\/v2\/tags?post=152488"}],"curies":[{"name":"wp","href":"https:\/\/api.w.org\/{rel}","templated":true}]}}