{"id":152490,"date":"2026-09-02T18:34:58","date_gmt":"2026-09-02T18:34:58","guid":{"rendered":"https:\/\/rdnews.al\/?p=152490"},"modified":"2026-09-02T18:34:58","modified_gmt":"2026-09-02T18:34:58","slug":"dea-konference-kunder-droges-noka-shqiperia-trajtohet-si-ekuadori-e-kolumbia","status":"publish","type":"post","link":"https:\/\/rdnews.al\/index.php\/2026\/09\/02\/dea-konference-kunder-droges-noka-shqiperia-trajtohet-si-ekuadori-e-kolumbia\/","title":{"rendered":"DEA konferenc\u00eb kund\u00ebr drog\u00ebs, Noka: Shqip\u00ebria trajtohet si Ekuadori e Kolumbia!"},"content":{"rendered":"<div class=\"readmore-text-here\">\n<p>Sekretari i P\u00ebrgjithsh\u00ebm i PD, Flamur Noka, ka reaguar p\u00ebr pjes\u00ebmarrjen e prokuror\u00ebve t\u00eb SPAK n\u00eb nj\u00eb konferenc\u00eb nd\u00ebrkomb\u00ebtare t\u00eb organizuar nga DEA n\u00eb Paraguai, kushtuar luft\u00ebs kund\u00ebr trafikut t\u00eb drog\u00ebs.<\/p>\n<p>N\u00eb reagimin e tij, Noka shkruar se DEA e trajton Shqip\u00ebrin\u00eb n\u00eb t\u00eb nj\u00ebjt\u00ebn kategori me Ekuadorin dhe Kolumbin\u00eb p\u00ebr \u00e7\u00ebshtjen e drog\u00ebs.<\/p>\n<p><strong>Reagimi\u00a0<\/strong><\/p>\n<p>#DEA \ud83c\uddfa\ud83c\uddf8 organizon konferenc\u00eb p\u00ebr luft\u00ebn kund\u00ebr drogave. E trajton Shqip\u00ebrin\u00eb si Ekuadorin dhe Kolumbin\u00eb \ud83c\udf0e<\/p>\n<p>Prokuror\u00ebt e #SPAK u takuan me koleg\u00eb nga SHBA, Kolumbia, Ekuadori, Ukraina, Paraguai dhe Argjentina, p\u00ebr koordinimin operacional t\u00eb nevojsh\u00ebm p\u00ebr t\u00eb goditur k\u00ebrc\u00ebnimet nd\u00ebrkomb\u00ebtare n\u00eb Europ\u00eb, Amerik\u00ebn Latine dhe SHBA.<\/p>\n<p><iframe loading=\"lazy\" src=\"https:\/\/www.facebook.com\/plugins\/post.php?href=https%3A%2F%2Fwww.facebook.com%2Fpermalink.php%3Fstory_fbid%3Dpfbid02aSRAfjHwkn2dp2Xaup4y68T9nbF4tZcQjGhxXU5TYPQHdGmgGGBLYcN6kFrwtkWzl%26id%3D100063549317919&amp;show_text=true&amp;width=500\" width=\"500\" height=\"692\" frameborder=\"0\" scrolling=\"no\" allowfullscreen=\"allowfullscreen\" data-mce-fragment=\"1\"><\/iframe><\/p>\n<\/div>\n<div id=\"rekl-33\"><\/div>\n","protected":false},"excerpt":{"rendered":"<p>Sekretari i P\u00ebrgjithsh\u00ebm i PD, Flamur Noka, ka reaguar p\u00ebr pjes\u00ebmarrjen e prokuror\u00ebve t\u00eb SPAK n\u00eb nj\u00eb konferenc\u00eb nd\u00ebrkomb\u00ebtare t\u00eb organizuar nga DEA n\u00eb Paraguai, kushtuar luft\u00ebs kund\u00ebr trafikut t\u00eb drog\u00ebs. N\u00eb reagimin e tij, Noka shkruar se DEA e trajton Shqip\u00ebrin\u00eb n\u00eb t\u00eb nj\u00ebjt\u00ebn kategori me Ekuadorin dhe Kolumbin\u00eb p\u00ebr \u00e7\u00ebshtjen e drog\u00ebs. Reagimi\u00a0 &hellip;<\/p>\n","protected":false},"author":4,"featured_media":138806,"comment_status":"closed","ping_status":"closed","sticky":false,"template":"","format":"standard","meta":{"footnotes":""},"categories":[37],"tags":[],"class_list":["post-152490","post","type-post","status-publish","format-standard","has-post-thumbnail","","category-politike"],"_links":{"self":[{"href":"https:\/\/rdnews.al\/index.php\/wp-json\/wp\/v2\/posts\/152490","targetHints":{"allow":["GET"]}}],"collection":[{"href":"https:\/\/rdnews.al\/index.php\/wp-json\/wp\/v2\/posts"}],"about":[{"href":"https:\/\/rdnews.al\/index.php\/wp-json\/wp\/v2\/types\/post"}],"author":[{"embeddable":true,"href":"https:\/\/rdnews.al\/index.php\/wp-json\/wp\/v2\/users\/4"}],"replies":[{"embeddable":true,"href":"https:\/\/rdnews.al\/index.php\/wp-json\/wp\/v2\/comments?post=152490"}],"version-history":[{"count":2,"href":"https:\/\/rdnews.al\/index.php\/wp-json\/wp\/v2\/posts\/152490\/revisions"}],"predecessor-version":[{"id":152492,"href":"https:\/\/rdnews.al\/index.php\/wp-json\/wp\/v2\/posts\/152490\/revisions\/152492"}],"wp:featuredmedia":[{"embeddable":true,"href":"https:\/\/rdnews.al\/index.php\/wp-json\/wp\/v2\/media\/138806"}],"wp:attachment":[{"href":"https:\/\/rdnews.al\/index.php\/wp-json\/wp\/v2\/media?parent=152490"}],"wp:term":[{"taxonomy":"category","embeddable":true,"href":"https:\/\/rdnews.al\/index.php\/wp-json\/wp\/v2\/categories?post=152490"},{"taxonomy":"post_tag","embeddable":true,"href":"https:\/\/rdnews.al\/index.php\/wp-json\/wp\/v2\/tags?post=152490"}],"curies":[{"name":"wp","href":"https:\/\/api.w.org\/{rel}","templated":true}]}}