{"id":152495,"date":"2026-09-02T19:03:17","date_gmt":"2026-09-02T19:03:17","guid":{"rendered":"https:\/\/rdnews.al\/?p=152495"},"modified":"2026-09-02T19:03:17","modified_gmt":"2026-09-02T19:03:17","slug":"rama-nuk-ka-pare-gje-akoma-thirrje-nga-protesta-me-7-shtator-ejani-te-rrethojme-kryeministrine","status":"publish","type":"post","link":"https:\/\/rdnews.al\/index.php\/2026\/09\/02\/rama-nuk-ka-pare-gje-akoma-thirrje-nga-protesta-me-7-shtator-ejani-te-rrethojme-kryeministrine\/","title":{"rendered":"\u201cRama nuk ka par\u00eb gj\u00eb akoma\u201d\/ Thirrje nga protesta: M\u00eb 7 shtator ejani t\u00eb rrethojm\u00eb Kryeministrin\u00eb!"},"content":{"rendered":"<p>Nj\u00eb protestues b\u00ebri thirrje q\u00eb m\u00eb 7 shtator, kur sh\u00ebnohen 100 dit\u00eb protest\u00eb, t\u00eb bllokojn\u00eb dhe t\u00eb rrethojn\u00eb t\u00eb gjith\u00eb godin\u00ebn e Kryeministris\u00eb.<\/p>\n<p>Duke komentuar bllokad\u00ebn e djeshme, i riu theksoi se kryeministri Edi Rama, t\u00eb cilin e cil\u00ebsoi si koka e krimit dhe korrupsionit, nuk ka par\u00eb gj\u00eb akoma.<\/p>\n<p>\u201cDje u detyrua t\u00eb ik\u00eb si mi. Ne do t\u00eb q\u00ebndrojm\u00eb derisa ai dhe qeveria e tij t\u00eb largohet. Dua t\u2019i them Edi Ram\u00ebs se ajo q\u00eb ke par\u00eb p\u00ebr 95 dit\u00eb, ajo q\u00eb ke par\u00eb dje, nuk \u00ebsht\u00eb asgj\u00eb sepse nuk ke par\u00eb asgj\u00eb akoma.<\/p>\n<p>7 shtator n\u00eb 100 dit\u00ebshin e k\u00ebsaj rezistence paq\u00ebsore, i b\u00ebj thirrje \u00e7do shqiptari q\u00eb jo vet\u00ebm t\u00eb bllokojn\u00eb hyrjen e kryeministris\u00eb, por ta rrethojn\u00eb t\u00eb gjith\u00ebn.<\/p>\n<p>N\u00ebse dje i bllokuam hyrjen kur ai u largua si mi duke rrethuar t\u00eb gjith\u00eb kryeministrin\u00eb, ai mund t\u00eb largohet me nj\u00eb helikopter p\u00ebr t\u00eb mos u kthyer m\u00eb. Ne e kemi me Edi Ram\u00ebn si koka e krimit dhe korrupsionit jo me institucionin\u201d,\u00a0tha ai.<\/p>\n","protected":false},"excerpt":{"rendered":"<p>Nj\u00eb protestues b\u00ebri thirrje q\u00eb m\u00eb 7 shtator, kur sh\u00ebnohen 100 dit\u00eb protest\u00eb, t\u00eb bllokojn\u00eb dhe t\u00eb rrethojn\u00eb t\u00eb gjith\u00eb godin\u00ebn e Kryeministris\u00eb. Duke komentuar bllokad\u00ebn e djeshme, i riu theksoi se kryeministri Edi Rama, t\u00eb cilin e cil\u00ebsoi si koka e krimit dhe korrupsionit, nuk ka par\u00eb gj\u00eb akoma. \u201cDje u detyrua t\u00eb ik\u00eb &hellip;<\/p>\n","protected":false},"author":4,"featured_media":145650,"comment_status":"closed","ping_status":"closed","sticky":false,"template":"","format":"standard","meta":{"footnotes":""},"categories":[37],"tags":[],"class_list":["post-152495","post","type-post","status-publish","format-standard","has-post-thumbnail","","category-politike"],"_links":{"self":[{"href":"https:\/\/rdnews.al\/index.php\/wp-json\/wp\/v2\/posts\/152495","targetHints":{"allow":["GET"]}}],"collection":[{"href":"https:\/\/rdnews.al\/index.php\/wp-json\/wp\/v2\/posts"}],"about":[{"href":"https:\/\/rdnews.al\/index.php\/wp-json\/wp\/v2\/types\/post"}],"author":[{"embeddable":true,"href":"https:\/\/rdnews.al\/index.php\/wp-json\/wp\/v2\/users\/4"}],"replies":[{"embeddable":true,"href":"https:\/\/rdnews.al\/index.php\/wp-json\/wp\/v2\/comments?post=152495"}],"version-history":[{"count":1,"href":"https:\/\/rdnews.al\/index.php\/wp-json\/wp\/v2\/posts\/152495\/revisions"}],"predecessor-version":[{"id":152496,"href":"https:\/\/rdnews.al\/index.php\/wp-json\/wp\/v2\/posts\/152495\/revisions\/152496"}],"wp:featuredmedia":[{"embeddable":true,"href":"https:\/\/rdnews.al\/index.php\/wp-json\/wp\/v2\/media\/145650"}],"wp:attachment":[{"href":"https:\/\/rdnews.al\/index.php\/wp-json\/wp\/v2\/media?parent=152495"}],"wp:term":[{"taxonomy":"category","embeddable":true,"href":"https:\/\/rdnews.al\/index.php\/wp-json\/wp\/v2\/categories?post=152495"},{"taxonomy":"post_tag","embeddable":true,"href":"https:\/\/rdnews.al\/index.php\/wp-json\/wp\/v2\/tags?post=152495"}],"curies":[{"name":"wp","href":"https:\/\/api.w.org\/{rel}","templated":true}]}}