{"id":152497,"date":"2026-09-02T20:02:58","date_gmt":"2026-09-02T20:02:58","guid":{"rendered":"https:\/\/rdnews.al\/?p=152497"},"modified":"2026-09-02T20:19:26","modified_gmt":"2026-09-02T20:19:26","slug":"dy-takimet-e-para-te-berishes-ne-shba-dhe-nje-falenderim-per-ambasaden-amerikane","status":"publish","type":"post","link":"https:\/\/rdnews.al\/index.php\/2026\/09\/02\/dy-takimet-e-para-te-berishes-ne-shba-dhe-nje-falenderim-per-ambasaden-amerikane\/","title":{"rendered":"Dy takimet e para t\u00eb Berish\u00ebs n\u00eb SHBA dhe nj\u00eb falenderim p\u00ebr Ambasad\u00ebn amerikane"},"content":{"rendered":"<p>Lideri i opozit\u00ebs Sali Berisha udh\u00ebton k\u00ebt\u00eb fundjav\u00eb drejt Shteteve t\u00eb Bashkuara t\u00eb Amerik\u00ebs, ku pritet t\u00eb zhvilloj\u00eb nj\u00eb s\u00ebr\u00eb takimesh t\u00eb r\u00ebnd\u00ebsishme politike, si dhe foltore me \u00a0diaspor\u00ebn n\u00eb disa shtete t\u00eb ndryshme t\u00eb SHBA.<\/p>\n<p>I ftuar n\u00eb studion e lajmeve t\u00eb Syri Tv, Enri \u00c7eno, Sekretari Nd\u00ebrkomb\u00ebtar p\u00ebr Marr\u00ebdh\u00ebniet me Jasht\u00eb n\u00eb Partin\u00eb Demokratike, dhe nj\u00eb nga pjes\u00ebtar\u00ebt e delegacionit q\u00eb do shoq\u00ebrojn\u00eb kreun e PD-s\u00eb n\u00eb vizit\u00ebn e tij n\u00eb Amerik\u00eb zbulon r\u00ebnd\u00ebsin\u00eb e k\u00ebsaj vizite.<\/p>\n<div id=\"rekl-61\">\u201cP\u00ebr ne ka mjaft r\u00ebnd\u00ebsi q\u00eb ky udh\u00ebtim, n\u00eb radh\u00eb t\u00eb par\u00eb ka nj\u00eb impakt qoft\u00eb p\u00ebr aspektin e votuesve t\u00eb s\u00eb djatht\u00ebs, p\u00ebr p\u00ebrfaq\u00ebsuesit e Partis\u00eb son\u00eb, por nga ana tjet\u00ebr edhe p\u00ebr t\u00eb patur nj\u00eb lloj nd\u00ebrlidhje me komunitetin shqiptar n\u00eb Shtetet e Bashkuara t\u00eb Amerik\u00ebs.<\/div>\n<p>P\u00ebr ne, pjesa m\u00eb e r\u00ebnd\u00ebsishme e k\u00ebtij udh\u00ebtimi, t\u00eb pakt\u00ebn m\u00ebnyra se si un\u00eb e perceptoj dhe analizoj n\u00eb k\u00ebt\u00eb moment, \u00ebsht\u00eb nd\u00ebrlidhja q\u00eb b\u00ebhet me diaspor\u00ebn dhe p\u00ebrfaq\u00ebsuesit e komunitetit shqiptar. Sepse ne kemi par\u00eb q\u00eb gjat\u00eb k\u00ebtyre 13 viteve t\u00eb qeverisjes s\u00eb Rilindjes, pra t\u00eb Edi Ram\u00ebs, Shqip\u00ebria \u00ebsht\u00eb zbrazur. Nga nj\u00ebra an\u00eb kemi qeverin\u00eb q\u00eb n\u00ebp\u00ebrmjet propagand\u00ebs thot\u00eb se po eksportojm\u00eb produkt, por eksporti kryesor q\u00eb Shqip\u00ebria ka patur k\u00ebto 12 vite jan\u00eb njer\u00ebzit.<\/p>\n<p>Pra Shqip\u00ebria po zbrazet nga burimet e saj njer\u00ebzore dhe nj\u00eb nga pikat ky\u00e7e t\u00eb programit ton\u00eb t\u00eb ardhsh\u00ebm p\u00ebr zgjedhjet q\u00eb do vijojn\u00eb, \u00ebsht\u00eb diaspora dhe nj\u00eb pjes\u00eb mjaft e r\u00ebnd\u00ebsishme jo vet\u00ebm e struktur\u00ebs, pra e p\u00ebrfshirjes s\u00eb njer\u00ebzve t\u00eb diaspor\u00ebs, p\u00ebrfaq\u00ebsuesve t\u00eb diaspor\u00ebs ton\u00eb qoft\u00eb n\u00eb SHBA po edhe n\u00eb Europ\u00eb, q\u00eb t\u00eb b\u00ebhen pjes\u00eb integrale e Partis\u00eb Demokratike n\u00eb m\u00ebnyr\u00eb q\u00eb t\u00eb ofrohet nj\u00eb alternativ\u00eb sa m\u00eb e mir\u00eb e mundshme jo vet\u00ebm n\u00eb aspektin njer\u00ebzor, por edhe n\u00eb aspektin e ideve dhe mendimeve dhe m\u00ebnyr\u00ebs se si perceptohet politika dhe \u00e7far\u00eb ky komunitet mund t\u00eb b\u00ebj\u00eb p\u00ebr Shqip\u00ebrin\u00eb\u201d<\/p>\n<p>Takimin e par\u00eb, Berisha do ta zhvilloj\u00eb t\u00eb djel\u00ebn n\u00eb or\u00ebn 11:00 me shqiptar\u00ebt n\u00eb Ne\u00eb Yersey, nd\u00ebrsa t\u00eb mart\u00ebn e 8 shtatorit, do t\u00eb ket\u00eb nj\u00eb tjet\u00ebr takim t\u00eb hapur q\u00ebndren e komunitetit shqiptar\u00eb n\u00eb Dallas, q\u00eb Teksas.<\/p>\n<p>\u00c7eno thot\u00eb se n\u00eb takimin q\u00eb do t\u00eb mbahet n\u00eb New Jersey priten t\u00eb jen\u00eb mbi 1500 shqiptaro amerikan\u00eb<\/p>\n<p>\u201cT\u00eb premten fluturojm\u00eb p\u00ebr n\u00eb Nju York. T\u00eb diel\u00ebn kemi takimin e madh, foltoren ku priten mbi 1500 shqiptaro amerikan\u00eb dhe m\u00eb pas do t\u00eb fluturojm\u00eb p\u00ebr n\u00eb Dallas ku kemi takime t\u00eb tjera me komunitetin shqiptar\u00eb e politikan\u00eb t\u00eb r\u00ebnd\u00ebsish\u00ebm amerikan\u00eb\u201d<\/p>\n<p>&#8220;Falenderoi ambasad\u00ebn amerikane p\u00ebr gadishm\u00ebrin\u00eb p\u00ebr t\u00eb dh\u00ebn\u00eb viz\u00ebn kreut t\u00eb PD-s\u00eb Sali Berisha. &#8220;Un\u00eb kam qen\u00eb pika e kontaktit nd\u00ebrmjet Ambasad\u00ebs Amerikane dhe Partis\u00eb Demokratike edhe p\u00ebr t\u00eb ndjekur procesin e marrjes s\u00eb viz\u00ebs nga doktor Berisha. Dua t\u00eb jap dhe nj\u00eb fal\u00ebnderim publik edhe p\u00ebrfaq\u00ebsuesve t\u00eb ambasad\u00ebs p\u00ebr gjith\u00eb facilitetin dhe p\u00ebr gjith\u00eb ndihm\u00ebn q\u00eb na kan\u00eb dh\u00ebn\u00eb q\u00eb kjo gj\u00eb t\u00eb realizohet n\u00eb nj\u00eb koh\u00eb rekord dhe n\u00eb m\u00ebnyr\u00ebn m\u00eb t\u00eb mir\u00eb t\u00eb mundshme&#8221;, tha Ceno.<\/p>\n<p>Me datat 9 dhe 10 shtator, Berisha do t\u00eb marr\u00eb pjes\u00eb n\u00eb\u00a0 Konferenc\u00ebn e Partis\u00eb Republikane amerikane. Delegacioni q\u00eb do t\u00eb shoq\u00ebroj\u00eb liderin e opozit\u00ebs n\u00eb SHBA, p\u00ebrbehet nga n\u00ebnkryetari i\u00a0 PD, Belind K\u00ebllici, deputetja Albana Vokshi, kreu i PR, Fatmir Mediu dhe Sekretari p\u00ebr Marr\u00ebdh\u00ebniet me Jasht\u00eb n\u00eb PD, Henri \u00c7eno<\/p>\n","protected":false},"excerpt":{"rendered":"<p>Lideri i opozit\u00ebs Sali Berisha udh\u00ebton k\u00ebt\u00eb fundjav\u00eb drejt Shteteve t\u00eb Bashkuara t\u00eb Amerik\u00ebs, ku pritet t\u00eb zhvilloj\u00eb nj\u00eb s\u00ebr\u00eb takimesh t\u00eb r\u00ebnd\u00ebsishme politike, si dhe foltore me \u00a0diaspor\u00ebn n\u00eb disa shtete t\u00eb ndryshme t\u00eb SHBA. I ftuar n\u00eb studion e lajmeve t\u00eb Syri Tv, Enri \u00c7eno, Sekretari Nd\u00ebrkomb\u00ebtar p\u00ebr Marr\u00ebdh\u00ebniet me Jasht\u00eb n\u00eb Partin\u00eb &hellip;<\/p>\n","protected":false},"author":3,"featured_media":152498,"comment_status":"closed","ping_status":"closed","sticky":false,"template":"","format":"standard","meta":{"footnotes":""},"categories":[37,40],"tags":[],"class_list":["post-152497","post","type-post","status-publish","format-standard","has-post-thumbnail","","category-politike","category-aktualitet"],"_links":{"self":[{"href":"https:\/\/rdnews.al\/index.php\/wp-json\/wp\/v2\/posts\/152497","targetHints":{"allow":["GET"]}}],"collection":[{"href":"https:\/\/rdnews.al\/index.php\/wp-json\/wp\/v2\/posts"}],"about":[{"href":"https:\/\/rdnews.al\/index.php\/wp-json\/wp\/v2\/types\/post"}],"author":[{"embeddable":true,"href":"https:\/\/rdnews.al\/index.php\/wp-json\/wp\/v2\/users\/3"}],"replies":[{"embeddable":true,"href":"https:\/\/rdnews.al\/index.php\/wp-json\/wp\/v2\/comments?post=152497"}],"version-history":[{"count":1,"href":"https:\/\/rdnews.al\/index.php\/wp-json\/wp\/v2\/posts\/152497\/revisions"}],"predecessor-version":[{"id":152499,"href":"https:\/\/rdnews.al\/index.php\/wp-json\/wp\/v2\/posts\/152497\/revisions\/152499"}],"wp:featuredmedia":[{"embeddable":true,"href":"https:\/\/rdnews.al\/index.php\/wp-json\/wp\/v2\/media\/152498"}],"wp:attachment":[{"href":"https:\/\/rdnews.al\/index.php\/wp-json\/wp\/v2\/media?parent=152497"}],"wp:term":[{"taxonomy":"category","embeddable":true,"href":"https:\/\/rdnews.al\/index.php\/wp-json\/wp\/v2\/categories?post=152497"},{"taxonomy":"post_tag","embeddable":true,"href":"https:\/\/rdnews.al\/index.php\/wp-json\/wp\/v2\/tags?post=152497"}],"curies":[{"name":"wp","href":"https:\/\/api.w.org\/{rel}","templated":true}]}}