{"id":152510,"date":"2026-09-02T20:47:50","date_gmt":"2026-09-02T20:47:50","guid":{"rendered":"https:\/\/rdnews.al\/?p=152510"},"modified":"2026-09-02T20:48:01","modified_gmt":"2026-09-02T20:48:01","slug":"kemi-74-vota-per-president-kurti-vijon-takimet","status":"publish","type":"post","link":"https:\/\/rdnews.al\/index.php\/2026\/09\/02\/kemi-74-vota-per-president-kurti-vijon-takimet\/","title":{"rendered":"&#8220;Kemi 74 vota p\u00ebr president&#8221;\/ Kurti vijon takimet"},"content":{"rendered":"<div id=\"sPost_Default_Layout_0_0_23_0_0_4_0_4_0_0_3_0_0_0_0\" class=\"mb-2 article\">\n<div class=\"posts-custom posts-custom-section section-holder clearfix\" data-block=\"None\" data-format=\"posts-custom\" data-source=\"current_post\" data-source-type=\"current_post\" data-source-unique=\"true\" data-section-id=\"\" data-is-reordable=\"false\" data-using-stickers=\"false\" data-has-more=\"false\" data-attr-format=\"posts-custom\" data-attr-posts_id=\"sPost_Default_Layout_0_0_23_0_0_4_0_4_0_0_3_0_0_0_0\" data-attr-layout_quality=\"5\" data-attr-header_template=\"jinja\/post\/custom-css.html\" data-attr-node_id=\"\/root\/blocks\/block[post_default_layout]\/abtests\/abtest[1]\/rm_tabs\/rm_wrapper[1]\/element_wrapper\/element_wrapper\/element_wrapper\/row\/column[1]\/element_wrapper\/element_wrapper[1]\/current_post-\" data-attr-layout_all_headline_tag=\"h1\" data-attr-layout_all_subheadline_tag=\"h2\" data-attr-all_element_order=\"body,all_sections\" data-attr-layout_body=\"bottom\" data-attr-disable_a_tag=\"true\" data-attr-show_full_post_body=\"true\" data-attr-data-rm-advanced=\"true\" data-attr-use_smart_keep_reading=\"true\" data-attr-element_classes=\"article\" data-attr-all_share_buttons=\"Facebook,Twitter,Linkedin,Separator,Email,Tumblr,GooglePlus,Pinterest,Whatsapp,Reddit,CopyLink,Flipboard,SMS,Slack\" data-attr-layout_linkedin=\"inactive\" data-attr-layout_separator=\"inactive\" data-attr-layout_tumblr=\"inactive\" data-attr-layout_googleplus=\"inactive\" data-attr-layout_pinterest=\"inactive\" data-attr-layout_whatsapp=\"inactive\" data-attr-layout_reddit=\"inactive\" data-attr-layout_copylink=\"active\" data-attr-layout_flipboard=\"inactive\" data-attr-layout_sms=\"inactive\" data-attr-layout_slack=\"inactive\" data-attr-use_tag_image_for_lead_media=\"true\" data-attr-layout_all_image_crop=\"3x2\" data-attr-layout_all_date_format=\"%d\/%m\/%Y\" data-attr-layout_remove_image=\"true\" data-attr-layout_all_show_video=\"true\" data-attr-layout_all_sections=\"bottom\" data-attr-filters=\"\" data-attr-section_url=\"\" data-attr-source=\"\" data-attr-is_current_post=\"true\">\n<div class=\"posts-wrapper clearfix\">\n<div class=\"widget post-partial tag-albin-kurti tag-lvv tag-ldk post-section--lajme\/kosove\/politike\" data-category=\"Politik\u00eb\">\n<article class=\"clearfix image-article sm-mb-1 quality-HD post-2677811116\" data-frozen-sections=\"[]\" data-category=\"Politik\u00eb\" data-vr-contentbox=\"Position 1\" data-vr-contentbox-url=\"https:\/\/telegrafi.com\/kurti-dhe-abdixhiku-takohen-serish-ne-kuvend\/\" data-vr-global-position=\"2\">\n<div class=\"row px10\">\n<div class=\"rm-col-center col sm-mb-1\">\n<div class=\"widget__body clearfix sm-mt-1\">\n<div class=\"body js-expandable clearfix js-listicle-body css-listicle-body-2677811116\" data-headline=\"Kurti takon p\u00ebrfaq\u00ebsuesit e komuniteteve: Kemi 74 vota p\u00ebr president\">\n<div class=\"body-description\" data-rm-calc-width=\"600\">\n<p><strong>Kryeministri n\u00eb detyr\u00eb dhe kreu i L\u00ebvizjes Vet\u00ebvendosje, Albin Kurti, ka th\u00ebn\u00eb se gjasht\u00eb deputet\u00eb t\u00eb LDK-s\u00eb nuk po e respektojn\u00eb marr\u00ebveshjen e arritur mes dy partive p\u00ebr zgjedhjen e presidentit.<\/strong><\/p>\n<p>Kurti ka njoftuar se ka zhvilluar nj\u00eb takim me p\u00ebrfaq\u00ebsuesit e grupit multietnik, q\u00eb ishte aranzhuar m\u00eb her\u00ebt, derisa i kishte njoftuar ata p\u00ebr bisedimet dhe marr\u00ebveshjen me LDK-n\u00eb, si dhe p\u00ebr kandidatur\u00ebn e Bekim Sejdiut p\u00ebr president.<\/p>\n<p>\u201cAta ndajn\u00eb keqardhjen me t\u00eb gjith\u00eb neve q\u00eb kjo nuk po mund t\u00eb realizohet, p\u00ebr shkak se gjasht\u00eb deputet\u00eb nga LDK-ja nuk e respektojn\u00eb k\u00ebt\u00eb marr\u00ebveshje\u201d, tha Kurti.<\/p>\n<p>Ai tha se LVV-ja do t\u00eb vazhdoj\u00eb p\u00ebrpjekjet p\u00ebr t\u00eb shmangur zgjedhjet e reja.<\/p>\n<p>\u201cDo t\u00eb vazhdojm\u00eb t\u00eb ecim tutje duke u p\u00ebrpjekur t\u2019i evitojm\u00eb zgjedhjet e reja\u201d, deklaroi Kurti.<\/p>\n<p>Kreu i LVV-s\u00eb tha se, pavar\u00ebsisht zhvillimit negativ t\u00eb djesh\u00ebm, marr\u00ebveshja me LDK-n\u00eb ka sjell\u00eb progres sa i p\u00ebrket numrit t\u00eb votave p\u00ebr zgjedhjen e presidentit.<\/p>\n<p>\u201cDje pasdite ndodhi nj\u00eb zhvillim negativ, por kemi pasur progres dhe n\u00eb k\u00ebt\u00eb legjislatur\u00eb jemi m\u00eb mir\u00eb sesa n\u00eb t\u00eb kaluar\u00ebn sa i p\u00ebrket numrit t\u00eb votave p\u00ebr president. Feride Rushiti ka pasur 64, tash Bekim Sejdiu ka 74\u201d, tha ai.<\/p>\n<p>Kurti b\u00ebri t\u00eb ditur se do t\u00eb zhvilloj\u00eb konsultime t\u00eb brendshme me kryesin\u00eb e VV-s\u00eb.<\/p>\n<p>Ai tha gjithashtu se gjat\u00eb takimit me kreun e LDK-s\u00eb, Lumir Abdixhikun \u00ebsht\u00eb njoftuar p\u00ebr situat\u00ebn aktuale brenda partis\u00eb, nd\u00ebrsa edhe ai e ka njoftuar Abdixhikun p\u00ebr zhvillimet n\u00eb VV.<\/p>\n<p>\u201cNe vazhdojm\u00eb t\u00eb jemi optimist\u00eb, ndon\u00ebse situata \u00ebsht\u00eb m\u00eb e v\u00ebshtir\u00eb se p\u00ebrpara. Shohim \u00e7far\u00eb mund t\u00eb b\u00ebjm\u00eb n\u00eb dit\u00ebt n\u00eb vijim\u201d, ka theksuar Kurti.<\/p>\n<\/div>\n<\/div>\n<\/div>\n<\/div>\n<\/div>\n<\/article>\n<\/div>\n<\/div>\n<\/div>\n<\/div>\n<div>\n<div data-id=\"jBsDrr2VjZQa\">\n<div class=\"orp-player-wrapper orp-aspectRateFixed orp-player-ipm orp-player-ipm-hidden orp-force-hide-player\"><\/div>\n<\/div>\n<\/div>\n","protected":false},"excerpt":{"rendered":"<p>Kryeministri n\u00eb detyr\u00eb dhe kreu i L\u00ebvizjes Vet\u00ebvendosje, Albin Kurti, ka th\u00ebn\u00eb se gjasht\u00eb deputet\u00eb t\u00eb LDK-s\u00eb nuk po e respektojn\u00eb marr\u00ebveshjen e arritur mes dy partive p\u00ebr zgjedhjen e presidentit. Kurti ka njoftuar se ka zhvilluar nj\u00eb takim me p\u00ebrfaq\u00ebsuesit e grupit multietnik, q\u00eb ishte aranzhuar m\u00eb her\u00ebt, derisa i kishte njoftuar ata p\u00ebr &hellip;<\/p>\n","protected":false},"author":3,"featured_media":152511,"comment_status":"closed","ping_status":"closed","sticky":false,"template":"","format":"standard","meta":{"footnotes":""},"categories":[38],"tags":[],"class_list":["post-152510","post","type-post","status-publish","format-standard","has-post-thumbnail","","category-bota"],"_links":{"self":[{"href":"https:\/\/rdnews.al\/index.php\/wp-json\/wp\/v2\/posts\/152510","targetHints":{"allow":["GET"]}}],"collection":[{"href":"https:\/\/rdnews.al\/index.php\/wp-json\/wp\/v2\/posts"}],"about":[{"href":"https:\/\/rdnews.al\/index.php\/wp-json\/wp\/v2\/types\/post"}],"author":[{"embeddable":true,"href":"https:\/\/rdnews.al\/index.php\/wp-json\/wp\/v2\/users\/3"}],"replies":[{"embeddable":true,"href":"https:\/\/rdnews.al\/index.php\/wp-json\/wp\/v2\/comments?post=152510"}],"version-history":[{"count":1,"href":"https:\/\/rdnews.al\/index.php\/wp-json\/wp\/v2\/posts\/152510\/revisions"}],"predecessor-version":[{"id":152512,"href":"https:\/\/rdnews.al\/index.php\/wp-json\/wp\/v2\/posts\/152510\/revisions\/152512"}],"wp:featuredmedia":[{"embeddable":true,"href":"https:\/\/rdnews.al\/index.php\/wp-json\/wp\/v2\/media\/152511"}],"wp:attachment":[{"href":"https:\/\/rdnews.al\/index.php\/wp-json\/wp\/v2\/media?parent=152510"}],"wp:term":[{"taxonomy":"category","embeddable":true,"href":"https:\/\/rdnews.al\/index.php\/wp-json\/wp\/v2\/categories?post=152510"},{"taxonomy":"post_tag","embeddable":true,"href":"https:\/\/rdnews.al\/index.php\/wp-json\/wp\/v2\/tags?post=152510"}],"curies":[{"name":"wp","href":"https:\/\/api.w.org\/{rel}","templated":true}]}}