{"id":152515,"date":"2026-09-03T08:24:27","date_gmt":"2026-09-03T08:24:27","guid":{"rendered":"https:\/\/rdnews.al\/?p=152515"},"modified":"2026-09-03T08:24:27","modified_gmt":"2026-09-03T08:24:27","slug":"atentat-ne-mirdite-ekzekutohet-65-vjecari","status":"publish","type":"post","link":"https:\/\/rdnews.al\/index.php\/2026\/09\/03\/atentat-ne-mirdite-ekzekutohet-65-vjecari\/","title":{"rendered":"Atentat n\u00eb Mirdit\u00eb, ekzekutohet 65-vje\u00e7ari"},"content":{"rendered":"<p>Nj\u00eb atentat me arm\u00eb zjarri \u00ebsht\u00eb regjistruar m\u00ebngjesin e k\u00ebsaj t\u00eb enjte (3 shtator 2026) n\u00eb Mirdit\u00eb, ku \u00ebsht\u00eb ekzekutuar Viktor Bardhi 65-vje\u00e7.<\/p>\n<p>Sipas policis\u00eb ngjarja ka ndodhur n\u00eb fshatin Nd\u00ebrfushaz, ku Bardhi \u00ebsht\u00eb gjetur i pajet\u00eb n\u00eb automjetin e tij dhe dyshohet se \u00ebsht\u00eb vrar\u00eb me arm\u00eb zjarri.<\/p>\n<p>\u201cRreth or\u00ebs 09:00, n\u00eb fshatin Nd\u00ebrfushas, \u00ebsht\u00eb gjetur i pajet\u00eb n\u00eb automjetin e tij, shtetasi V. B., rreth 65 vje\u00e7, i cili dyshohet se \u00ebsht\u00eb vrar\u00eb me arm\u00eb zjarri. Grupi hetimor ndodhet n\u00eb vendngjarje dhe n\u00eb drejtimin e Prokuroris\u00eb, vijon pun\u00ebn p\u00ebr zbardhjen dhe dokumentimin e rrethanave t\u00eb ngjarjes\u201d,- thuhej n\u00eb njoftimin paraprak t\u00eb policis\u00eb.<\/p>\n<p>Sipas raportimeve, pas ngjarjes autor\u00ebt jan\u00eb arratisur n\u00eb drejtim t\u00eb paditur, nd\u00ebrsa n\u00eb Munaz \u00ebsht\u00eb gjetur nj\u00eb makin\u00eb e djegur q\u00eb dyshohet se u p\u00ebrket autor\u00ebve.<\/p>\n<p><strong>Makina e autor\u00ebve<\/strong><\/p>\n<p>Viktor Bardhi \u00ebsht\u00eb v\u00ebllai i Martin Bardhit, i cili u vra n\u00eb nj\u00eb atentat t\u00eb bujsh\u00ebm n\u00eb Rr\u00ebshen n\u00eb shtator t\u00eb vitit 2023.<\/p>\n<p>Vrasja e sotme rikthen n\u00eb v\u00ebmendje historikun e p\u00ebrplasjeve t\u00eb p\u00ebrgjakshme q\u00eb kan\u00eb tronditur prej vitesh Mirdit\u00ebn, mes fiseve Bardhi-Re\u00e7i nd\u00ebrsa hetuesit pritet t\u00eb verifikojn\u00eb edhe n\u00ebse ekziston ndonj\u00eb lidhje mes ngjarjes s\u00eb sotme dhe atentatit ndaj Martin Bardhit apo sag\u00ebs s\u00eb hakmarrjes nd\u00ebr vite.<\/p>\n<p>&nbsp;<\/p>\n","protected":false},"excerpt":{"rendered":"<p>Nj\u00eb atentat me arm\u00eb zjarri \u00ebsht\u00eb regjistruar m\u00ebngjesin e k\u00ebsaj t\u00eb enjte (3 shtator 2026) n\u00eb Mirdit\u00eb, ku \u00ebsht\u00eb ekzekutuar Viktor Bardhi 65-vje\u00e7. Sipas policis\u00eb ngjarja ka ndodhur n\u00eb fshatin Nd\u00ebrfushaz, ku Bardhi \u00ebsht\u00eb gjetur i pajet\u00eb n\u00eb automjetin e tij dhe dyshohet se \u00ebsht\u00eb vrar\u00eb me arm\u00eb zjarri. \u201cRreth or\u00ebs 09:00, n\u00eb fshatin Nd\u00ebrfushas, &hellip;<\/p>\n","protected":false},"author":4,"featured_media":152516,"comment_status":"closed","ping_status":"closed","sticky":false,"template":"","format":"standard","meta":{"footnotes":""},"categories":[37],"tags":[],"class_list":["post-152515","post","type-post","status-publish","format-standard","has-post-thumbnail","","category-politike"],"_links":{"self":[{"href":"https:\/\/rdnews.al\/index.php\/wp-json\/wp\/v2\/posts\/152515","targetHints":{"allow":["GET"]}}],"collection":[{"href":"https:\/\/rdnews.al\/index.php\/wp-json\/wp\/v2\/posts"}],"about":[{"href":"https:\/\/rdnews.al\/index.php\/wp-json\/wp\/v2\/types\/post"}],"author":[{"embeddable":true,"href":"https:\/\/rdnews.al\/index.php\/wp-json\/wp\/v2\/users\/4"}],"replies":[{"embeddable":true,"href":"https:\/\/rdnews.al\/index.php\/wp-json\/wp\/v2\/comments?post=152515"}],"version-history":[{"count":2,"href":"https:\/\/rdnews.al\/index.php\/wp-json\/wp\/v2\/posts\/152515\/revisions"}],"predecessor-version":[{"id":152518,"href":"https:\/\/rdnews.al\/index.php\/wp-json\/wp\/v2\/posts\/152515\/revisions\/152518"}],"wp:featuredmedia":[{"embeddable":true,"href":"https:\/\/rdnews.al\/index.php\/wp-json\/wp\/v2\/media\/152516"}],"wp:attachment":[{"href":"https:\/\/rdnews.al\/index.php\/wp-json\/wp\/v2\/media?parent=152515"}],"wp:term":[{"taxonomy":"category","embeddable":true,"href":"https:\/\/rdnews.al\/index.php\/wp-json\/wp\/v2\/categories?post=152515"},{"taxonomy":"post_tag","embeddable":true,"href":"https:\/\/rdnews.al\/index.php\/wp-json\/wp\/v2\/tags?post=152515"}],"curies":[{"name":"wp","href":"https:\/\/api.w.org\/{rel}","templated":true}]}}