{"id":152519,"date":"2026-09-03T08:28:00","date_gmt":"2026-09-03T08:28:00","guid":{"rendered":"https:\/\/rdnews.al\/?p=152519"},"modified":"2026-09-03T08:28:00","modified_gmt":"2026-09-03T08:28:00","slug":"dy-shperthime-me-tritol-brenda-nates-ne-durres","status":"publish","type":"post","link":"https:\/\/rdnews.al\/index.php\/2026\/09\/03\/dy-shperthime-me-tritol-brenda-nates-ne-durres\/","title":{"rendered":"Dy shp\u00ebrthime me tritol brenda nat\u00ebs n\u00eb Durr\u00ebs"},"content":{"rendered":"<p>Dy shp\u00ebrthime me l\u00ebnd\u00eb plas\u00ebse, tritol, jan\u00eb regjistruar gjat\u00eb nat\u00ebs n\u00eb qytetin e Durr\u00ebsit.<\/p>\n<p>Sipas njoftimit zyrtar t\u00eb policis\u00eb, rreth or\u00ebs 03:50, n\u00eb lagjen nr. 11 t\u00eb Durr\u00ebsit, nj\u00eb sasi e vog\u00ebl l\u00ebnde plas\u00ebse \u00ebsht\u00eb hedhur n\u00eb der\u00ebn e jashtme t\u00eb nj\u00eb lokali n\u00eb pron\u00ebsi t\u00eb shtetasit G. K.<\/p>\n<p>Si pasoj\u00eb e shp\u00ebrthimit jan\u00eb shkaktuar vet\u00ebm d\u00ebme t\u00eb lehta materiale.<\/p>\n<p>Nd\u00ebrkoh\u00eb, rreth 40 minuta m\u00eb von\u00eb, n\u00eb or\u00ebn 04:30, nj\u00eb tjet\u00ebr shp\u00ebrthim \u00ebsht\u00eb regjistruar n\u00eb zon\u00ebn e Shkallnurit.<\/p>\n<p>Sipas policis\u00eb, nj\u00eb sasi l\u00ebnde plas\u00ebse \u00ebsht\u00eb hedhur n\u00eb der\u00ebn e garazhit t\u00eb nj\u00eb automjeti, n\u00eb an\u00eb t\u00eb rrug\u00ebs Plepa\u2013Ndroq, duke shkaktuar d\u00ebme materiale.<\/p>\n<p>Grupet hetimore, n\u00ebn drejtimin e Prokuroris\u00eb, po vijojn\u00eb veprimet p\u00ebr mbledhjen dhe administrimin e provave, me q\u00ebllim zbardhjen e plot\u00eb t\u00eb rrethanave t\u00eb dy ngjarjeve, si dhe identifikimin dhe kapjen e autorit ose autor\u00ebve.<\/p>\n","protected":false},"excerpt":{"rendered":"<p>Dy shp\u00ebrthime me l\u00ebnd\u00eb plas\u00ebse, tritol, jan\u00eb regjistruar gjat\u00eb nat\u00ebs n\u00eb qytetin e Durr\u00ebsit. Sipas njoftimit zyrtar t\u00eb policis\u00eb, rreth or\u00ebs 03:50, n\u00eb lagjen nr. 11 t\u00eb Durr\u00ebsit, nj\u00eb sasi e vog\u00ebl l\u00ebnde plas\u00ebse \u00ebsht\u00eb hedhur n\u00eb der\u00ebn e jashtme t\u00eb nj\u00eb lokali n\u00eb pron\u00ebsi t\u00eb shtetasit G. K. Si pasoj\u00eb e shp\u00ebrthimit jan\u00eb shkaktuar &hellip;<\/p>\n","protected":false},"author":4,"featured_media":152520,"comment_status":"closed","ping_status":"closed","sticky":false,"template":"","format":"standard","meta":{"footnotes":""},"categories":[37],"tags":[],"class_list":["post-152519","post","type-post","status-publish","format-standard","has-post-thumbnail","","category-politike"],"_links":{"self":[{"href":"https:\/\/rdnews.al\/index.php\/wp-json\/wp\/v2\/posts\/152519","targetHints":{"allow":["GET"]}}],"collection":[{"href":"https:\/\/rdnews.al\/index.php\/wp-json\/wp\/v2\/posts"}],"about":[{"href":"https:\/\/rdnews.al\/index.php\/wp-json\/wp\/v2\/types\/post"}],"author":[{"embeddable":true,"href":"https:\/\/rdnews.al\/index.php\/wp-json\/wp\/v2\/users\/4"}],"replies":[{"embeddable":true,"href":"https:\/\/rdnews.al\/index.php\/wp-json\/wp\/v2\/comments?post=152519"}],"version-history":[{"count":1,"href":"https:\/\/rdnews.al\/index.php\/wp-json\/wp\/v2\/posts\/152519\/revisions"}],"predecessor-version":[{"id":152521,"href":"https:\/\/rdnews.al\/index.php\/wp-json\/wp\/v2\/posts\/152519\/revisions\/152521"}],"wp:featuredmedia":[{"embeddable":true,"href":"https:\/\/rdnews.al\/index.php\/wp-json\/wp\/v2\/media\/152520"}],"wp:attachment":[{"href":"https:\/\/rdnews.al\/index.php\/wp-json\/wp\/v2\/media?parent=152519"}],"wp:term":[{"taxonomy":"category","embeddable":true,"href":"https:\/\/rdnews.al\/index.php\/wp-json\/wp\/v2\/categories?post=152519"},{"taxonomy":"post_tag","embeddable":true,"href":"https:\/\/rdnews.al\/index.php\/wp-json\/wp\/v2\/tags?post=152519"}],"curies":[{"name":"wp","href":"https:\/\/api.w.org\/{rel}","templated":true}]}}