{"id":152527,"date":"2026-09-03T08:48:25","date_gmt":"2026-09-03T08:48:25","guid":{"rendered":"https:\/\/rdnews.al\/?p=152527"},"modified":"2026-09-03T08:48:48","modified_gmt":"2026-09-03T08:48:48","slug":"balliu-te-komisariati-nr-3-rama-dhe-balluku-duhet-te-ishin-ne-qeli-jo-protestuesit","status":"publish","type":"post","link":"https:\/\/rdnews.al\/index.php\/2026\/09\/03\/balliu-te-komisariati-nr-3-rama-dhe-balluku-duhet-te-ishin-ne-qeli-jo-protestuesit\/","title":{"rendered":"Balliu te Komisariati nr.3: Rama dhe Balluku duhet t\u00eb ishin n\u00eb qeli jo protestuesit!"},"content":{"rendered":"<p>Deputeti i PD, Klevis Balliu, akuzoi qeverin\u00eb dhe Policin\u00eb e Shtetit p\u00ebr arrestimin e protestuesve q\u00eb prej 96 dit\u00ebsh protestojn\u00eb kund\u00ebr korrupsionit dhe munges\u00ebs s\u00eb transparenc\u00ebs.<\/p>\n<p>Para Komisariatit, Balliu tha se t\u00eb rinjt\u00eb jan\u00eb marr\u00eb n\u00eb m\u00ebnyr\u00eb t\u00eb padrejt\u00eb, nd\u00ebrsa theksoi se dhuna ndaj tyre vjen nga pushteti.<\/p>\n<p>Balliu denoncoi gjithashtu Komisariatin nr. 3 p\u00ebr m\u00ebnyr\u00ebn e trajtimit t\u00eb protestuesve, duke sjell\u00eb n\u00eb v\u00ebmendje edhe raste t\u00eb m\u00ebparshme t\u00eb dhun\u00ebs brenda ambienteve t\u00eb policis\u00eb.<\/p>\n<p><strong>Deklarata<\/strong><\/p>\n<p>Pat\u00ebm pamund\u00ebsin\u00eb t\u00eb takojm\u00eb protestuesit, t\u00eb cil\u00ebt jan\u00eb marr\u00eb n\u00eb m\u00ebnyr\u00eb t\u00eb padrejt\u00eb dhe n\u00eb m\u00ebnyr\u00ebn m\u00eb kriminale t\u00eb mundshme. Dhe duhet specifikuar q\u00eb k\u00ebta jan\u00eb protestues t\u00eb cil\u00ebt prej 96 dit\u00ebsh protestojn\u00eb n\u00eb m\u00ebnyr\u00ebn m\u00eb paq\u00ebsore dhe e vetmja dhun\u00eb q\u00eb shikohet, shikohet nga ana e pushtetit, nga ana e qeveris\u00eb, kundrejt disa t\u00eb rinjve dhe t\u00eb rejave, t\u00eb cilat n\u00eb fund t\u00eb dit\u00ebs po k\u00ebrkojn\u00eb gj\u00ebra elementare t\u00eb nj\u00eb shteti normal, si\u00e7 jan\u00eb e drejta e fjal\u00ebs, p\u00ebrfaq\u00ebsimi, transparenca dhe lufta kund\u00ebr korrupsionit dhe largimi i pushtetit politik nga pushteti kriminal. N\u00eb k\u00ebt\u00eb aspekt, mbajtja e tyre sot n\u00eb qelit\u00eb e paraburgimit \u00ebsht\u00eb nj\u00eb turp p\u00ebr t\u00eb gjith\u00eb ne.<\/p>\n<p>\u00cbsht\u00eb e patolerueshme q\u00eb sot n\u00eb qelit\u00eb e paraburgimit jan\u00eb k\u00ebta protestues, t\u00eb rinj dhe t\u00eb reja, dhe nuk \u00ebsht\u00eb Belinda Balluku, nuk \u00ebsht\u00eb Edi Rama, nuk jan\u00eb ata hajdut\u00eb q\u00eb vjedhin \u00e7do dit\u00eb parat\u00eb e qytetar\u00ebve shqiptar\u00eb. N\u00eb k\u00ebt\u00eb aspekt duhet t&#8217;ju rikujtoj k\u00ebtu se jemi dhe af\u00ebr rajonit num\u00ebr tre. Ju e pat\u00eb fare mir\u00eb se si ishte, nj\u00eb nga arrestimet m\u00eb t\u00eb pashpjegueshme n\u00eb historin\u00eb e t\u00eb gjitha arrestimeve, nj\u00eb qytetar q\u00eb thjesht po filmonte u mor zvarr\u00eb nga tre efektiv\u00eb t\u00eb rajonit num\u00ebr tre, me urdh\u00ebr t\u00eb shefit t\u00eb rajonit num\u00ebr tre.<\/p>\n<p>Dhe pse e specifikoj? Ky rajon \u00ebsht\u00eb b\u00ebr\u00eb problem p\u00ebr qytetar\u00ebt. Dua t&#8217;ju kujtoj k\u00ebtu dhe protestuesin q\u00eb para dy muajsh \u00ebsht\u00eb goditur me grushta brenda furgonit t\u00eb policis\u00eb nga eksponent\u00eb p\u00ebrs\u00ebri t\u00eb rajonit num\u00ebr tre t\u00eb policis\u00eb s\u00eb shtetit. \u00cbsht\u00eb sulmuar me grushta nga njer\u00ebz civil\u00eb q\u00eb ndodheshin brenda furgonit t\u00eb policis\u00eb. Ka qen\u00eb, n\u00eb mos gaboj, zot\u00ebria quhej Arb\u00ebr Lleshi, i cili u dhunua brenda furgonit pas arrestimit.<\/p>\n<p>Ky rajon \u00ebsht\u00eb b\u00ebr\u00eb problematik sepse udh\u00ebzimi dhe urdhrat p\u00ebr dhunimin e protestuesve nga Edi Rama dhe i gjith\u00eb zinxhiri komandues i policis\u00eb s\u00eb shtetit vjen dhe p\u00ebrkthehet k\u00ebtu, pik\u00ebrisht n\u00eb k\u00ebt\u00eb rajon q\u00eb \u00ebsht\u00eb dhe p\u00ebrgjegj\u00ebsi p\u00ebr arrestimet m\u00eb t\u00eb shumtuara t\u00eb para ndonj\u00ebher\u00eb n\u00eb historin\u00eb e vendit. Fakti mbetet, k\u00ebta qytetar\u00eb kan\u00eb b\u00ebr\u00eb nj\u00eb protest\u00eb, vazhdojn\u00eb dhe protestojn\u00eb n\u00eb interes komb\u00ebtar, p\u00ebrtej flamujve politik\u00eb. Jan\u00eb atje vet\u00ebm p\u00ebr Shqip\u00ebrin\u00eb dhe p\u00ebr t\u00eb dh\u00ebn\u00eb mendimin e tyre dhe p\u00ebr t\u00eb mbrojtur vendin nga kthetrat e hajdut\u00ebve q\u00eb e vjedhin sot \u00e7do dit\u00eb.<\/p>\n","protected":false},"excerpt":{"rendered":"<p>Deputeti i PD, Klevis Balliu, akuzoi qeverin\u00eb dhe Policin\u00eb e Shtetit p\u00ebr arrestimin e protestuesve q\u00eb prej 96 dit\u00ebsh protestojn\u00eb kund\u00ebr korrupsionit dhe munges\u00ebs s\u00eb transparenc\u00ebs. Para Komisariatit, Balliu tha se t\u00eb rinjt\u00eb jan\u00eb marr\u00eb n\u00eb m\u00ebnyr\u00eb t\u00eb padrejt\u00eb, nd\u00ebrsa theksoi se dhuna ndaj tyre vjen nga pushteti. Balliu denoncoi gjithashtu Komisariatin nr. 3 p\u00ebr &hellip;<\/p>\n","protected":false},"author":4,"featured_media":152353,"comment_status":"closed","ping_status":"closed","sticky":false,"template":"","format":"standard","meta":{"footnotes":""},"categories":[37],"tags":[],"class_list":["post-152527","post","type-post","status-publish","format-standard","has-post-thumbnail","","category-politike"],"_links":{"self":[{"href":"https:\/\/rdnews.al\/index.php\/wp-json\/wp\/v2\/posts\/152527","targetHints":{"allow":["GET"]}}],"collection":[{"href":"https:\/\/rdnews.al\/index.php\/wp-json\/wp\/v2\/posts"}],"about":[{"href":"https:\/\/rdnews.al\/index.php\/wp-json\/wp\/v2\/types\/post"}],"author":[{"embeddable":true,"href":"https:\/\/rdnews.al\/index.php\/wp-json\/wp\/v2\/users\/4"}],"replies":[{"embeddable":true,"href":"https:\/\/rdnews.al\/index.php\/wp-json\/wp\/v2\/comments?post=152527"}],"version-history":[{"count":2,"href":"https:\/\/rdnews.al\/index.php\/wp-json\/wp\/v2\/posts\/152527\/revisions"}],"predecessor-version":[{"id":152529,"href":"https:\/\/rdnews.al\/index.php\/wp-json\/wp\/v2\/posts\/152527\/revisions\/152529"}],"wp:featuredmedia":[{"embeddable":true,"href":"https:\/\/rdnews.al\/index.php\/wp-json\/wp\/v2\/media\/152353"}],"wp:attachment":[{"href":"https:\/\/rdnews.al\/index.php\/wp-json\/wp\/v2\/media?parent=152527"}],"wp:term":[{"taxonomy":"category","embeddable":true,"href":"https:\/\/rdnews.al\/index.php\/wp-json\/wp\/v2\/categories?post=152527"},{"taxonomy":"post_tag","embeddable":true,"href":"https:\/\/rdnews.al\/index.php\/wp-json\/wp\/v2\/tags?post=152527"}],"curies":[{"name":"wp","href":"https:\/\/api.w.org\/{rel}","templated":true}]}}