{"id":152530,"date":"2026-09-03T09:12:11","date_gmt":"2026-09-03T09:12:11","guid":{"rendered":"https:\/\/rdnews.al\/?p=152530"},"modified":"2026-09-03T09:12:11","modified_gmt":"2026-09-03T09:12:11","slug":"3-shtator-1920-3-shtator-2026-106-vjetori-i-luftes-se-vlores","status":"publish","type":"post","link":"https:\/\/rdnews.al\/index.php\/2026\/09\/03\/3-shtator-1920-3-shtator-2026-106-vjetori-i-luftes-se-vlores\/","title":{"rendered":"3 Shtator 1920-3 Shtator 2026, 106 vjetori i Luft\u00ebs s\u00eb Vlor\u00ebs!"},"content":{"rendered":"<p><em><strong>Nga Bujar Leskaj<\/strong><\/em><\/p>\n<p>Sot m\u00eb 3 Shtator 2026 ne kremtojm\u00eb 106 vjetorin e Luft\u00ebs s\u00eb Vlor\u00ebs, k\u00ebt\u00eb betej\u00eb dhe dat\u00eb t\u00eb r\u00ebnd\u00ebsishme t\u00eb historis\u00eb s\u00eb Shqip\u00ebris\u00eb. Kjo dit\u00eb dhe dat\u00eb simbol i krenaris\u00eb komb\u00ebtare dhe gur themeli i ruajtjes s\u00eb integritetit t\u00eb shtetit shqiptar pas Shpalljes s\u00eb Pavar\u00ebsis\u00eb, krahas vler\u00ebsimit t\u00eb organizator\u00ebve, luft\u00ebtareve t\u00eb saj dhe kontributit q\u00eb ajo dha p\u00ebr shtetin e ri shqiptar, duhet t\u00eb na sh\u00ebrbej\u00eb p\u00ebr t\u00eb par\u00eb qart\u00eb n\u00eb t\u00eb ardhmen evropiane t\u00eb Shqip\u00ebris\u00eb, duke rritur p\u00ebrgjegjshm\u00ebrin\u00eb jo vet\u00ebm t\u00eb forcave politike, por edhe t\u00eb mbar\u00eb opinionit shoq\u00ebror t\u00eb vendit.<\/p>\n<p>Q\u00eb n\u00eb fillimet e k\u00ebtij shkrimi m\u00eb duhet t\u00eb theksoj se k\u00ebt\u00eb sh\u00ebrbim Lufta e Vlor\u00ebs mund t\u00eb na kryej\u00eb m\u00eb mir\u00eb, n\u00ebse 3 shtatori, dita e p\u00ebrfundimit triumfues t\u00eb saj, shpallet Fest\u00eb Komb\u00ebtare, k\u00ebrkes\u00eb q\u00eb prej disa viteshe shtrojn\u00eb p\u00ebrpara opinionit publik dhe Kuvendit intelektual\u00ebt vlonjat\u00eb (megjithat\u00eb nuk \u00ebsht\u00eb ky q\u00ebllimi kryesor i k\u00ebtij shkrimi modest dhe nuk do trajtohen k\u00ebtu argumentat e shumt\u00eb pro k\u00ebsaj). N\u00eb k\u00ebt\u00eb dit\u00eb studjuesit, historian\u00ebt, intelektual\u00ebt, veteran\u00ebt dhe t\u00eb rinjt\u00eb shqiptar\u00eb kujtojn\u00eb ve\u00e7an\u00ebrisht luft\u00ebtar\u00ebt e 20-\u00ebs, d\u00ebshmor\u00ebt e saj, drejtuesit politik\u00eb t\u00eb Komitetit Mbrojtja Komb\u00ebtare, me n\u00eb krye patriotin Osman Haxhiun dhe kapedan\u00ebt e k\u00ebsaj lufte, komandant\u00ebt e \u00e7etave, etapat e saj dhe vler\u00ebsimet q\u00eb nd\u00ebr vite u shkruan p\u00ebr k\u00ebt\u00eb Luft\u00eb \u2013 Epope.<\/p>\n<p>Beteja p\u00ebr Vlor\u00ebn (29 maj-3 shtator 1920) ishte nj\u00eb p\u00ebrballje krejt e pabarabart\u00eb e 4 mij\u00eb luft\u00ebtar\u00ebve shqiptar\u00eb t\u00eb keq-armatosur, t\u00eb ardhur nga t\u00eb gjitha trevat shqiptare, por shumica leb\u00ebr, t\u00eb vet\u00eborganizuar, pa mb\u00ebshtetje financiare dhe logjistike, me p\u00ebrjashtim t\u00eb dashuris\u00eb dhe sakrificave t\u00eb popullit t\u00eb Vlor\u00ebs, dhe mbi 22 mij\u00eb ushtar\u00ebve t\u00eb rregullt, t\u00eb armatosur deri n\u00eb dh\u00ebmb\u00eb, t\u00eb inkuadruar n\u00eb dy divizione t\u00eb nj\u00eb ushtrie nd\u00ebr m\u00eb modernet dhe t\u00eb pajisurat e koh\u00ebs, ushtris\u00eb italiane.<\/p>\n<p>Lufta e Vlor\u00ebs ng\u00ebrthen nj\u00eb ngjarje historike t\u00eb r\u00ebnd\u00ebsis\u00eb madhore komb\u00ebtare, e cila u tregua vendimtare p\u00ebr ekzistencen e metejshme dhe pavar\u00ebsin\u00eb e plot\u00eb t\u00eb shtetit t\u00eb ri shqiptar, t\u00eb formuar tet\u00eb vite m\u00eb par\u00eb, por t\u00eb gjymtuar nga pasojat e Traktatit t\u00eb fsheht\u00eb t\u00eb Londr\u00ebs t\u00eb 26 prillit 1915 dhe v\u00ebn\u00eb n\u00eb pik\u00ebpyetje nga ushtrit\u00eb q\u00eb p\u00ebrshkuan territorin shqiptar gjat\u00eb Luft\u00ebs s\u00eb Par\u00eb Bot\u00ebrore 1914-1918, nj\u00eb pjes\u00eb e t\u00eb cilave vijuan t\u00eb q\u00ebndronin edhe pas p\u00ebrfundimit t\u00eb k\u00ebsaj Lufte.<\/p>\n<p>Kat\u00ebr jan\u00eb kulmet e historise s\u00eb shtetit shqiptar, t\u00eb cilat ngjyrosin krenarin\u00eb dhe identitetin ton\u00eb komb\u00ebtar: Pavar\u00ebsia (28 N\u00ebntor 1912), shpallur nga Babai i Kombit Ismail Qemal Vlora, Epopeja e Sk\u00ebnderbeut (1443-1468), Lidhja e Prizrenit (1878) dhe Lufta e Vlor\u00ebs (1920). Kjo e fundit p\u00ebrb\u00ebn vul\u00ebn e p\u00ebrgatitur me pushk\u00ebt me gjalm\u00eb t\u00eb k\u00ebtyre kat\u00ebr mij\u00eb luft\u00ebtar\u00ebve dhe me gjakun e qindra martir\u00ebve t\u00eb r\u00ebn\u00eb n\u00eb fush\u00ebn e betej\u00ebs, n\u00eb em\u00ebr t\u00eb vullnetit t\u00eb pathyesh\u00ebm t\u00eb popullit shqiptar p\u00ebr t\u00eb qen\u00eb i pavarur n\u00eb truallin e tij.<\/p>\n<p>Lufta e Vlor\u00ebs po ashtu p\u00ebrb\u00ebn kuror\u00ebzimin n\u00eb terren t\u00eb vendimeve t\u00eb Kongresit t\u00eb Lushnj\u00ebs t\u00eb 28-31 janarit 1920, p\u00ebr t\u00eb unifikuar dhe qeverisur vendin. Ajo garantoi m\u00ebvet\u00ebsine e shtetit me gjuh\u00ebn m\u00eb t\u00eb kuptueshme p\u00ebr koh\u00ebn, at\u00eb t\u00eb rezistenc\u00ebs s\u00eb armatosur. S\u00eb bashku me vendimet e Kongresit t\u00eb Lushnjes dhe qeverin\u00eb q\u00eb doli nga aktet e tij, Lufta e Vlor\u00ebs vler\u00ebsohet me t\u00eb drejt\u00eb jo vet\u00ebm nga historian\u00ebt shqiptar\u00eb, por edhe ata t\u00eb huaj, si shpallja e dyt\u00eb dhe p\u00ebrfundimtare e pavar\u00ebsis\u00eb s\u00eb Shqip\u00ebris\u00eb.<\/p>\n<p>Politikani, burri i shtetit, filozofi, shkrimtari dhe publicisti Mid\u2019had Frasheri, n\u00eb nj\u00eb krahasim mes dy \u201cshpalljeve\u201dte Pavaresise, e ka cilesuar si me poshte ne persiatjet e tij: \u201cNj\u00eb mij\u00eb e n\u00ebnt\u00ebqind e dymb\u00ebdhjeta mund t\u00eb b\u00ebhej edhe gjetk\u00eb, n\u00eb vend q\u00eb t\u00eb b\u00ebhej n\u00eb Vlor\u00eb, n\u00eb \u00e7do qytet tjet\u00ebr, n\u00eb t\u00eb parin fshat, edhe n\u00eb t\u00eb fundit. Po nj\u00eb mij\u00eb e n\u00ebnt\u00ebqind e nj\u00ebzeta nuk mund t\u00eb b\u00ebhej ve\u00e7se n\u00eb Vlor\u00eb, n\u00eb k\u00ebt\u00eb balt\u00eb, prej k\u00ebtyre njer\u00ebzve.Dymb\u00ebdhjeta hodhi nj\u00eb flak\u00eb, se materializoi d\u00ebshir\u00ebn dhe idealin e nj\u00eb kombi, mbaroi nj\u00eb ide, i dha form\u00eb mendjes.<\/p>\n<p>Nj\u00ebzeta i dha gjallim l\u00ebnd\u00ebs, e b\u00ebri me shpirt form\u00ebn, e mb\u00ebrtheu n\u00eb zemra dhe n\u00eb mendje\u201d. Ago Agaj, historiani i par\u00eb dhe m\u00eb i r\u00ebnd\u00ebsish\u00ebm i Luft\u00ebs s\u00eb Vlor\u00ebs, prej vepr\u00ebs s\u00eb t\u00eb cilit jan\u00eb bazuar dhe frym\u00ebzuar historian\u00ebt e tjer\u00eb, e cil\u00ebsonte si \u201cNj\u00eb vep\u00ebr t\u00eb pashoqe q\u00eb pas vdekjes t\u00eb Sk\u00ebnderbeut e t\u00ebhu, me at\u00eb akt heroizmi e vetmohimi n\u00eb vitin 1920, q\u00eb mori m\u00eb von\u00eb emrin: Lufta e Vlor\u00ebs.<\/p>\n<p>Autor\u00ebt dhe aktor\u00ebt e k\u00ebsaj vepre madh\u00ebshtore si dhe vepra vet\u00eb u harruan. S&#8217;u zu n\u00eb goj\u00eb sikur t\u00eb mos kishin jetuar e vepruar kurr\u00eb, sikur t\u00eb mos kishin derdhur aq mundim, gjak e lot, p\u00ebr t\u00eb ngrehur themelet e pavar\u00ebsis\u00eb dhe liris\u00eb s\u00eb dyt\u00eb t\u00eb atdheut ton\u00eb, se at\u00eb t\u00eb par\u00ebn e zuri n\u00ebn vet\u00eb Lufta e Par\u00eb Bot\u00ebrore dhe lakmit\u00eb e fqinj\u00ebve tan\u00eb t\u00eb m\u00ebdhenj e t\u00eb vegj\u00ebl\u2026 Tri her\u00eb n\u00eb jet\u00ebn time e kam ndier veten krenar q\u00eb jam i vlonjat: P\u00ebr shpalljen e pavar\u00ebsis\u00eb, P\u00ebr Luft\u00ebn e Vlor\u00ebs dhe m\u00eb shum\u00eb p\u00ebr mir\u00eb pritjen e muhaxhir\u00ebve t\u00eb cil\u00ebn se kam par\u00eb m\u00eb ngjetk\u00eb n\u00eb t\u00eb gjitha fatkeq\u00ebsit\u00eb q\u00eb i ran\u00eb m\u00eb von\u00eb kombit ton\u00eb p\u00ebrsip\u00ebr\u201d.<\/p>\n<p>Prof. Dr. Muin \u00c7ami e p\u00ebrkufizon r\u00ebnd\u00ebsin\u00eb e k\u00ebsaj lufte me k\u00ebto fjal\u00eb: \u201cVendimet e Kongresit t\u00eb Lushnj\u00ebs p\u00ebr t\u00eb mbrojtur me \u00e7do kusht pavar\u00ebsin\u00eb dhe t\u00ebr\u00ebsin\u00eb territoriale t\u00eb vendit, i vuri n\u00eb jet\u00eb Lufta e armatosur e Vlor\u00ebs\u2026<br \/>\nMe fitoren e Luft\u00ebs s\u00eb Vlor\u00ebs, populli shqiptar shp\u00ebtoi v\u00ebndin nga nj\u00eb fund tep\u00ebr tragjik, nga coptimi i tret\u00eb i trojeve shqiptare\u2026 E drejta e k\u00ebsaj krenarie i takon n\u00eb radh\u00eb t\u00eb par\u00eb popullit t\u00eb Vlor\u00ebs dhe t\u00eb krahin\u00ebs\u2026 Faktori i br\u00ebndsh\u00ebm luajti rolin vendimtar n\u00eb rifitimin e pavar\u00ebsis\u00eb t\u00eb shtetit shqiptar dhe t\u00eb mbrojtjes t\u00eb integritetit t\u00eb tij territorial\u201d.<\/p>\n<p>Prof. Dr. Bardhosh Ga\u00e7e ka cil\u00ebsuar se: \u201cN\u00eb at\u00eb luft\u00eb ishin dy ushtri, t\u00eb v\u00ebna p\u00ebrball\u00eb njera tjetr\u00ebs n\u00eb vij\u00ebn e frontit, ku njera sheh vendin e mbrojtjes steren\u00eb, tjetra ik\u00ebn p\u00ebr t`u fshehur n\u00ebp\u00ebr det. Mbi t\u00eb gjitha populli p\u00ebrball\u00eb ushtris\u00eb s\u00eb huaj v\u00eb ep\u00ebrsin\u00eb e moralit t\u00eb tij t\u00eb madh. K\u00ebshtu, dal\u00ebngadal\u00eb \u201ct\u00eb zot e vatanit\u201d, duan t\u00eb vdesin \u201cp\u00ebr dheun e shenjt\u00eb\u201d.Lufta e Vlor\u00ebs ose kjo shpallje e dyt\u00eb e pavar\u00ebsis\u00eb b\u00ebri t\u00eb mundur q\u00eb m\u00eb 17 dhjetor 1920, Lidhja e Kombeve ta njihte Shqip\u00ebrin\u00eb me kufijt\u00eb q\u00eb ka sot.Shmangja e coptimit t\u00eb tret\u00eb t\u00eb Shqip\u00ebris\u00eb.<\/p>\n<p>Konferenca e Paqes pas Luft\u00ebs s\u00eb Par\u00eb Bot\u00ebrore filloi n\u00eb janar 1919 n\u00eb Paris. N\u00eb vijim t\u00eb punimeve t\u00eb saj(zgjati nj\u00eb vit), Italia dhe Greqia, vende fituese t\u00eb luft\u00ebs, n\u00ebnshkruan marr\u00ebveshjen Tittoni \u2013 Venizelos (sipas mbiemrave t\u00eb ministrit t\u00eb jasht\u00ebm italian Tommaso Tittoni dhe Kryeministrit grek Eleftherios Veniselos) m\u00eb 29 korrik 1919. N\u00eb baz\u00eb t\u00eb k\u00ebsaj marr\u00ebveshje, Italia do t\u00eb mb\u00ebshteste n\u00eb Konferenc\u00ebn e Paqes Greqin\u00eb, p\u00ebr t\u00eb aneksuar Kor\u00e7\u00ebn e Gjirokastr\u00ebn, nd\u00ebrsa Greqia do t\u00eb p\u00ebrkrahte aneksimin e Vlor\u00ebs dhe mandatin mbi pjes\u00ebn e mbetur t\u00eb shtetit shqiptar.<\/p>\n<p>N\u00ebse do t\u00eb realizoheshin marr\u00ebveshja e fsheht\u00eb e Londr\u00ebs e vitit 2015 dhe marr\u00ebveshja Tittoni-Venizelos kat\u00ebr vite m\u00eb von\u00eb, n\u00eb fillim t\u00eb vitit 1920 Shqip\u00ebria do t\u00eb rezultonte praktikisht e coptuar nd\u00ebrmjet fqinj\u00ebve. Kjo do t\u00eb p\u00ebrb\u00ebnte coptimin dhe asgj\u00ebsimin e tret\u00eb historik t\u00eb vendit, pas t\u00eb parit ndodhur me vdekjen e Sk\u00ebnderbeut dhe t\u00eb dytit gjat\u00eb viteve t\u00eb Luft\u00ebs s\u00eb Par\u00eb Bot\u00ebrore. Sipas fjal\u00ebve t\u00eb imzot Fan Nolit, \u201cN\u00eb janar 1920, nj\u00eb er\u00eb zije dhe d\u00ebshp\u00ebrimi kish r\u00ebn\u00eb n\u00eb t\u00eb gjith\u00eb an\u00ebt e v\u00ebndit ton\u00eb\u2026<\/p>\n<p>Projektet e coptimit t\u00eb Shqip\u00ebris\u00eb, redaktuar prej Aliat\u00ebve, ishin njohur dhe pritej vet\u00ebm nj\u00eb firm\u00eb q\u00eb t\u00eb b\u00ebhej nj\u00eb fakt definitiv. Firma q\u00eb mungonte ishte ajo e Presidentit Uillson, firm\u00eb q\u00eb nuk u vu n\u00eb at\u00eb projekt aq t\u00eb padrejt\u00eb\u2026\u201d. \u201cSparta\u201ddhe \u201cTermopilet\u201d shqiptare.Sipas patriotit Halim Xhelo, nd\u00ebr organizator\u00ebt e Luft\u00ebs s\u00eb Vlor\u00ebs, drejtues i gazetave \u201cPolitika\u201d dhe \u201cLiria Komb\u00ebtare\u201d n\u00eb Paris,\u201cN\u00eb pati Greqia e mo\u00e7me nj\u00eb Spart\u00eb e nj\u00eb Thermopil\u00eb, Shqip\u00ebria e re ka nj\u00eb Lab\u00ebri e Qafat e Ko\u00e7iut\u201d.<\/p>\n<p>Politikani i shquar Hasan Dosti cil\u00ebsonte se:\u201dIshte me t\u00eb v\u00ebrtet\u00eb fat i madh i Shqip\u00ebris\u00eb q\u00eb politika e krahin\u00ebs s\u00eb Vlor\u00ebs, e cila nga nj\u00eb rrjedhim nd\u00ebrhyrje rrethanash t\u00eb lumtura mori format e politik\u00ebs t\u00eb t\u00eb gjith\u00eb kombit, n\u00eb koh\u00ebn m\u00eb dramatike, ndodhi t\u00eb drejtohej prej burrave t\u00eb paisur me shum\u00eb zgjim, me virtytet civile m\u00eb t\u00eb mira, me shpirt therorie shembullore, e jo prej intelektual\u00ebve politikan\u00eb e diplomat\u00eb t\u00eb profesionit t\u00eb karier\u00ebs. Pra sjellja bujare dhe vullneti i zjarrt\u00eb q\u00eb kan\u00eb treguar n\u00eb ato rrethana t\u00eb v\u00ebshtira, ata bij t\u00eb popullit, m\u00eb b\u00ebn\u00eb t\u00eb mbaj aq lart\u00eb respektin ndaj tyre, sa mbaj lart\u00eb adhurimin e theroris\u00eb s\u00eb atyre q\u00eb kan\u00eb r\u00ebn\u00eb n\u00eb fush\u00ebn e nderit\u201d.<\/p>\n<p>Nd\u00ebrsa At Shtjef\u00ebn Gje\u00e7ovi, i ngarkuar nga K\u00ebshilli Komb\u00ebtar p\u00ebr t\u00eb shkruar historin\u00eb e luft\u00ebs, do t\u00eb shprehej: \u201cN\u00eb luft\u00eb t\u00eb Vlon\u00ebs luftoj besa e trimnija kundra fuqijet e dijet\u2026 Filluen luft\u00ebn t\u00eb p\u00ebshtetun n\u00eb shpres\u00eb t\u00eb ndihm\u00ebs s\u00eb Per\u00ebndis\u00eb e t\u00eb bashkimit v\u00ebllaz\u00ebror, e pat\u00ebn sos\u00eb a me mbet\u00eb t\u00eb gjith\u00eb n\u00eb lam t\u00eb luft\u00ebs ose me shp\u00ebrthye dyert e hekurta e ledhet e \u00e7elikta t\u00eb armiqve. Hyt\u00eb ngathnjyes n\u00eb Vlon\u00eb n\u00eb at\u00eb Vlon\u00eb kreshnike e cila kurdoher\u00eb e ka pas d\u00ebftye veten se nd\u00ebr deje i vlon gjaku fjesht shqiptar\u201d.Jehona e luft\u00ebs heroike t\u00eb shqiptar\u00ebve u ndje n\u00eb Evrop\u00eb dhe m\u00eb tej.<\/p>\n<p>Studjuesi i njohur italian Rino di Stefano n\u00eb broshur\u00ebn e tij \u201cSa e hidhur \u00ebsht\u00eb Shqip\u00ebria (Com\u2019e amara l\u2019Albania)-Fashikujt e Komisionit hetimor p\u00ebr nd\u00ebrhyrjen n\u00eb Shqip\u00ebri 1914-1921\u201d, shkruan se \u201cQ\u00ebndrime pro popullit shqiptar dhe Vlor\u00ebs pati n\u00eb Parlamentin italian. Fitoret e luft\u00ebtar\u00ebve t\u00eb Vlor\u00ebs e trondit\u00ebn qeverin\u00eb italiane\u201d .Sipas Mehdi Frash\u00ebrit, kryeminist\u00ebr i Shqip\u00ebris\u00eb n\u00eb vitet 1935-1936: \u201cLufta e Vlor\u00ebs kund\u00ebr italian\u00ebve u prit me entuziaz\u00ebm n\u00eb gjith\u00eb an\u00ebt e Shqip\u00ebris\u00eb. ..<\/p>\n<p>Lufta e Vlor\u00ebs filloi me suksese t\u00eb m\u00ebdha, sa b\u00ebri buj\u00eb n\u00eb gjith\u00eb Europ\u00ebn\u2026 Italian\u00ebt e kuptuan gabimin e madh q\u00eb kishin b\u00ebr\u00eb n\u00eb \u00e7\u00ebshtjen shqiptare\u2026 Sipas shtypit t\u00eb Europ\u00ebs mendimi i p\u00ebrgjithsh\u00ebm i bot\u00ebs s\u00eb qytet\u00ebruar ishte kthyer n\u00eb favor t\u00eb shqiptar\u00ebve\u2026 Nga err\u00ebsira e zez\u00eb ku ndodhej \u00e7\u00ebshtja shqiptare, filloi t\u00eb agonte nj\u00eb dit\u00eb e shk\u00eblqyeshme&#8230;<\/p>\n<p>Shtypi i Europ\u00ebs unanimisht k\u00ebt\u00eb e konsideroj\u00eb si nj\u00eb sukses t\u00eb madh t\u00eb shqiptar\u00ebve, q\u00eb u treguan t\u00eb denj\u00eb p\u00ebr nj\u00eb pavar\u00ebsi t\u00eb plot\u00eb\u201d.Dhe v\u00ebrtet, sipas d\u00ebshmive t\u00eb shtypit italian t\u00eb koh\u00ebs , n\u00eb jo pak raste gazetat p\u00ebrparimtare t\u00eb Italis\u00eb hodh\u00ebn thirrjet: \u201cNuk duam udh\u00ebtime ushtarake n\u00eb Shqip\u00ebri!\u201d, \u201cNe k\u00ebrkojm\u00eb largimin e trupave italiane nga Shqip\u00ebria dhe njohjen e t\u00eb drejt\u00ebs s\u00eb popullit shqiptar!\u201d.Mb\u00ebshtetje t\u00eb madhe lufta e Vlor\u00ebs mori nga gazetat dhe opinioni publik n\u00eb Belgjik\u00eb, Franc\u00eb, Amerik\u00eb, Zvic\u00ebr, Jugosllavi, Greqi, Rumani, Bullgari, Spanj\u00eb, Gjermani, Egjypt e deri n\u00eb Japoni.<\/p>\n<p>Gazeta franceze \u201cLa D\u00e9mocratie Nouvelle\u201d n\u00eb qershor 1920 e quante popullin shqiptar t\u00eb pan\u00ebnshtruar, nd\u00ebrsa gazeta tjet\u00ebr franceze \u201cLa Tribune R\u00e9publicaine\u201d m\u00eb 24 qershor 1920, shkruan se ngjarjet n\u00eb Vlor\u00eb e kan\u00eb nxjerr\u00eb popullin shqiptar\u00eb n\u00eb rendin e dit\u00ebs p\u00ebr preokupimet evropiane. Lufta e Vlor\u00ebs n\u00eb jo pak vende evropiane shkaktoi ballafaqime t\u00eb forta mes qeverive, opozitave dhe sindikatave. Ajo fitoi nj\u00eb dimension dhe solidaritet nd\u00ebrkomb\u00ebtar, me mb\u00ebshtetje t\u00eb gjer\u00eb evropiane.<\/p>\n<p>Dua ta mbyll k\u00ebt\u00eb shkrim me poetin ton\u00eb t\u00eb madh Ali Asllanin, i cili ngjarjet e epopes\u00eb s\u00eb Luft\u00ebs s\u00eb Vlor\u00ebs i p\u00ebrjetoi si kurr\u00eb ndonj\u00eb ngjarje tjet\u00ebr. Ato do t\u00eb qen\u00eb dit\u00eb e net plot emocione t\u00eb pap\u00ebrs\u00ebritshme, t\u00eb cilat poeti do t\u2019i p\u00ebrndjente gati si n\u00eb jerm. Ishte kjo atmosfer\u00eb e ndezur, q\u00eb e b\u00ebri t\u00eb shkruante marshin \u201cVlora, Vlora, bjeri m\u00eb t\u2019u lumt\u00eb dora\u201d, t\u00eb cilin v\u00ebrtet ia k\u00ebrkoi shoqata patriotike \u201cP\u00ebrlindja e Shqip\u00ebris\u00eb\u201d p\u00ebr himn t\u00eb saj, por, n\u00eb fakt, fjal\u00ebt i zienin prej koh\u00ebsh brenda gjoksit t\u00eb poetit, me vargjet e paharruara:<\/p>\n<p>\u201cVlora trime shqip\u00ebtare<br \/>\nsi rob jet\u00ebn se do fare,<br \/>\na do mbetet Shqip\u00ebri,<br \/>\na do b\u00ebhet tym e hi!<br \/>\nVlora, Vlora, Vlora, Vlora,<br \/>\nrroki arm\u00ebt, b\u00ebja forra!<br \/>\nJam vlonjat e jam burr\u00eb,<br \/>\nsduron burri zgjedh\u00eb kurr\u00eb,<br \/>\njam vlonjat e si vlonjat<br \/>\ndi b\u00ebj luft\u00eb me t\u00eb shtat!<br \/>\nVlora, Vlora, Vlora, Vlora,<br \/>\nBjeri, moj, tu lumt\u00eb dora!<br \/>\nJam vlonjat dhe trim me bes\u00eb,<br \/>\nrreth flamurit di t\u00eb vdes\u00eb,<br \/>\na me hir a me pahir\u00eb<br \/>\ndoemos do rroj i lir\u00eb!\u201d<\/p>\n<p>Ky marsh, me muzik\u00eb t\u00eb kompozitorit Thoma Nashi u luajt n\u00eb Mitingun e Fitores n\u00eb Vlor\u00eb n\u00eb 3 Shtator 1920 nga Banda e \u201cVatr\u00ebs\u201d, e ardhur nga SHBA-t\u00eb dhe q\u00eb sh\u00ebrbeu si banda e ushtris\u00eb s\u00eb Luft\u00ebs s\u00eb Vlor\u00ebs.<\/p>\n<p>Sot 106 vjet m\u00eb mbas ne p\u00ebrulemi me nderimet m\u00eb t\u00eb thella p\u00ebrpara d\u00ebshmor\u00ebve t\u00eb Luft\u00ebs s\u00eb Vlor\u00ebs, \u00e7etave nga \u00e7do fshat i Lumit t\u00eb Vlor\u00ebs, nga Lab\u00ebria dhe t\u00eb gjitha krahinat e Shaip\u00ebris\u00eb, 12 an\u00ebtar\u00ebve te Komitetit Mbrojtja Komb\u00ebtare, me n\u00eb krye Osman Haxhiun ose Osman Nurin si\u00e7 i thoshte populli dhe an\u00ebtar\u00ebt e tij Myqerem Hamzaraj, Duro Shaska, Ali Beqiri, Alem Mehmeti, Qazim Kokoshi, Murat T\u00ebrbaci, Beqir Sulo, Hazbi Cano, Hysni Shehu, Hamit Selmani, Sali Bedini, komandant\u00ebve t\u00eb p\u00ebrgjithsh\u00ebm t\u00eb Trupave Komb\u00ebtare, Major Ahmet Lepenica dhe Qazim Koculi, kapedanit Sali Vranishti, heronjve, Zigur Lelo, Selam Musa Salaria, Kanan Maze, Sado Koshena, Mehmet Mallkeqi dhe dhjet\u00ebra komandant\u00ebve te tjer\u00eb, q\u00eb dhan\u00eb jet\u00ebn p\u00ebr Shqip\u00ebrin\u00eb!<\/p>\n<p>Me rastim e 50 vjetorit t\u00eb Luft\u00ebs s\u00eb Vlor\u00ebs, luft\u00ebtar\u00ebt e saj u vler\u00ebsuan nga regjimi i koh\u00ebs, por me shum\u00eb kufizime e m\u00ebnjanime p\u00ebr arsye politike. Do t\u00eb ishte demokracia dhe ve\u00e7an\u00ebrisht president\u00ebt e nderuar t\u00eb Republik\u00ebs Bamir Topi, Bujar Nishani dhe Ilir Meta n\u00eb 100 vjetorin e saj, q\u00eb do t\u00eb vendosnin n\u00eb piedestalin m\u00eb t\u00eb lart\u00eb t\u00eb vler\u00ebsimeve komb\u00ebtare heronjt\u00eb, drejtuesit, komandantet, d\u00ebshmor\u00ebt dhe figurat politike dhe shoq\u00ebrore t\u00eb koh\u00ebs q\u00eb mund\u00ebsuan k\u00ebte Luft\u00eb \u2013 Epope. Pavar\u00ebsisht sa m\u00eb sip\u00ebr, vler\u00ebsimi duhet te vazhdoj!<\/p>\n<p>Gjithmone u jemi dhe i mbetemi borxh Luft\u00ebs s\u00eb Vlor\u00ebs 1920 dhe heronjve t\u00eb saj!<\/p>\n<p><img decoding=\"async\" src=\"https:\/\/scontent.ftia9-1.fna.fbcdn.net\/v\/t39.99422-6\/791975702_1393805918844986_1022174396384743527_n.png?stp=dst-jpg_tt6&amp;cstp=mx445x654&amp;ctp=s590x590&amp;_nc_cat=111&amp;ccb=1-7&amp;_nc_sid=833d8c&amp;_nc_ohc=gHJ9um3UZnkQ7kNvwEOA_2X&amp;_nc_oc=Adp53_FN5aqBEJHxUqzXl0uZD_orR_zcoep6Sihe3TKFCueMowRBufLGXuMSokwjSAs&amp;_nc_zt=14&amp;_nc_ht=scontent.ftia9-1.fna&amp;_nc_gid=bRG2EBWJuWFOvjWP_3mSnA&amp;_nc_ss=7f2a8&amp;oh=00_AQKpGDvz8coD8dfpQgLmWnuRnHkg2lF_G8qPNrzssubVqA&amp;oe=6A9F205B\" \/><img decoding=\"async\" src=\"https:\/\/scontent.ftia9-1.fna.fbcdn.net\/v\/t39.99422-6\/789250804_2295138304574416_3942243181702094352_n.png?stp=dst-jpg_tt6&amp;cstp=mx960x681&amp;ctp=p552x414&amp;_nc_cat=106&amp;ccb=1-7&amp;_nc_sid=833d8c&amp;_nc_ohc=rYOf-KTvQwAQ7kNvwG34_aQ&amp;_nc_oc=AdpCglplfCBCKKGbHYYE9_qe6zx7pnUFJTqugTnr8WRm0ku-JeU5NAOsWZmHfQQA3OE&amp;_nc_zt=14&amp;_nc_ht=scontent.ftia9-1.fna&amp;_nc_gid=bRG2EBWJuWFOvjWP_3mSnA&amp;_nc_ss=7f2a8&amp;oh=00_AQJDoUdCMTNP4d9thdzPhlFRreWbHHXq1V-gyJiWHSY9Yw&amp;oe=6A9F2081\" \/><img decoding=\"async\" src=\"https:\/\/scontent.ftia9-1.fna.fbcdn.net\/v\/t39.99422-6\/792159158_4479710232264863_3840393857488850883_n.png?stp=dst-jpg_tt6&amp;cstp=mx627x552&amp;ctp=s590x590&amp;_nc_cat=109&amp;ccb=1-7&amp;_nc_sid=833d8c&amp;_nc_ohc=1RS862PWNd4Q7kNvwF744CF&amp;_nc_oc=AdoNo53kpZfoWSvkcO5yO93Lf4uYdVOF81FLjPj_0TXSWWx1o9mrvtxc9bkM_9W6ROo&amp;_nc_zt=14&amp;_nc_ht=scontent.ftia9-1.fna&amp;_nc_gid=bRG2EBWJuWFOvjWP_3mSnA&amp;_nc_ss=7f2a8&amp;oh=00_AQJ2_NxBCVWLvolYCEtGa9AhyYwy_-co2wOoVBlAshl8mg&amp;oe=6A9F27A4\" \/><img decoding=\"async\" src=\"https:\/\/scontent.ftia9-1.fna.fbcdn.net\/v\/t39.99422-6\/792159158_4479710232264863_3840393857488850883_n.png?stp=dst-jpg_tt6&amp;cstp=mx627x552&amp;ctp=s590x590&amp;_nc_cat=109&amp;ccb=1-7&amp;_nc_sid=833d8c&amp;_nc_ohc=1RS862PWNd4Q7kNvwF744CF&amp;_nc_oc=AdoNo53kpZfoWSvkcO5yO93Lf4uYdVOF81FLjPj_0TXSWWx1o9mrvtxc9bkM_9W6ROo&amp;_nc_zt=14&amp;_nc_ht=scontent.ftia9-1.fna&amp;_nc_gid=bRG2EBWJuWFOvjWP_3mSnA&amp;_nc_ss=7f2a8&amp;oh=00_AQJ2_NxBCVWLvolYCEtGa9AhyYwy_-co2wOoVBlAshl8mg&amp;oe=6A9F27A4\" \/><img decoding=\"async\" src=\"https:\/\/scontent.ftia9-1.fna.fbcdn.net\/v\/t39.99422-6\/792109599_1043997364908777_8023629498340671187_n.png?stp=dst-jpg_tt6&amp;cstp=mx650x718&amp;ctp=s590x590&amp;_nc_cat=103&amp;ccb=1-7&amp;_nc_sid=833d8c&amp;_nc_ohc=AOz2eqeC900Q7kNvwFanTI-&amp;_nc_oc=AdpUW12XV34ctu7biNHG9HV9vpp_1LjE_OvxCUgCZGeyAMKp3nT6FC_c5ohLGVV9s1I&amp;_nc_zt=14&amp;_nc_ht=scontent.ftia9-1.fna&amp;_nc_gid=bRG2EBWJuWFOvjWP_3mSnA&amp;_nc_ss=7f2a8&amp;oh=00_AQIlIQIcSfCDmtRbjrSYdBOH3GiNQ3VKL8UHYPF7D1q7Sg&amp;oe=6A9EF5C6\" \/><\/p>\n","protected":false},"excerpt":{"rendered":"<p>Nga Bujar Leskaj Sot m\u00eb 3 Shtator 2026 ne kremtojm\u00eb 106 vjetorin e Luft\u00ebs s\u00eb Vlor\u00ebs, k\u00ebt\u00eb betej\u00eb dhe dat\u00eb t\u00eb r\u00ebnd\u00ebsishme t\u00eb historis\u00eb s\u00eb Shqip\u00ebris\u00eb. Kjo dit\u00eb dhe dat\u00eb simbol i krenaris\u00eb komb\u00ebtare dhe gur themeli i ruajtjes s\u00eb integritetit t\u00eb shtetit shqiptar pas Shpalljes s\u00eb Pavar\u00ebsis\u00eb, krahas vler\u00ebsimit t\u00eb organizator\u00ebve, luft\u00ebtareve t\u00eb saj &hellip;<\/p>\n","protected":false},"author":4,"featured_media":152531,"comment_status":"closed","ping_status":"closed","sticky":false,"template":"","format":"standard","meta":{"footnotes":""},"categories":[37],"tags":[],"class_list":["post-152530","post","type-post","status-publish","format-standard","has-post-thumbnail","","category-politike"],"_links":{"self":[{"href":"https:\/\/rdnews.al\/index.php\/wp-json\/wp\/v2\/posts\/152530","targetHints":{"allow":["GET"]}}],"collection":[{"href":"https:\/\/rdnews.al\/index.php\/wp-json\/wp\/v2\/posts"}],"about":[{"href":"https:\/\/rdnews.al\/index.php\/wp-json\/wp\/v2\/types\/post"}],"author":[{"embeddable":true,"href":"https:\/\/rdnews.al\/index.php\/wp-json\/wp\/v2\/users\/4"}],"replies":[{"embeddable":true,"href":"https:\/\/rdnews.al\/index.php\/wp-json\/wp\/v2\/comments?post=152530"}],"version-history":[{"count":2,"href":"https:\/\/rdnews.al\/index.php\/wp-json\/wp\/v2\/posts\/152530\/revisions"}],"predecessor-version":[{"id":152533,"href":"https:\/\/rdnews.al\/index.php\/wp-json\/wp\/v2\/posts\/152530\/revisions\/152533"}],"wp:featuredmedia":[{"embeddable":true,"href":"https:\/\/rdnews.al\/index.php\/wp-json\/wp\/v2\/media\/152531"}],"wp:attachment":[{"href":"https:\/\/rdnews.al\/index.php\/wp-json\/wp\/v2\/media?parent=152530"}],"wp:term":[{"taxonomy":"category","embeddable":true,"href":"https:\/\/rdnews.al\/index.php\/wp-json\/wp\/v2\/categories?post=152530"},{"taxonomy":"post_tag","embeddable":true,"href":"https:\/\/rdnews.al\/index.php\/wp-json\/wp\/v2\/tags?post=152530"}],"curies":[{"name":"wp","href":"https:\/\/api.w.org\/{rel}","templated":true}]}}