{"id":152534,"date":"2026-09-03T09:19:59","date_gmt":"2026-09-03T09:19:59","guid":{"rendered":"https:\/\/rdnews.al\/?p=152534"},"modified":"2026-09-03T09:19:59","modified_gmt":"2026-09-03T09:19:59","slug":"avokatja-grimci-protestuesit-u-zvarriten-drejt-komisariatit-arrestimet-jane-te-paligjshme","status":"publish","type":"post","link":"https:\/\/rdnews.al\/index.php\/2026\/09\/03\/avokatja-grimci-protestuesit-u-zvarriten-drejt-komisariatit-arrestimet-jane-te-paligjshme\/","title":{"rendered":"Avokatja Grim\u00e7i: Protestuesit u zvarrit\u00ebn drejt komisariatit! Arrestimet jan\u00eb t\u00eb paligjshme!"},"content":{"rendered":"<p>Avokatja Eda Grim\u00e7i denoncoi arrestimin e protestuesve, duke th\u00ebn\u00eb se ata jan\u00eb t\u00ebrhequr zvarr\u00eb nga policia teksa ishin ulur dhe nuk kishin kryer asnj\u00eb veprim t\u00eb dhunsh\u00ebm.<\/p>\n<p>Ajo tha se edhe n\u00eb marrjen n\u00eb pyetje nuk jan\u00eb identifikuar veprime konkrete kriminale, nd\u00ebrsa ngriti pik\u00ebpyetje p\u00ebr m\u00ebnyr\u00ebn se si policia ka proceduar ndaj 11 protestuesve.<\/p>\n<p>Grim\u00e7i tha se n\u00eb gjykat\u00eb do t\u00eb k\u00ebrkoj\u00eb konstatimin e paligjshm\u00ebris\u00eb s\u00eb arrestimeve, duke e cil\u00ebsuar nd\u00ebrhyrjen e policis\u00eb si \u201cpengmarrje t\u00eb qytetar\u00ebve\u201d gjat\u00eb ushtrimit t\u00eb s\u00eb drejt\u00ebs kushtetuese p\u00ebr protest\u00eb.<\/p>\n<p><strong>Deklarata<\/strong><\/p>\n<p>Takova tre nga protestuesit q\u00eb jan\u00eb aty, t\u00eb cil\u00ebve i kam asistuar edhe at\u00eb nat\u00eb q\u00eb ka qen\u00eb arrestimi i tyre. Presioni q\u00eb u \u00ebsht\u00eb b\u00ebr\u00eb edhe n\u00eb komisariat ka qen\u00eb i madh, nuk e kuptoj, ata vet\u00eb nuk e din\u00eb p\u00ebr \u00e7far\u00eb jan\u00eb arrestuar, \u00ebsht\u00eb e pashpjegueshme nga ana ligjore p\u00ebrse jan\u00eb arrestuar. I kam pyetur dhe m\u00eb kan\u00eb th\u00ebn\u00eb q\u00eb kan\u00eb qen\u00eb ulur dhe n\u00eb momentin q\u00eb kan\u00eb qen\u00eb ulur, jan\u00eb t\u00ebrhequr me forc\u00eb, jan\u00eb zvarritur dhe jan\u00eb sjell\u00eb n\u00eb komisariat, asnj\u00eb veprim i dhunsh\u00ebm. Absolutisht.<\/p>\n<p>Edhe gjat\u00eb momentit t\u00eb marrjes n\u00eb pyetje nuk kishin pretendime p\u00ebr veprime konkrete t\u00eb dhunshme t\u00eb b\u00ebr\u00eb nga nj\u00ebri apo nga secili, por edhe m\u00ebnyra se si b\u00ebnin dhe lexonin aktakuz\u00ebn, thoshin q\u00eb k\u00ebta persona. Pra, pretendohej p\u00ebr disa persona q\u00eb ata akoma nuk i kishin identifikuar, por nd\u00ebrkoh\u00eb kan\u00eb arrestuar 11 vet\u00eb.<\/p>\n<p>Besoj se nes\u00ebr do t\u00eb jet\u00eb procesi n\u00eb gjykat\u00eb p\u00ebr verifikimin e kushteve t\u00eb mas\u00ebs s\u00eb arrestit n\u00eb flagranc\u00eb. Patjet\u00ebr personat q\u00eb p\u00ebrfaq\u00ebsoj un\u00eb, do t\u00eb jem aty, do t&#8217;i mbroj, do t\u00eb k\u00ebrkohet ajo \u00e7ka \u00ebsht\u00eb m\u00eb logjikshme dhe m\u00eb ligjorja t\u00eb k\u00ebrkohet, q\u00eb \u00ebsht\u00eb konstatimi i arrestimit t\u00eb paligjsh\u00ebm, pra arrestimi n\u00eb flagranc\u00eb t\u00eb paligjsh\u00ebm, sepse kemi t\u00eb b\u00ebjm\u00eb jo me arrestim flagranc\u00eb, po me pengmarrje t\u00eb qytetar\u00ebve n\u00eb ushtrim t\u00eb s\u00eb drejt\u00ebs s\u00eb tyre kushtetuese t\u00eb protest\u00ebs.<\/p>\n<p>Do t\u00eb shohim nes\u00ebr se si do t\u00eb shkoj\u00eb procesi, por garantojm\u00eb q\u00eb mbrojtja do t\u00eb jet\u00eb maksimale n\u00eb respektim t\u00eb ligjit dhe do t\u00eb k\u00ebrkojm\u00eb patjet\u00ebr t\u00eb drejtat e tyre pasi jan\u00eb qytetar\u00eb t\u00eb arrestuar padrejt\u00ebsisht. Nuk kam gj\u00eb p\u00ebr t\u00eb shtuar, ju faleminderit. Fol\u00ebsi 2: Faleminderit. Fol\u00ebsi 3: \u00c7do t\u00eb premte, n\u00eb or\u00ebn 5, t\u00eb gjith\u00eb ne q\u00eb jemi k\u00ebtu, do t\u00eb jemi aty ku e k\u00ebrkon prania besimtare.<\/p>\n","protected":false},"excerpt":{"rendered":"<p>Avokatja Eda Grim\u00e7i denoncoi arrestimin e protestuesve, duke th\u00ebn\u00eb se ata jan\u00eb t\u00ebrhequr zvarr\u00eb nga policia teksa ishin ulur dhe nuk kishin kryer asnj\u00eb veprim t\u00eb dhunsh\u00ebm. Ajo tha se edhe n\u00eb marrjen n\u00eb pyetje nuk jan\u00eb identifikuar veprime konkrete kriminale, nd\u00ebrsa ngriti pik\u00ebpyetje p\u00ebr m\u00ebnyr\u00ebn se si policia ka proceduar ndaj 11 protestuesve. Grim\u00e7i &hellip;<\/p>\n","protected":false},"author":4,"featured_media":152356,"comment_status":"closed","ping_status":"closed","sticky":false,"template":"","format":"standard","meta":{"footnotes":""},"categories":[37],"tags":[],"class_list":["post-152534","post","type-post","status-publish","format-standard","has-post-thumbnail","","category-politike"],"_links":{"self":[{"href":"https:\/\/rdnews.al\/index.php\/wp-json\/wp\/v2\/posts\/152534","targetHints":{"allow":["GET"]}}],"collection":[{"href":"https:\/\/rdnews.al\/index.php\/wp-json\/wp\/v2\/posts"}],"about":[{"href":"https:\/\/rdnews.al\/index.php\/wp-json\/wp\/v2\/types\/post"}],"author":[{"embeddable":true,"href":"https:\/\/rdnews.al\/index.php\/wp-json\/wp\/v2\/users\/4"}],"replies":[{"embeddable":true,"href":"https:\/\/rdnews.al\/index.php\/wp-json\/wp\/v2\/comments?post=152534"}],"version-history":[{"count":1,"href":"https:\/\/rdnews.al\/index.php\/wp-json\/wp\/v2\/posts\/152534\/revisions"}],"predecessor-version":[{"id":152535,"href":"https:\/\/rdnews.al\/index.php\/wp-json\/wp\/v2\/posts\/152534\/revisions\/152535"}],"wp:featuredmedia":[{"embeddable":true,"href":"https:\/\/rdnews.al\/index.php\/wp-json\/wp\/v2\/media\/152356"}],"wp:attachment":[{"href":"https:\/\/rdnews.al\/index.php\/wp-json\/wp\/v2\/media?parent=152534"}],"wp:term":[{"taxonomy":"category","embeddable":true,"href":"https:\/\/rdnews.al\/index.php\/wp-json\/wp\/v2\/categories?post=152534"},{"taxonomy":"post_tag","embeddable":true,"href":"https:\/\/rdnews.al\/index.php\/wp-json\/wp\/v2\/tags?post=152534"}],"curies":[{"name":"wp","href":"https:\/\/api.w.org\/{rel}","templated":true}]}}