{"id":152538,"date":"2026-09-03T09:26:49","date_gmt":"2026-09-03T09:26:49","guid":{"rendered":"https:\/\/rdnews.al\/?p=152538"},"modified":"2026-09-03T09:26:49","modified_gmt":"2026-09-03T09:26:49","slug":"spahia-8-pyetje-publike-per-evis-salen-per-largimin-nga-posti-i-ministres","status":"publish","type":"post","link":"https:\/\/rdnews.al\/index.php\/2026\/09\/03\/spahia-8-pyetje-publike-per-evis-salen-per-largimin-nga-posti-i-ministres\/","title":{"rendered":"Spahia: 8 pyetje publike p\u00ebr Evis Sal\u00ebn p\u00ebr largimin nga posti i ministres"},"content":{"rendered":"<p><strong>Nga Bardh SPAHIA<\/strong><\/p>\n<p>Largimi i djesh\u00ebm nga detyra nuk mund t\u00eb mbyllet thjesht me nj\u00eb falenderim protokollar apo me fraza boshe administrative. Kur b\u00ebhet fjal\u00eb p\u00ebr sh\u00ebndet\u00ebsin\u00eb publike dhe jet\u00ebn e qytetar\u00ebve, llogaridh\u00ebnia nuk \u00ebsht\u00eb opsion, por detyrim kushtetues dhe moral.<br \/>\n\u200b<br \/>\nP\u00ebrtej njoftimeve zyrtare, mbeten pezull disa pyetje t\u00eb drejtp\u00ebrdrejta publike p\u00ebr ish-ministren e cila vet\u00ebm pak koh\u00eb m\u00eb par\u00eb deklaronte se po mundohej t\u00eb kuptonte problematikat e shkaqet e gjendjes s\u00eb sistemit sh\u00ebndet\u00ebsor dhe se &#8220;e mundura nuk ishte e pamundur t\u00eb b\u00ebhej e mundur&#8221;:<\/p>\n<p>A ishte vendimi i fundit konfirmim i faktit q\u00eb \u00ebsht\u00eb e pamundur t\u00eb ndryshoj\u00eb dicka n\u00eb sistemin sh\u00ebndet\u00ebsor shqiptar t\u00eb zhytur n\u00eb korrupsion, p\u00ebrsa koh\u00eb ky korrupsion kontrollohet dhe drejtohet nga vet\u00eb kryeministri?<\/p>\n<p>A erdhi kjo dor\u00ebheqje (shkarkim) pas p\u00ebrplasjeve mbi vendimin e Edi Ram\u00ebs p\u00ebr futjen e \u201coperatorit t\u00eb ri\u201d n\u00eb tregun sh\u00ebndet\u00ebsor si m\u00ebnyr\u00eb p\u00ebr t\u00eb kontrolluar \u00e7do tender dhe koncensionet q\u00eb po g\u00eblltisin buxhetin e shtetit?<br \/>\n\u200b<br \/>\nCili \u00ebsht\u00eb roli dhe lidhja e Edi Ram\u00ebs me konsulent\u00ebt e huaj (p\u00ebrfshir\u00eb shtetasin izraelit Sani Sanilevich t\u00eb p\u00ebrfolur gjer\u00ebsisht n\u00eb korridoret e dikasterit) n\u00eb vendimmarrjet p\u00ebr investimet strategjike?<br \/>\n\u200b<br \/>\n\u00c7far\u00eb konkretisht ju k\u00ebrkoj dhe \u00e7far\u00eb nuk ju la t\u00eb realizonit Edi Rama gjat\u00eb mandatit tuaj? Ku ndodhi thyerja e besimit?<br \/>\n\u200bPse u em\u00ebruat realisht? Cili ishte misioni apo projekti specifik p\u00ebr t\u00eb cilin u p\u00ebrzgjodh\u00ebt n\u00eb krye t\u00eb k\u00ebtij dikasteri. Reforma strukturore apo ruajtja e status-quo-s\u00eb s\u00eb tender\u00ebve?<br \/>\n\u200b<br \/>\nA sh\u00ebrbeu mandati juaj p\u00ebr t\u00eb neutralizuar apo kontrolluar z\u00ebrin e shoq\u00ebris\u00eb civile n\u00eb sektor, duke shfryt\u00ebzuar lidhjet dhe ndikimin e krijuar nd\u00ebr vite?<br \/>\n\u200b<br \/>\nA ishit pro apo kund\u00ebr skem\u00ebs s\u00eb p\u00ebrqendrimit t\u00eb blerjeve n\u00eb sh\u00ebndet\u00ebsi, q\u00eb kufizon gar\u00ebn dhe favorizon operator\u00ebt e paracaktuar?<br \/>\n\u200b<br \/>\nA keni pasur presione apo k\u00ebrc\u00ebnime nga kryeministri Rama dhe paraardh\u00ebsit tuaj n\u00eb detyr\u00eb p\u00ebr t\u00eb mos d\u00ebshmuar dhe p\u00ebr t\u00eb mos bashk\u00ebpunuar me SPAK-un mbi dosjet e hapura t\u00eb sterilizimit, check-up-it dhe laborator\u00ebve?<\/p>\n<p>A keni denoncuar ndonj\u00ebher\u00eb zyrtarisht abuzimet q\u00eb gjet\u00ebt n\u00eb tryez\u00eb, apo zgjodh\u00ebt kompromisin e heshtur deri n\u00eb dit\u00ebn e largimit?<br \/>\n\u200b<br \/>\nSh\u00ebndet\u00ebsia shqiptare nuk mund t\u00eb trajtohet si departament i transferimit t\u00eb parave publike n\u00eb llogari private. Qytetar\u00ebt meritojn\u00eb trajtim dinjitoz dhe transparenc\u00eb. Heshtja e sotme \u00ebsht\u00eb bashk\u00ebfaj\u00ebsi e nes\u00ebrme.<\/p>\n<p>Zonja Sala p\u00ebr nj\u00eb mjek nuk ka asgj\u00eb m\u00eb t\u00eb shenjt\u00eb se sh\u00ebndeti dhe jeta e njeriut, t\u00eb dal\u00ebsh sot e tu thuash t\u00eb v\u00ebrtet\u00ebn shqiptar\u00ebve q\u00eb luftojn\u00eb p\u00ebr jet\u00ebn do ishte n\u00eb nj\u00eb far\u00eb m\u00ebnyre t\u00eb b\u00ebsh t\u00eb &#8220;pamundur\u00ebn t\u00eb mundur&#8221;.<br \/>\nVERITAS VOS LIBERABIT.<\/p>\n","protected":false},"excerpt":{"rendered":"<p>Nga Bardh SPAHIA Largimi i djesh\u00ebm nga detyra nuk mund t\u00eb mbyllet thjesht me nj\u00eb falenderim protokollar apo me fraza boshe administrative. Kur b\u00ebhet fjal\u00eb p\u00ebr sh\u00ebndet\u00ebsin\u00eb publike dhe jet\u00ebn e qytetar\u00ebve, llogaridh\u00ebnia nuk \u00ebsht\u00eb opsion, por detyrim kushtetues dhe moral. \u200b P\u00ebrtej njoftimeve zyrtare, mbeten pezull disa pyetje t\u00eb drejtp\u00ebrdrejta publike p\u00ebr ish-ministren e &hellip;<\/p>\n","protected":false},"author":4,"featured_media":152462,"comment_status":"closed","ping_status":"closed","sticky":false,"template":"","format":"standard","meta":{"footnotes":""},"categories":[37],"tags":[],"class_list":["post-152538","post","type-post","status-publish","format-standard","has-post-thumbnail","","category-politike"],"_links":{"self":[{"href":"https:\/\/rdnews.al\/index.php\/wp-json\/wp\/v2\/posts\/152538","targetHints":{"allow":["GET"]}}],"collection":[{"href":"https:\/\/rdnews.al\/index.php\/wp-json\/wp\/v2\/posts"}],"about":[{"href":"https:\/\/rdnews.al\/index.php\/wp-json\/wp\/v2\/types\/post"}],"author":[{"embeddable":true,"href":"https:\/\/rdnews.al\/index.php\/wp-json\/wp\/v2\/users\/4"}],"replies":[{"embeddable":true,"href":"https:\/\/rdnews.al\/index.php\/wp-json\/wp\/v2\/comments?post=152538"}],"version-history":[{"count":1,"href":"https:\/\/rdnews.al\/index.php\/wp-json\/wp\/v2\/posts\/152538\/revisions"}],"predecessor-version":[{"id":152539,"href":"https:\/\/rdnews.al\/index.php\/wp-json\/wp\/v2\/posts\/152538\/revisions\/152539"}],"wp:featuredmedia":[{"embeddable":true,"href":"https:\/\/rdnews.al\/index.php\/wp-json\/wp\/v2\/media\/152462"}],"wp:attachment":[{"href":"https:\/\/rdnews.al\/index.php\/wp-json\/wp\/v2\/media?parent=152538"}],"wp:term":[{"taxonomy":"category","embeddable":true,"href":"https:\/\/rdnews.al\/index.php\/wp-json\/wp\/v2\/categories?post=152538"},{"taxonomy":"post_tag","embeddable":true,"href":"https:\/\/rdnews.al\/index.php\/wp-json\/wp\/v2\/tags?post=152538"}],"curies":[{"name":"wp","href":"https:\/\/api.w.org\/{rel}","templated":true}]}}