{"id":152540,"date":"2026-09-03T09:40:09","date_gmt":"2026-09-03T09:40:09","guid":{"rendered":"https:\/\/rdnews.al\/?p=152540"},"modified":"2026-09-03T09:40:09","modified_gmt":"2026-09-03T09:40:09","slug":"kapidani-ne-mbeshtetje-te-banoreve-te-durresit-te-prekur-nga-projekti-tid-qytetaret-nuk-mund-te-jetojne-nen-kercenimin-e-shpronesimit","status":"publish","type":"post","link":"https:\/\/rdnews.al\/index.php\/2026\/09\/03\/kapidani-ne-mbeshtetje-te-banoreve-te-durresit-te-prekur-nga-projekti-tid-qytetaret-nuk-mund-te-jetojne-nen-kercenimin-e-shpronesimit\/","title":{"rendered":"Kapidani: N\u00eb mb\u00ebshtetje t\u00eb banor\u00ebve t\u00eb Durr\u00ebsit t\u00eb prekur nga projekti TID! Qytetar\u00ebt nuk mund t\u00eb jetojn\u00eb n\u00ebn k\u00ebrc\u00ebnimin e shpron\u00ebsimit"},"content":{"rendered":"<p class=\"wp-block-paragraph\"><strong>Deklarata e Sekretares s\u00eb Marr\u00ebdh\u00ebnieve me Publikun n\u00eb PD, Viola Kapidani:<\/strong><\/p>\n<p class=\"wp-block-paragraph\">T\u00eb nderuar qytetar\u00eb,<\/p>\n<p class=\"wp-block-paragraph\">Si qytetare e Durr\u00ebsit , kam ndjekur me v\u00ebmendje situat\u00ebn e krijuar nga projekti TID dhe betej\u00ebn e banor\u00ebve p\u00ebr mbrojtjen e pronave, banesave dhe bizneseve t\u00eb tyre.<\/p>\n<p class=\"wp-block-paragraph\">Sot dua ta shpreh\u00a0 q\u00ebndrimin tim:<\/p>\n<p class=\"wp-block-paragraph\">Jam n\u00eb mb\u00ebshtetje t\u00eb plot\u00eb t\u00eb k\u00ebrkes\u00ebs s\u00eb banor\u00ebve p\u00ebr pezullimin e menj\u00ebhersh\u00ebm t\u00eb projektit TID Durr\u00ebs, ndalimin e procedurave t\u00eb prishjes dhe shpron\u00ebsimit dhe nisjen e procedurave institucionale p\u00ebr shfuqizimin de jure t\u00eb k\u00ebtij projekti.<\/p>\n<p class=\"wp-block-paragraph\">N\u00eb k\u00ebt\u00eb betej\u00eb qytetare, banor\u00ebt nuk kan\u00eb qen\u00eb vet\u00ebm. Partia Demokratike ka qen\u00eb vazhdimisht n\u00eb mb\u00ebshtetje t\u00eb tyre, t\u00eb s\u00eb drejt\u00ebs s\u00eb pron\u00ebs dhe k\u00ebrkes\u00ebs p\u00ebr transparenc\u00eb dhe ligjshm\u00ebri.<\/p>\n<p class=\"wp-block-paragraph\">M\u00eb 1 shtator, p\u00ebrfaq\u00ebsues t\u00eb banor\u00ebve dor\u00ebzuan pran\u00eb Bashkis\u00eb Durr\u00ebs nj\u00eb dokument prej 15 faqesh, t\u00eb firmosur nga 65 qytetar\u00eb, ku k\u00ebrkojn\u00eb zyrtarisht pezullimin e projektit dhe nisjen e procedurave p\u00ebr shfuqizimin e tij.<\/p>\n<p class=\"wp-block-paragraph\">Sot kemi edhe nj\u00eb realitet t\u00eb ri juridik dhe urbanistik, t\u00eb cilin Bashkia Durr\u00ebs nuk mund ta anashkaloj\u00eb.<\/p>\n<p class=\"wp-block-paragraph\">Shfuqizimi i vendimit p\u00ebr Zon\u00ebn e Re p\u00ebr Zhvillim dhe i kuadrit planifikues t\u00eb lidhur me t\u00eb ka ndryshuar situat\u00ebn e nj\u00eb pjese t\u00eb territorit ku nd\u00ebrhyn edhe projekti TID.<\/p>\n<p class=\"wp-block-paragraph\">Nga krahasimi i hart\u00ebs s\u00eb TID Durr\u00ebs me territorin e planit tashm\u00eb t\u00eb shfuqizuar rezulton nj\u00eb mbivendosje konkrete:<\/p>\n<p class=\"wp-block-paragraph\">Nga 74 prona \u2013 nd\u00ebrtesa dhe troje \u2013 t\u00eb parashikuara p\u00ebr shpron\u00ebsim n\u00eb kuad\u00ebr t\u00eb TID Durr\u00ebs, rreth 20 prona ndodhen n\u00eb zon\u00ebn e mbivendosur.<\/p>\n<p class=\"wp-block-paragraph\">Duhet t\u00eb jemi juridikisht korrekt\u00eb: shfuqizimi i nj\u00eb instrumenti planifikimi nuk sjell automatikisht shfuqizimin juridik t\u00eb TID Durr\u00ebs.<\/p>\n<p class=\"wp-block-paragraph\">Pik\u00ebrisht p\u00ebr k\u00ebt\u00eb arsye banor\u00ebt k\u00ebrkojn\u00eb shfuqizimin de jure t\u00eb projektit. Dhe ne e mb\u00ebshtesim plot\u00ebsisht k\u00ebt\u00eb k\u00ebrkes\u00eb.<\/p>\n<p class=\"wp-block-paragraph\">Ndryshimi i statusit juridik dhe planifikues t\u00eb territorit nuk mund t\u00eb konsiderohet pa pasoja p\u00ebr nj\u00eb projekt q\u00eb prek drejtp\u00ebrdrejt pronat e qytetar\u00ebve.<\/p>\n<p class=\"wp-block-paragraph\">P\u00ebr m\u00eb tep\u00ebr, vet\u00eb Bashkia Durr\u00ebs ka deklaruar se projekti \u00ebsht\u00eb n\u00eb proces rishikimi dhe vler\u00ebsimi.<\/p>\n<p class=\"wp-block-paragraph\">Prandaj i drejtojm\u00eb Bashkis\u00eb Durr\u00ebs pyetjen:<\/p>\n<p class=\"wp-block-paragraph\">\u00c7far\u00eb projekti po vazhdon? Me cil\u00ebn hart\u00eb, me cilin konfigurim, me cil\u00ebn list\u00eb pronash dhe mbi cil\u00ebn baz\u00eb ligjore?<\/p>\n<p class=\"wp-block-paragraph\">N\u00ebse projekti po rishikohet apo rikonfigurohet, qytetar\u00ebt nuk mund t\u00eb vazhdojn\u00eb t\u00eb jetojn\u00eb n\u00ebn pasigurin\u00eb e shpron\u00ebsimit sikur gjith\u00e7ka t\u00eb ishte e pandryshuar dhe p\u00ebrfundimtare.<\/p>\n<p class=\"wp-block-paragraph\">Pronat e tyre nuk jan\u00eb thjesht numra n\u00eb nj\u00eb hart\u00eb. Pas tyre jan\u00eb familje, sht\u00ebpi, biznese dhe histori t\u00eb lidhura me k\u00ebt\u00eb qytet.<\/p>\n<p class=\"wp-block-paragraph\">Prandaj i k\u00ebrkojm\u00eb Bashkis\u00eb Durr\u00ebs:<\/p>\n<p class=\"wp-block-paragraph\">T\u00eb pezulloj\u00eb projektin TID dhe \u00e7do procedur\u00eb prishjeje apo shpron\u00ebsimi q\u00eb mund t\u00eb krijoj\u00eb pasoja t\u00eb pakthyeshme.<\/p>\n<p class=\"wp-block-paragraph\">T\u00eb b\u00ebj\u00eb publik statusin juridik t\u00eb projektit dhe efektet e ndryshimeve t\u00eb fundit mbi pronat e p\u00ebrfshira.<\/p>\n<p class=\"wp-block-paragraph\">Dhe t\u00eb nis\u00eb procedurat institucionale p\u00ebr shfuqizimin de jure t\u00eb projektit TID Durr\u00ebs, n\u00eb p\u00ebrgjigje t\u00eb k\u00ebrkes\u00ebs s\u00eb banor\u00ebve.<\/p>\n<p class=\"wp-block-paragraph\">Duam t\u00eb theksojm\u00eb: t\u00eb mbrosh pron\u00ebn e qytetar\u00ebve nuk do t\u00eb thot\u00eb t\u00eb jesh kund\u00ebr zhvillimit t\u00eb Durr\u00ebsit.<\/p>\n<p class=\"wp-block-paragraph\">Ne duam v\u00ebnien n\u00eb vler\u00eb t\u00eb Amfiteatrit, mbrojtjen e trash\u00ebgimis\u00eb arkeologjike dhe nj\u00eb qend\u00ebr historike q\u00eb t\u00eb jet\u00eb krenaria e qytetit dhe nj\u00eb motor i zhvillimit ekonomik e turistik.<\/p>\n<p class=\"wp-block-paragraph\">Q\u00ebndrimi yn\u00eb \u00ebsht\u00eb i qart\u00eb: jemi n\u00eb krah t\u00eb banor\u00ebve dhe mb\u00ebshtesim k\u00ebrkes\u00ebn e tyre.<\/p>\n<p class=\"wp-block-paragraph\">N\u00eb k\u00ebt\u00eb q\u00ebndrim vazhdojm\u00eb at\u00eb q\u00eb Partia Demokratike ka b\u00ebr\u00eb gjat\u00eb gjith\u00eb k\u00ebsaj beteje: t\u00eb q\u00ebndrojm\u00eb n\u00eb krah t\u00eb qytetar\u00ebve dhe t\u00eb s\u00eb drejt\u00ebs s\u00eb tyre p\u00ebr t\u00eb mbrojtur pron\u00ebn.<\/p>\n<p class=\"wp-block-paragraph\">Tani \u00ebsht\u00eb p\u00ebrgjegj\u00ebsia e Bashkis\u00eb Durr\u00ebs dhe e institucioneve p\u00ebrkat\u00ebse q\u00eb t\u00eb mos e l\u00ebn\u00eb k\u00ebt\u00eb k\u00ebrkes\u00eb pa p\u00ebrgjigje.<\/p>\n<p class=\"wp-block-paragraph\">TID Durr\u00ebs duhet t\u00eb pezullohet dhe duhet t\u00eb nisin procedurat p\u00ebr shfuqizimin e tij de jure.<\/p>\n<p class=\"wp-block-paragraph\">Qytetar\u00ebt kan\u00eb folur.<\/p>\n<p class=\"wp-block-paragraph\">\u00cbsht\u00eb koha q\u00eb institucionet t\u2019i d\u00ebgjojn\u00eb dhe t\u00eb veprojn\u00eb.<\/p>\n","protected":false},"excerpt":{"rendered":"<p>Deklarata e Sekretares s\u00eb Marr\u00ebdh\u00ebnieve me Publikun n\u00eb PD, Viola Kapidani: T\u00eb nderuar qytetar\u00eb, Si qytetare e Durr\u00ebsit , kam ndjekur me v\u00ebmendje situat\u00ebn e krijuar nga projekti TID dhe betej\u00ebn e banor\u00ebve p\u00ebr mbrojtjen e pronave, banesave dhe bizneseve t\u00eb tyre. Sot dua ta shpreh\u00a0 q\u00ebndrimin tim: Jam n\u00eb mb\u00ebshtetje t\u00eb plot\u00eb t\u00eb k\u00ebrkes\u00ebs &hellip;<\/p>\n","protected":false},"author":4,"featured_media":152541,"comment_status":"closed","ping_status":"closed","sticky":false,"template":"","format":"standard","meta":{"footnotes":""},"categories":[37],"tags":[],"class_list":["post-152540","post","type-post","status-publish","format-standard","has-post-thumbnail","","category-politike"],"_links":{"self":[{"href":"https:\/\/rdnews.al\/index.php\/wp-json\/wp\/v2\/posts\/152540","targetHints":{"allow":["GET"]}}],"collection":[{"href":"https:\/\/rdnews.al\/index.php\/wp-json\/wp\/v2\/posts"}],"about":[{"href":"https:\/\/rdnews.al\/index.php\/wp-json\/wp\/v2\/types\/post"}],"author":[{"embeddable":true,"href":"https:\/\/rdnews.al\/index.php\/wp-json\/wp\/v2\/users\/4"}],"replies":[{"embeddable":true,"href":"https:\/\/rdnews.al\/index.php\/wp-json\/wp\/v2\/comments?post=152540"}],"version-history":[{"count":2,"href":"https:\/\/rdnews.al\/index.php\/wp-json\/wp\/v2\/posts\/152540\/revisions"}],"predecessor-version":[{"id":152543,"href":"https:\/\/rdnews.al\/index.php\/wp-json\/wp\/v2\/posts\/152540\/revisions\/152543"}],"wp:featuredmedia":[{"embeddable":true,"href":"https:\/\/rdnews.al\/index.php\/wp-json\/wp\/v2\/media\/152541"}],"wp:attachment":[{"href":"https:\/\/rdnews.al\/index.php\/wp-json\/wp\/v2\/media?parent=152540"}],"wp:term":[{"taxonomy":"category","embeddable":true,"href":"https:\/\/rdnews.al\/index.php\/wp-json\/wp\/v2\/categories?post=152540"},{"taxonomy":"post_tag","embeddable":true,"href":"https:\/\/rdnews.al\/index.php\/wp-json\/wp\/v2\/tags?post=152540"}],"curies":[{"name":"wp","href":"https:\/\/api.w.org\/{rel}","templated":true}]}}