{"id":152544,"date":"2026-09-03T10:02:44","date_gmt":"2026-09-03T10:02:44","guid":{"rendered":"https:\/\/rdnews.al\/?p=152544"},"modified":"2026-09-03T10:02:44","modified_gmt":"2026-09-03T10:02:44","slug":"pista-apo-besnikeria-ndaj-partise","status":"publish","type":"post","link":"https:\/\/rdnews.al\/index.php\/2026\/09\/03\/pista-apo-besnikeria-ndaj-partise\/","title":{"rendered":"Pista apo besnik\u00ebria ndaj Partis\u00eb?"},"content":{"rendered":"<p><strong>Nga Lu\u00e7iano BO\u00c7I<\/strong><\/p>\n<p>David Nikolli, kampion Ballkani, fitues i tet\u00eb medaljeve dhe mbajt\u00ebs i 12 rekordeve komb\u00ebtare, denoncon se \u00ebsht\u00eb l\u00ebn\u00eb jasht\u00eb Loj\u00ebrave Mesdhetare \u201cTaranto 2026\u201d, megjith\u00ebse ishte p\u00ebrgatitur prej nj\u00eb viti dhe vet\u00ebm pak koh\u00eb m\u00eb par\u00eb ishte shpallur p\u00ebrs\u00ebri kampion komb\u00ebtar.<\/p>\n<p>Akuza e tij \u00ebsht\u00eb trondit\u00ebse!<\/p>\n<p>Ai u b\u00eb \u201csportist i pad\u00ebshiruar\u201d pasi mori pjes\u00eb n\u00eb protestat kund\u00ebr qeveris\u00eb dhe madje u prononcua.<\/p>\n<p>Por sporti matet me kronomet\u00ebr dhe jo me bindje politike.<\/p>\n<p>Fanella e Komb\u00ebtares e Nikollit \u00ebsht\u00eb fituar me djers\u00eb dhe rezultate.<\/p>\n<p>Kur nj\u00eb kampion nd\u00ebshkohet sepse protestoi, at\u00ebher\u00eb jemi para p\u00ebrdorimint t\u00eb Komb\u00ebtares si pron\u00eb e partis\u00eb dhe p\u00ebrdorimit t\u00eb flamurit komb\u00ebtar si shp\u00ebrblim p\u00ebr n\u00ebnshtrimin.<\/p>\n<p>Liria p\u00ebr t\u00eb protestuar nuk \u00ebsht\u00eb shkelje disiplinore. Shteti nuk \u00ebsht\u00eb pronar i sportistit dhe Edi Rama nuk \u00ebsht\u00eb pronar i fanell\u00ebs kuqezi.<\/p>\n<p>Ministria, KOKSH-i dhe Federata duhet t\u00eb publikojn\u00eb t\u00eb gjith\u00eb dokumentacionin dhe t\u00eb lejojn\u00eb nj\u00eb verifikim t\u00eb pavarur t\u00eb p\u00ebrzgjedhjes.<\/p>\n<p>N\u00ebse rezultatet sportive e kualifikonin David Nikollin, vendimi duhet t\u00eb korrigjohej dhe p\u00ebrgjegj\u00ebsit duhet t\u00eb mbajn\u00eb p\u00ebrgjegj\u00ebsi.<\/p>\n<p>David Nikolli nuk k\u00ebrkon privilegj. K\u00ebrkon q\u00eb djersa dhe rezultatet e tij t\u00eb mos d\u00ebnohen p\u00ebr shkak t\u00eb z\u00ebrit t\u00eb lir\u00eb.<\/p>\n<p><img decoding=\"async\" src=\"https:\/\/scontent.ftia9-1.fna.fbcdn.net\/v\/t39.30808-6\/783012286_1636822207812299_4157335838911093285_n.jpg?stp=dst-jpg_tt6&amp;cstp=mx943x2048&amp;ctp=s590x590&amp;_nc_cat=107&amp;ccb=1-7&amp;_nc_sid=833d8c&amp;_nc_eui2=AeFbCrsJNyeDlYXme8ANxjBR1FGHvWko1hTUUYe9aSjWFCgoQyor7dI4-YXq4gtf6Q0&amp;_nc_ohc=Rhi6t3leIZUQ7kNvwFmBluR&amp;_nc_oc=Adrr6lGdwbCN85iFpTsXNpQ4FUY3hlW1ao9Sdptl0wTbHI8e-JE1fkGfN5cyKXNyxNU&amp;_nc_zt=23&amp;_nc_ht=scontent.ftia9-1.fna&amp;_nc_gid=sU8jAi7X841RO280V-EVPA&amp;_nc_ss=7f2a8&amp;oh=00_AQK1KDgVznZSKMV1614HaCOhHmLBIssMSctKa9FZRq6Zgg&amp;oe=6A9F0169\" \/><img decoding=\"async\" src=\"https:\/\/scontent.ftia9-1.fna.fbcdn.net\/v\/t39.30808-6\/787044947_1636822221145631_1742203675040323928_n.jpg?stp=dst-jpg_tt6&amp;cstp=mx944x2048&amp;ctp=s590x590&amp;_nc_cat=102&amp;ccb=1-7&amp;_nc_sid=833d8c&amp;_nc_eui2=AeHQhUWsTCBnBhWQ_ZSSaZP9CfoHz7XzargJ-gfPtfNquEpZ41BCqg_scOGYoGpFnKA&amp;_nc_ohc=hQVlNV77EbIQ7kNvwG-zklE&amp;_nc_oc=AdoJ1syN5dF1fD5SqUSWXbcru-r72llhtsvlZkHal_IR0YOm5dIMw4Z7zBaTswLE_40&amp;_nc_zt=23&amp;_nc_ht=scontent.ftia9-1.fna&amp;_nc_gid=sU8jAi7X841RO280V-EVPA&amp;_nc_ss=7f2a8&amp;oh=00_AQInWRZ4xiVHbz7_9R10qSi8Ghv66rbsuTje9O-ekwHwsQ&amp;oe=6A9F1217\" \/><\/p>\n","protected":false},"excerpt":{"rendered":"<p>Nga Lu\u00e7iano BO\u00c7I David Nikolli, kampion Ballkani, fitues i tet\u00eb medaljeve dhe mbajt\u00ebs i 12 rekordeve komb\u00ebtare, denoncon se \u00ebsht\u00eb l\u00ebn\u00eb jasht\u00eb Loj\u00ebrave Mesdhetare \u201cTaranto 2026\u201d, megjith\u00ebse ishte p\u00ebrgatitur prej nj\u00eb viti dhe vet\u00ebm pak koh\u00eb m\u00eb par\u00eb ishte shpallur p\u00ebrs\u00ebri kampion komb\u00ebtar. Akuza e tij \u00ebsht\u00eb trondit\u00ebse! Ai u b\u00eb \u201csportist i pad\u00ebshiruar\u201d pasi &hellip;<\/p>\n","protected":false},"author":4,"featured_media":139858,"comment_status":"closed","ping_status":"closed","sticky":false,"template":"","format":"standard","meta":{"footnotes":""},"categories":[44],"tags":[],"class_list":["post-152544","post","type-post","status-publish","format-standard","has-post-thumbnail","","category-editorial"],"_links":{"self":[{"href":"https:\/\/rdnews.al\/index.php\/wp-json\/wp\/v2\/posts\/152544","targetHints":{"allow":["GET"]}}],"collection":[{"href":"https:\/\/rdnews.al\/index.php\/wp-json\/wp\/v2\/posts"}],"about":[{"href":"https:\/\/rdnews.al\/index.php\/wp-json\/wp\/v2\/types\/post"}],"author":[{"embeddable":true,"href":"https:\/\/rdnews.al\/index.php\/wp-json\/wp\/v2\/users\/4"}],"replies":[{"embeddable":true,"href":"https:\/\/rdnews.al\/index.php\/wp-json\/wp\/v2\/comments?post=152544"}],"version-history":[{"count":1,"href":"https:\/\/rdnews.al\/index.php\/wp-json\/wp\/v2\/posts\/152544\/revisions"}],"predecessor-version":[{"id":152545,"href":"https:\/\/rdnews.al\/index.php\/wp-json\/wp\/v2\/posts\/152544\/revisions\/152545"}],"wp:featuredmedia":[{"embeddable":true,"href":"https:\/\/rdnews.al\/index.php\/wp-json\/wp\/v2\/media\/139858"}],"wp:attachment":[{"href":"https:\/\/rdnews.al\/index.php\/wp-json\/wp\/v2\/media?parent=152544"}],"wp:term":[{"taxonomy":"category","embeddable":true,"href":"https:\/\/rdnews.al\/index.php\/wp-json\/wp\/v2\/categories?post=152544"},{"taxonomy":"post_tag","embeddable":true,"href":"https:\/\/rdnews.al\/index.php\/wp-json\/wp\/v2\/tags?post=152544"}],"curies":[{"name":"wp","href":"https:\/\/api.w.org\/{rel}","templated":true}]}}