{"id":152546,"date":"2026-09-03T10:10:34","date_gmt":"2026-09-03T10:10:34","guid":{"rendered":"https:\/\/rdnews.al\/?p=152546"},"modified":"2026-09-03T10:10:34","modified_gmt":"2026-09-03T10:10:34","slug":"komplote-te-reja-te-fqinjeve-ndaj-edi-rames","status":"publish","type":"post","link":"https:\/\/rdnews.al\/index.php\/2026\/09\/03\/komplote-te-reja-te-fqinjeve-ndaj-edi-rames\/","title":{"rendered":"Komplote t\u00eb reja t\u00eb fqinj\u00ebve ndaj Edi Ram\u00ebs!!!"},"content":{"rendered":"<p><strong>Nga Belind KELLI\u00c7I<\/strong><\/p>\n<p>Qeverit\u00eb fqinje kan\u00eb nd\u00ebrmarr\u00eb disa komplote dhe l\u00ebvizje t\u00eb forta kund\u00ebr Edi Ram\u00ebs dhe qeverisjes s\u00eb tij, me akte konkrete!<\/p>\n<p>Qeveria greke ka arritur nj\u00eb marr\u00ebveshje me p\u00ebrfaq\u00ebsuesit e biznesit, p\u00ebr uljen e \u00e7mimit t\u00eb 1 mij\u00eb e 600 produkteve n\u00eb mas\u00ebn 30 p\u00ebr qind. Qytetar\u00ebt grek\u00eb do t\u00eb paguajn\u00eb m\u00eb pak, nd\u00ebrkoh\u00eb q\u00eb qeveria atje do t\u00eb leht\u00ebsoj\u00eb furnizuesit e ushqimeve.<\/p>\n<p>Kjo \u00ebsht\u00eb nj\u00eb goditje ndaj Edi Ram\u00ebs i cili nuk ka nd\u00ebrmarr\u00eb asnj\u00eb nis\u00ebm p\u00ebr zbutjen e shtrenjtimit t\u00eb kostos s\u00eb jetes\u00ebs. B\u00ebhet me q\u00ebllim q\u00eb ai t\u00eb duket keq para qytetar\u00ebve.<\/p>\n<p>Nuk ngelet pas qeveria e fqinjit tjet\u00ebr, ajo e Maqedonis\u00eb s\u00eb Veriut. S\u00eb fundmi, ata vendos\u00ebn ta ulin akciz\u00ebn e karburantit dhe p\u00ebr pasoj\u00eb 1 lit\u00ebr naft\u00eb atje \u00ebsht\u00eb 1.5 euro. K\u00ebtu tek ne \u00ebsht\u00eb m\u00eb shum\u00eb se 2.2 euro litri. Shkupi e b\u00ebn k\u00ebt\u00eb q\u00eb ta nxjerr\u00eb Edi Ram\u00ebn n\u00eb drit\u00eb t\u00eb keqe, si Kryeministri q\u00eb nuk merr asnj\u00eb mas\u00eb p\u00ebr t\u00eb leht\u00ebsuar qytetar\u00ebt e tij.<\/p>\n<p>Edhe fqinji tjet\u00ebr, Mali i Zi i dha nj\u00eb goditje t\u00eb fort\u00eb Edi Ram\u00ebs n\u00eb fund t\u00eb gushtit duke ulur akciz\u00ebn e karburantit, dhe qytetar\u00eb atje e blejn\u00eb nj\u00eb lit\u00ebr naft\u00eb me 1.8 euro. K\u00ebtu tek ne, p\u00ebrllogaritet se p\u00ebr 5 muaj, nga marsi n\u00eb korrik, qytetar\u00ebt shqiptar\u00eb kan\u00eb paguar p\u00ebr karburantin 80 milion\u00eb euro m\u00eb shum\u00eb se sa n\u00eb t\u00eb nj\u00ebjt\u00ebn periudh\u00eb e vitit m\u00eb par\u00eb. K\u00ebto para shkojn\u00eb t\u00eb gjitha tek Edi Rama i cili i ndan sipas interesave t\u00eb tij me miqt\u00eb dhe klient\u00ebt.<\/p>\n<p>\u00c7mimet e ushqimeve jan\u00eb m\u00eb t\u00eb lartat n\u00eb rajon dhe 3 p\u00ebrqind m\u00eb t\u00eb larta se sa mesatarja e Bashkimit Europian.<\/p>\n<p>Me k\u00ebto masa q\u00eb kan\u00eb marr\u00eb qeverit\u00eb e vendeve fqinje p\u00ebr qytetar\u00ebt e tyre, konfirmohet teza e Edi Ram\u00ebs se ka komplote ndaj tij dhe p\u00ebrpjekje p\u00ebr t\u00eb minuar suksesin e madh. Dhe n\u00eb t\u00eb v\u00ebrtet\u00eb, asnj\u00eb nga kryeministrat e rajonit apo m\u00eb gj\u00ebr\u00eb, nuk ja ka dal\u00eb q\u00eb t\u00eb pij\u00eb ver\u00eb 33 mij\u00eb euro shishja, si\u00e7 b\u00ebn Edi Rama.<\/p>\n<p>M\u00eb kot mundohen t\u00eb komplotojn\u00eb ndaj tij, askush nuk arrin n\u00eb k\u00ebt\u00eb standard.<\/p>\n","protected":false},"excerpt":{"rendered":"<p>Nga Belind KELLI\u00c7I Qeverit\u00eb fqinje kan\u00eb nd\u00ebrmarr\u00eb disa komplote dhe l\u00ebvizje t\u00eb forta kund\u00ebr Edi Ram\u00ebs dhe qeverisjes s\u00eb tij, me akte konkrete! Qeveria greke ka arritur nj\u00eb marr\u00ebveshje me p\u00ebrfaq\u00ebsuesit e biznesit, p\u00ebr uljen e \u00e7mimit t\u00eb 1 mij\u00eb e 600 produkteve n\u00eb mas\u00ebn 30 p\u00ebr qind. Qytetar\u00ebt grek\u00eb do t\u00eb paguajn\u00eb m\u00eb pak, &hellip;<\/p>\n","protected":false},"author":4,"featured_media":149527,"comment_status":"closed","ping_status":"closed","sticky":false,"template":"","format":"standard","meta":{"footnotes":""},"categories":[37],"tags":[],"class_list":["post-152546","post","type-post","status-publish","format-standard","has-post-thumbnail","","category-politike"],"_links":{"self":[{"href":"https:\/\/rdnews.al\/index.php\/wp-json\/wp\/v2\/posts\/152546","targetHints":{"allow":["GET"]}}],"collection":[{"href":"https:\/\/rdnews.al\/index.php\/wp-json\/wp\/v2\/posts"}],"about":[{"href":"https:\/\/rdnews.al\/index.php\/wp-json\/wp\/v2\/types\/post"}],"author":[{"embeddable":true,"href":"https:\/\/rdnews.al\/index.php\/wp-json\/wp\/v2\/users\/4"}],"replies":[{"embeddable":true,"href":"https:\/\/rdnews.al\/index.php\/wp-json\/wp\/v2\/comments?post=152546"}],"version-history":[{"count":1,"href":"https:\/\/rdnews.al\/index.php\/wp-json\/wp\/v2\/posts\/152546\/revisions"}],"predecessor-version":[{"id":152547,"href":"https:\/\/rdnews.al\/index.php\/wp-json\/wp\/v2\/posts\/152546\/revisions\/152547"}],"wp:featuredmedia":[{"embeddable":true,"href":"https:\/\/rdnews.al\/index.php\/wp-json\/wp\/v2\/media\/149527"}],"wp:attachment":[{"href":"https:\/\/rdnews.al\/index.php\/wp-json\/wp\/v2\/media?parent=152546"}],"wp:term":[{"taxonomy":"category","embeddable":true,"href":"https:\/\/rdnews.al\/index.php\/wp-json\/wp\/v2\/categories?post=152546"},{"taxonomy":"post_tag","embeddable":true,"href":"https:\/\/rdnews.al\/index.php\/wp-json\/wp\/v2\/tags?post=152546"}],"curies":[{"name":"wp","href":"https:\/\/api.w.org\/{rel}","templated":true}]}}