{"id":152555,"date":"2026-09-03T12:32:38","date_gmt":"2026-09-03T12:32:38","guid":{"rendered":"https:\/\/rdnews.al\/?p=152555"},"modified":"2026-09-03T12:32:38","modified_gmt":"2026-09-03T12:32:38","slug":"perplasje-ne-orikum-grupi-i-armatosur-i-biznesmenit-i-vendos-gjobe-5-milione-euro-pranarit-te-hotelit","status":"publish","type":"post","link":"https:\/\/rdnews.al\/index.php\/2026\/09\/03\/perplasje-ne-orikum-grupi-i-armatosur-i-biznesmenit-i-vendos-gjobe-5-milione-euro-pranarit-te-hotelit\/","title":{"rendered":"P\u00ebrplasje n\u00eb Orikum\/ Grupi i armatosur i biznesmenit i vendos gjob\u00eb 5 milion\u00eb euro pranarit t\u00eb hotelit"},"content":{"rendered":"<p class=\"chapo\">Nj\u00eb ngjarje e r\u00ebnd\u00eb \u00ebsht\u00eb regjistruar mesdit\u00ebn e sotme n\u00eb Orikum, ku nj\u00eb grup prej rreth 40 personash, shumica prej tyre dyshohet se kan\u00eb qen\u00eb t\u00eb armatosur, \u00ebsht\u00eb paraqitur pran\u00eb hotelit n\u00eb pron\u00ebsi t\u00eb biznesmenit Vasil Bedinaj, pronar i \u201cRegina\u201d.<\/p>\n<p>Sipas raportimeve paraprake, ngjarja ka nisur pas nj\u00eb konflikti mes pal\u00ebve dhe situata \u00ebsht\u00eb p\u00ebrshkall\u00ebzuar me k\u00ebrc\u00ebnime dhe dhun\u00eb fizike ndaj Bedinajt. M\u00eb pas dyshohet se jan\u00eb p\u00ebrdorur edhe arm\u00eb.<\/p>\n<p>N\u00eb lidhje me ngjarjen jan\u00eb p\u00ebrmendur emrat e Luan Mu\u00e7\u00ebs dhe Bujar Mu\u00e7\u00ebs, ky i fundit i lidhur me kompanin\u00eb \u201cDelta\u201d. Megjithat\u00eb, k\u00ebto t\u00eb dh\u00ebna mbeten ende t\u00eb pakonfirmuara zyrtarisht.<\/p>\n<p>Sipas deklarimeve t\u00eb raportuara, Bedinajt i \u00ebsht\u00eb k\u00ebrkuar nj\u00eb shum\u00eb prej 5 milion\u00eb eurosh, shoq\u00ebruar me k\u00ebrc\u00ebnimin se, n\u00ebse nuk paguante, duhej t\u00eb largohej nga Shqip\u00ebria.<\/p>\n<p>Pas p\u00ebrplasjes, personat e dyshuar jan\u00eb larguar nga hoteli dhe Policia ka nisur ndjekjen. Gjat\u00eb largimit, nj\u00eb automjet me disa prej tyre \u00ebsht\u00eb aksidentuar n\u00eb ur\u00ebn e Peshk\u00ebpis\u00eb, n\u00eb hyrje t\u00eb Vlor\u00ebs.<\/p>\n<p>Disa persona kan\u00eb mbetur t\u00eb plagosur dhe jan\u00eb d\u00ebrguar n\u00eb spital. Nj\u00ebri prej tyre raportohet se ka p\u00ebsuar d\u00ebmtime t\u00eb r\u00ebnda n\u00eb shpin\u00eb dhe n\u00eb shtyll\u00ebn kurrizore. Nd\u00ebrkoh\u00eb, disa prej personave t\u00eb dyshuar jan\u00eb arrestuar, nd\u00ebrsa forca t\u00eb shumta policie kan\u00eb vijuar kontrollet n\u00eb zona t\u00eb ndryshme t\u00eb Vlor\u00ebs.<\/p>\n<p>Policia ende nuk ka dh\u00ebn\u00eb nj\u00eb njoftim t\u00eb detajuar zyrtar p\u00ebr ngjarjen. Hetimet vijojn\u00eb p\u00ebr t\u00eb p\u00ebrcaktuar shkaqet e konfliktit, personat e p\u00ebrfshir\u00eb dhe p\u00ebrgjegj\u00ebsit\u00eb konkrete t\u00eb secilit prej tyre.<\/p>\n","protected":false},"excerpt":{"rendered":"<p>Nj\u00eb ngjarje e r\u00ebnd\u00eb \u00ebsht\u00eb regjistruar mesdit\u00ebn e sotme n\u00eb Orikum, ku nj\u00eb grup prej rreth 40 personash, shumica prej tyre dyshohet se kan\u00eb qen\u00eb t\u00eb armatosur, \u00ebsht\u00eb paraqitur pran\u00eb hotelit n\u00eb pron\u00ebsi t\u00eb biznesmenit Vasil Bedinaj, pronar i \u201cRegina\u201d. Sipas raportimeve paraprake, ngjarja ka nisur pas nj\u00eb konflikti mes pal\u00ebve dhe situata \u00ebsht\u00eb p\u00ebrshkall\u00ebzuar &hellip;<\/p>\n","protected":false},"author":3,"featured_media":152556,"comment_status":"closed","ping_status":"closed","sticky":false,"template":"","format":"standard","meta":{"footnotes":""},"categories":[37],"tags":[],"class_list":["post-152555","post","type-post","status-publish","format-standard","has-post-thumbnail","","category-politike"],"_links":{"self":[{"href":"https:\/\/rdnews.al\/index.php\/wp-json\/wp\/v2\/posts\/152555","targetHints":{"allow":["GET"]}}],"collection":[{"href":"https:\/\/rdnews.al\/index.php\/wp-json\/wp\/v2\/posts"}],"about":[{"href":"https:\/\/rdnews.al\/index.php\/wp-json\/wp\/v2\/types\/post"}],"author":[{"embeddable":true,"href":"https:\/\/rdnews.al\/index.php\/wp-json\/wp\/v2\/users\/3"}],"replies":[{"embeddable":true,"href":"https:\/\/rdnews.al\/index.php\/wp-json\/wp\/v2\/comments?post=152555"}],"version-history":[{"count":1,"href":"https:\/\/rdnews.al\/index.php\/wp-json\/wp\/v2\/posts\/152555\/revisions"}],"predecessor-version":[{"id":152557,"href":"https:\/\/rdnews.al\/index.php\/wp-json\/wp\/v2\/posts\/152555\/revisions\/152557"}],"wp:featuredmedia":[{"embeddable":true,"href":"https:\/\/rdnews.al\/index.php\/wp-json\/wp\/v2\/media\/152556"}],"wp:attachment":[{"href":"https:\/\/rdnews.al\/index.php\/wp-json\/wp\/v2\/media?parent=152555"}],"wp:term":[{"taxonomy":"category","embeddable":true,"href":"https:\/\/rdnews.al\/index.php\/wp-json\/wp\/v2\/categories?post=152555"},{"taxonomy":"post_tag","embeddable":true,"href":"https:\/\/rdnews.al\/index.php\/wp-json\/wp\/v2\/tags?post=152555"}],"curies":[{"name":"wp","href":"https:\/\/api.w.org\/{rel}","templated":true}]}}