{"id":152558,"date":"2026-09-03T12:58:17","date_gmt":"2026-09-03T12:58:17","guid":{"rendered":"https:\/\/rdnews.al\/?p=152558"},"modified":"2026-09-03T12:58:17","modified_gmt":"2026-09-03T12:58:17","slug":"otp-bank-pronare-e-automjetit-nga-ku-u-qellua-drejt-hotel-regina-ne-vlore","status":"publish","type":"post","link":"https:\/\/rdnews.al\/index.php\/2026\/09\/03\/otp-bank-pronare-e-automjetit-nga-ku-u-qellua-drejt-hotel-regina-ne-vlore\/","title":{"rendered":"OTP Bank, pronare e automjetit nga ku u q\u00ebllua drejt hotel \u201cRegina\u201d n\u00eb Vlor\u00eb"},"content":{"rendered":"<p class=\"chapo\">Detaje t\u00eb reja dalin n\u00eb drit\u00eb nga ngjarja e r\u00ebnd\u00eb e regjistruar n\u00eb Orikum, ku nj\u00eb grup prej rreth 40 personash, shumica dyshohet se t\u00eb armatosur, u p\u00ebrplas\u00ebn me biznesmenin Vasil Bedinaj, pronar i hotelit \u201cRexhina\u201d.<\/p>\n<p>Sipas t\u00eb dh\u00ebnave t\u00eb raportuara, n\u00eb ngjarje \u00ebsht\u00eb p\u00ebrdorur edhe nj\u00eb automjet, i cili rezulton n\u00eb pron\u00ebsi t\u00eb OTP Bank. Nga ky automjet dyshohet se \u00ebsht\u00eb q\u00eblluar n\u00eb drejtim t\u00eb hotelit \u201cRegina\u201d.<\/p>\n<p>Ngjarja dyshohet se ka nisur pas nj\u00eb konflikti mes pal\u00ebve dhe m\u00eb pas situata \u00ebsht\u00eb p\u00ebrshkall\u00ebzuar me k\u00ebrc\u00ebnime dhe dhun\u00eb fizike ndaj Bedinajt. Sipas deklarimeve t\u00eb raportuara, biznesmenit i \u00ebsht\u00eb k\u00ebrkuar nj\u00eb shum\u00eb prej 5 milion\u00eb eurosh, nd\u00ebrsa dyshohet se \u00ebsht\u00eb k\u00ebrc\u00ebnuar se, n\u00eb rast se nuk paguante, duhej t\u00eb largohej nga Shqip\u00ebria.<\/p>\n<p>N\u00eb lidhje me ngjarjen jan\u00eb p\u00ebrmendur edhe emrat e Luan Mu\u00e7\u00ebs dhe Bujar Mu\u00e7\u00ebs, ky i fundit i lidhur me kompanin\u00eb \u201cDelta\u201d. K\u00ebto t\u00eb dh\u00ebna, megjithat\u00eb, nuk jan\u00eb konfirmuar zyrtarisht nga Policia.<\/p>\n<p>Pas p\u00ebrplasjes n\u00eb Orikum, personat e dyshuar jan\u00eb larguar nga zona. Gjat\u00eb largimit, nj\u00eb automjet me disa prej tyre \u00ebsht\u00eb aksidentuar n\u00eb ur\u00ebn e Peshk\u00ebpis\u00eb, n\u00eb hyrje t\u00eb Vlor\u00ebs.<\/p>\n<p>Deri n\u00eb k\u00ebto momente, autoritetet nuk kan\u00eb dh\u00ebn\u00eb nj\u00eb njoftim t\u00eb plot\u00eb zyrtar mbi t\u00eb gjitha rrethanat e ngjarjes.<\/p>\n","protected":false},"excerpt":{"rendered":"<p>Detaje t\u00eb reja dalin n\u00eb drit\u00eb nga ngjarja e r\u00ebnd\u00eb e regjistruar n\u00eb Orikum, ku nj\u00eb grup prej rreth 40 personash, shumica dyshohet se t\u00eb armatosur, u p\u00ebrplas\u00ebn me biznesmenin Vasil Bedinaj, pronar i hotelit \u201cRexhina\u201d. Sipas t\u00eb dh\u00ebnave t\u00eb raportuara, n\u00eb ngjarje \u00ebsht\u00eb p\u00ebrdorur edhe nj\u00eb automjet, i cili rezulton n\u00eb pron\u00ebsi t\u00eb OTP &hellip;<\/p>\n","protected":false},"author":3,"featured_media":152559,"comment_status":"closed","ping_status":"closed","sticky":false,"template":"","format":"standard","meta":{"footnotes":""},"categories":[37],"tags":[],"class_list":["post-152558","post","type-post","status-publish","format-standard","has-post-thumbnail","","category-politike"],"_links":{"self":[{"href":"https:\/\/rdnews.al\/index.php\/wp-json\/wp\/v2\/posts\/152558","targetHints":{"allow":["GET"]}}],"collection":[{"href":"https:\/\/rdnews.al\/index.php\/wp-json\/wp\/v2\/posts"}],"about":[{"href":"https:\/\/rdnews.al\/index.php\/wp-json\/wp\/v2\/types\/post"}],"author":[{"embeddable":true,"href":"https:\/\/rdnews.al\/index.php\/wp-json\/wp\/v2\/users\/3"}],"replies":[{"embeddable":true,"href":"https:\/\/rdnews.al\/index.php\/wp-json\/wp\/v2\/comments?post=152558"}],"version-history":[{"count":1,"href":"https:\/\/rdnews.al\/index.php\/wp-json\/wp\/v2\/posts\/152558\/revisions"}],"predecessor-version":[{"id":152560,"href":"https:\/\/rdnews.al\/index.php\/wp-json\/wp\/v2\/posts\/152558\/revisions\/152560"}],"wp:featuredmedia":[{"embeddable":true,"href":"https:\/\/rdnews.al\/index.php\/wp-json\/wp\/v2\/media\/152559"}],"wp:attachment":[{"href":"https:\/\/rdnews.al\/index.php\/wp-json\/wp\/v2\/media?parent=152558"}],"wp:term":[{"taxonomy":"category","embeddable":true,"href":"https:\/\/rdnews.al\/index.php\/wp-json\/wp\/v2\/categories?post=152558"},{"taxonomy":"post_tag","embeddable":true,"href":"https:\/\/rdnews.al\/index.php\/wp-json\/wp\/v2\/tags?post=152558"}],"curies":[{"name":"wp","href":"https:\/\/api.w.org\/{rel}","templated":true}]}}