{"id":152561,"date":"2026-09-03T16:13:08","date_gmt":"2026-09-03T16:13:08","guid":{"rendered":"https:\/\/rdnews.al\/?p=152561"},"modified":"2026-09-03T16:13:08","modified_gmt":"2026-09-03T16:13:08","slug":"himci-flamuri-i-rames-ne-qiell-air-albania-paditet-ne-gjykate-nga-eurocontrol-per-detyrime-te-papaguara","status":"publish","type":"post","link":"https:\/\/rdnews.al\/index.php\/2026\/09\/03\/himci-flamuri-i-rames-ne-qiell-air-albania-paditet-ne-gjykate-nga-eurocontrol-per-detyrime-te-papaguara\/","title":{"rendered":"Him\u00e7i: \u2018Flamuri\u2019 i Ram\u00ebs n\u00eb qiell, Air Albania paditet n\u00eb gjykat\u00eb nga Eurocontrol p\u00ebr detyrime t\u00eb papaguara"},"content":{"rendered":"<p class=\"wp-block-paragraph\"><strong>Deklarata e deputetit t\u00eb PD, Blendi Him\u00e7i<\/strong><\/p>\n<p class=\"wp-block-paragraph\">E prezantuar nga Edi Rama si \u2018flamuri shqiptar n\u00eb qiell\u2019, Air Albania po d\u00ebshmon \u00e7do dit\u00eb e m\u00eb shum\u00eb se ka degraduar nj\u00ebsoj si qeverisja e tij 13-vje\u00e7are.<\/p>\n<p class=\"wp-block-paragraph\">Partia Demokratike shpreh shqet\u00ebsimin e thell\u00eb dhe k\u00ebrkon transparenc\u00eb p\u00ebr situat\u00ebn financiare dhe ligjore t\u00eb kompanis\u00eb ajrore, t\u00eb promovuar me buj\u00eb propagandistike nga Kryeministri si nj\u00eb histori suksesi dhe si \u2018krenaria e qiellit shqiptar\u2019.<\/p>\n<p class=\"wp-block-paragraph\">Realiteti d\u00ebshmon edhe nj\u00ebher\u00eb sin \u00eb shum\u00eb raste t\u00eb k\u00ebsaj qeverie se pun\u00ebt publike shhen si rast p\u00ebr t\u00eb b\u00ebr\u00eb propagand\u00eb dhe p\u00ebr t\u00eb b\u00ebr\u00eb ndonj\u00eb million.<\/p>\n<p class=\"wp-block-paragraph\">Sipas njoftimit t\u00eb publikuar nga Gjykata e Tiran\u00ebs, Organizata Europiane p\u00ebr Sigurin\u00eb e Navigimit Ajror, EUROCONTROL, ka nisur nj\u00eb proces gjyq\u00ebsor kund\u00ebr Air Albania p\u00ebr mbledhjen e detyrimeve t\u00eb papaguara.<\/p>\n<p class=\"wp-block-paragraph\">Padia, me objekt \u2018p\u00ebrmbushje detyrimi\u2019, \u00ebsht\u00eb regjistruar n\u00eb Gjykat\u00ebn e Shkall\u00ebs s\u00eb Par\u00eb t\u00eb Juridiksionit t\u00eb P\u00ebrgjithsh\u00ebm Tiran\u00eb, nd\u00ebrsa seanca e par\u00eb \u00ebsht\u00eb caktuar p\u00ebr m\u00eb 20 tetor.<\/p>\n<p class=\"wp-block-paragraph\">Ky proces ngre pik\u00ebpyetje serioze mbi gjendjen financiare t\u00eb Air Albania, detyrimet e saj ndaj institucioneve nd\u00ebrkomb\u00ebtare dhe m\u00ebnyr\u00ebn se si kompania \u00ebsht\u00eb administruar q\u00eb nga themelimi.<\/p>\n<p class=\"wp-block-paragraph\">Air Albania u krijua n\u00eb vitin 2018, me pjes\u00ebmarrjen e Turkish Airlines, kompanis\u00eb MDN Investment dhe shtetit shqiptar. Ajo u promovua personalisht nga Edi Rama si nj\u00eb projekt strategjik dhe simbol i suksesit t\u00eb Shqip\u00ebris\u00eb.<\/p>\n<p class=\"wp-block-paragraph\"><strong>Partia Demokratike k\u00ebrkon transparenc\u00eb t\u00eb plot\u00eb mbi:<\/strong><\/p>\n<p class=\"wp-block-paragraph\">\u2022 gjendjen financiare dhe detyrimet e papaguara t\u00eb Air Albania;<\/p>\n<p class=\"wp-block-paragraph\">\u2022 vler\u00ebn dhe periudh\u00ebn s\u00eb cil\u00ebs i p\u00ebrkasin detyrimet e k\u00ebrkuara nga EUROCONTROL;<\/p>\n<p class=\"wp-block-paragraph\">\u2022 p\u00ebrgjegj\u00ebsit\u00eb e administrator\u00ebve dhe p\u00ebrfaq\u00ebsuesve t\u00eb shtetit shqiptar;<\/p>\n<p class=\"wp-block-paragraph\">\u2022 marr\u00ebdh\u00ebniet financiare nd\u00ebrmjet kompanis\u00eb dhe institucioneve shtet\u00ebrore;<\/p>\n<p class=\"wp-block-paragraph\">\u2022 kostot dhe m\u00ebnyr\u00ebn e p\u00ebrdorimit t\u00eb Air Albania p\u00ebr udh\u00ebtimet e Kryeministrit Edi Rama.<\/p>\n<p class=\"wp-block-paragraph\">Nj\u00eb kompani ku shteti shqiptar \u00ebsht\u00eb aksioner nuk mund t\u00eb trajtohet si pron\u00eb private e Kryeministrit dhe as t\u00eb p\u00ebrdoret si dekor propagandistik p\u00ebr udh\u00ebtimet e tij t\u00eb luksit.<\/p>\n<p class=\"wp-block-paragraph\">Shqiptar\u00ebt meritojn\u00eb t\u00eb din\u00eb se si u katandis \u2018krenaria e qiellit shqiptar\u2019 n\u00eb nj\u00eb kompani t\u00eb paditur p\u00ebr detyrime t\u00eb papaguara.<\/p>\n<p class=\"wp-block-paragraph\">Propaganda fluturoi; faturat, turpi dhe vjedhja mbet\u00ebn n\u00eb tok\u00eb.<\/p>\n<p class=\"wp-block-paragraph\">N\u00ebse p\u00ebr turpin nuk do t\u00eb ket\u00eb d\u00ebnim, p\u00ebr faturat dhe vjedhjet duhet.<\/p>\n","protected":false},"excerpt":{"rendered":"<p>Deklarata e deputetit t\u00eb PD, Blendi Him\u00e7i E prezantuar nga Edi Rama si \u2018flamuri shqiptar n\u00eb qiell\u2019, Air Albania po d\u00ebshmon \u00e7do dit\u00eb e m\u00eb shum\u00eb se ka degraduar nj\u00ebsoj si qeverisja e tij 13-vje\u00e7are. Partia Demokratike shpreh shqet\u00ebsimin e thell\u00eb dhe k\u00ebrkon transparenc\u00eb p\u00ebr situat\u00ebn financiare dhe ligjore t\u00eb kompanis\u00eb ajrore, t\u00eb promovuar me &hellip;<\/p>\n","protected":false},"author":4,"featured_media":152562,"comment_status":"closed","ping_status":"closed","sticky":false,"template":"","format":"standard","meta":{"footnotes":""},"categories":[37],"tags":[],"class_list":["post-152561","post","type-post","status-publish","format-standard","has-post-thumbnail","","category-politike"],"_links":{"self":[{"href":"https:\/\/rdnews.al\/index.php\/wp-json\/wp\/v2\/posts\/152561","targetHints":{"allow":["GET"]}}],"collection":[{"href":"https:\/\/rdnews.al\/index.php\/wp-json\/wp\/v2\/posts"}],"about":[{"href":"https:\/\/rdnews.al\/index.php\/wp-json\/wp\/v2\/types\/post"}],"author":[{"embeddable":true,"href":"https:\/\/rdnews.al\/index.php\/wp-json\/wp\/v2\/users\/4"}],"replies":[{"embeddable":true,"href":"https:\/\/rdnews.al\/index.php\/wp-json\/wp\/v2\/comments?post=152561"}],"version-history":[{"count":1,"href":"https:\/\/rdnews.al\/index.php\/wp-json\/wp\/v2\/posts\/152561\/revisions"}],"predecessor-version":[{"id":152563,"href":"https:\/\/rdnews.al\/index.php\/wp-json\/wp\/v2\/posts\/152561\/revisions\/152563"}],"wp:featuredmedia":[{"embeddable":true,"href":"https:\/\/rdnews.al\/index.php\/wp-json\/wp\/v2\/media\/152562"}],"wp:attachment":[{"href":"https:\/\/rdnews.al\/index.php\/wp-json\/wp\/v2\/media?parent=152561"}],"wp:term":[{"taxonomy":"category","embeddable":true,"href":"https:\/\/rdnews.al\/index.php\/wp-json\/wp\/v2\/categories?post=152561"},{"taxonomy":"post_tag","embeddable":true,"href":"https:\/\/rdnews.al\/index.php\/wp-json\/wp\/v2\/tags?post=152561"}],"curies":[{"name":"wp","href":"https:\/\/api.w.org\/{rel}","templated":true}]}}