{"id":152564,"date":"2026-09-03T16:16:10","date_gmt":"2026-09-03T16:16:10","guid":{"rendered":"https:\/\/rdnews.al\/?p=152564"},"modified":"2026-09-03T16:16:44","modified_gmt":"2026-09-03T16:16:44","slug":"situata-e-rendit-ne-vend-pd-tri-ngjarje-te-renda-kriminale-nga-mirdita-ne-orikum-dhe-korce-autoriteti-i-shtetit-po-sfidohet-hapur-nga-krimi","status":"publish","type":"post","link":"https:\/\/rdnews.al\/index.php\/2026\/09\/03\/situata-e-rendit-ne-vend-pd-tri-ngjarje-te-renda-kriminale-nga-mirdita-ne-orikum-dhe-korce-autoriteti-i-shtetit-po-sfidohet-hapur-nga-krimi\/","title":{"rendered":"Tri ngjarje t\u00eb r\u00ebnda kriminale, nga Mirdita n\u00eb Orikum dhe Kor\u00e7\u00eb! PD: Autoriteti i shtetit po sfidohet hapur nga krimi"},"content":{"rendered":"<p class=\"wp-block-paragraph\">Partia Demokratike me an\u00eb t\u00eb nj\u00eb deklarate p\u00ebr mediat, ka ngritur shqet\u00ebsimin p\u00ebr situat\u00ebn e r\u00ebnd\u00eb kriminale n\u00eb t\u00eb cil\u00ebn \u00ebsht\u00eb p\u00ebrfshir\u00eb vendi.<\/p>\n<p class=\"wp-block-paragraph\">Pas vrasjes s\u00eb m\u00ebngjesit, p\u00ebrplasjet me arm\u00eb n\u00eb Orikum dhe plagosjes n\u00eb Kor\u00e7\u00eb, p\u00ebr PD, kjo nuk \u00ebsht\u00eb nj\u00eb dit\u00eb normale n\u00eb nj\u00eb vend t\u00eb sigurt. Kjo \u00ebsht\u00eb fotografia e nj\u00eb shteti, autoriteti i t\u00eb cilit po sfidohet hapur nga krimi.<\/p>\n<p class=\"wp-block-paragraph\"><strong>Deklarata e Partis\u00eb Demokratike<\/strong><\/p>\n<p class=\"wp-block-paragraph\">Brenda pak or\u00ebsh, Shqip\u00ebria \u00ebsht\u00eb terrorizuar nga tri ngjarje t\u00eb r\u00ebnda kriminale, nga Mirdita n\u00eb Orikum dhe Kor\u00e7\u00eb.<\/p>\n<p class=\"wp-block-paragraph\">N\u00eb Nd\u00ebrfushaz t\u00eb Mirdit\u00ebs, 65-vje\u00e7ari Viktor Bardhi u vra me arm\u00eb zjarri m\u00ebngjesin e sot\u00ebm.<\/p>\n<p class=\"wp-block-paragraph\">N\u00eb Orikum, nd\u00ebrkoh\u00eb, pronari i nj\u00eb resorti ka denoncuar se \u00ebsht\u00eb k\u00ebrc\u00ebnuar nga persona t\u00eb armatosur. Pamjet e kamerave t\u00eb siguris\u00eb tregojn\u00eb t\u00eb pakt\u00ebn tet\u00eb automjete q\u00eb mb\u00ebrrijn\u00eb p\u00ebrpara kompleksit, bllokojn\u00eb zon\u00ebn dhe prej tyre zbresin disa persona.<\/p>\n<p class=\"wp-block-paragraph\">Pas nd\u00ebrhyrjes s\u00eb policis\u00eb, nj\u00eb prej automjeteve t\u00eb dyshuara \u00ebsht\u00eb aksidentuar gjat\u00eb largimit. Brenda tij, sipas informacioneve t\u00eb raportuara, jan\u00eb gjetur tre persona dhe nj\u00eb arm\u00eb zjarri.<\/p>\n<p class=\"wp-block-paragraph\">N\u00eb Kor\u00e7\u00eb, po brenda s\u00eb nj\u00ebjt\u00ebs dit\u00eb, arm\u00ebt kan\u00eb folur p\u00ebrs\u00ebri. T\u00eb sht\u00ebna n\u00eb unaz\u00ebn e qytetit kan\u00eb l\u00ebn\u00eb nj\u00eb person t\u00eb plagosur, nd\u00ebrsa policia po punon p\u00ebr identifikimin dhe kapjen e autorit.<\/p>\n<p class=\"wp-block-paragraph\">Nj\u00eb qytetar vritet n\u00eb prit\u00eb.<\/p>\n<p class=\"wp-block-paragraph\">Nj\u00eb biznes rrethohet nga nj\u00eb grup q\u00eb l\u00ebviz me tet\u00eb automjete.<\/p>\n<p class=\"wp-block-paragraph\">Nj\u00eb tjet\u00ebr qytetar plagoset me arm\u00eb n\u00eb qytet.<\/p>\n<p class=\"wp-block-paragraph\">T\u00eb gjitha brenda pak or\u00ebsh.<\/p>\n<p class=\"wp-block-paragraph\">Kjo nuk \u00ebsht\u00eb nj\u00eb dit\u00eb normale n\u00eb nj\u00eb vend t\u00eb sigurt. Kjo \u00ebsht\u00eb fotografia e nj\u00eb shteti, autoriteti i t\u00eb cilit po sfidohet hapur nga krimi.<\/p>\n<p class=\"wp-block-paragraph\">Kur nj\u00eb grup mund t\u00eb organizoj\u00eb tet\u00eb automjete, t\u00eb l\u00ebviz\u00eb n\u00eb formacion, t\u00eb rrethoj\u00eb nj\u00eb biznes dhe t\u00eb k\u00ebrc\u00ebnoj\u00eb pronarin n\u00eb mes t\u00eb dit\u00ebs, nuk kemi m\u00eb t\u00eb b\u00ebjm\u00eb vet\u00ebm me nj\u00eb episod t\u00eb kronik\u00ebs s\u00eb zez\u00eb. Kemi t\u00eb b\u00ebjm\u00eb me nj\u00eb demonstrim force dhe me bindjen e bot\u00ebs s\u00eb krimit se mund t\u00eb veproj\u00eb n\u00eb territorin e Republik\u00ebs pa iu trembur shtetit.<\/p>\n<p class=\"wp-block-paragraph\">Kur n\u00eb t\u00eb nj\u00ebjt\u00ebn dit\u00eb nj\u00eb qytetar ekzekutohet n\u00eb Mirdit\u00eb dhe nj\u00eb tjet\u00ebr plagoset me arm\u00eb n\u00eb Kor\u00e7\u00eb, pyetja nuk \u00ebsht\u00eb m\u00eb vet\u00ebm se kush jan\u00eb autor\u00ebt. Pyetja \u00ebsht\u00eb: ku \u00ebsht\u00eb shteti?<\/p>\n<p class=\"wp-block-paragraph\">Partia Demokratike k\u00ebrkon zbardhjen e menj\u00ebhershme dhe t\u00eb plot\u00eb t\u00eb k\u00ebtyre ngjarjeve dhe v\u00ebnien p\u00ebrpara drejt\u00ebsis\u00eb t\u00eb autor\u00ebve. Ne mb\u00ebshtesim \u00e7do punonj\u00ebs t\u00eb Policis\u00eb s\u00eb Shtetit q\u00eb p\u00ebrballet me krimin dhe kryen me profesionaliz\u00ebm detyr\u00ebn e tij.<\/p>\n<p class=\"wp-block-paragraph\">Por Shqip\u00ebria nuk mund t\u00eb qeveriset me postblloqe t\u00eb ngritura pasi \u00ebsht\u00eb kryer vrasja, me ndjekje policore pasi \u00ebsht\u00eb rrethuar biznesi dhe me komunikata pasi \u00ebsht\u00eb q\u00eblluar me arm\u00eb.<\/p>\n<p class=\"wp-block-paragraph\">Policia nuk mund t\u00eb jet\u00eb gjithmon\u00eb nj\u00eb hap pas krimit. Shteti duhet t\u00eb jet\u00eb nj\u00eb hap p\u00ebrpara tij.<\/p>\n<p class=\"wp-block-paragraph\">Pas 13 vitesh n\u00eb pushtet, Edi Rama dhe qeveria e tij duhet t\u2019u p\u00ebrgjigjen shqiptar\u00ebve: si \u00ebsht\u00eb e mundur q\u00eb grupe t\u00eb organizuara t\u00eb l\u00ebvizin me tet\u00eb automjete p\u00ebr t\u00eb rrethuar nj\u00eb biznes, nd\u00ebrsa arm\u00ebt shkrepen dhe njer\u00ebzit vriten apo plagosen n\u00eb rrug\u00ebt e vendit?<\/p>\n<p class=\"wp-block-paragraph\">Problemi nuk \u00ebsht\u00eb vet\u00ebm krimi q\u00eb shohim. Problemi \u00ebsht\u00eb pand\u00ebshkueshm\u00ebria dhe dob\u00ebsimi i autoritetit t\u00eb shtetit q\u00eb i kan\u00eb dh\u00ebn\u00eb krimit kuraj\u00ebn t\u00eb dal\u00eb hapur n\u00eb rrug\u00eb.<\/p>\n<p class=\"wp-block-paragraph\">Tre ngjarje t\u00eb r\u00ebnda brenda nj\u00eb dite nuk mund t\u00eb fshihen pas propagand\u00ebs s\u00eb \u201cRilindja 2.0\u201d.<\/p>\n<p class=\"wp-block-paragraph\">Shqiptar\u00ebve nuk u duhet nj\u00eb version i ri i propagand\u00ebs s\u00eb vjet\u00ebr. U duhet nj\u00eb shtet q\u00eb kontrollon territorin, mbron jet\u00ebn dhe pron\u00ebn dhe q\u00eb nuk negocion autoritetin e tij me t\u00eb fort\u00ebt dhe bot\u00ebn e krimit.<\/p>\n<p class=\"wp-block-paragraph\">Partia Demokratike, n\u00eb qeverisje, do ta rikthej\u00eb rendin dhe sigurin\u00eb publike n\u00eb krye t\u00eb detyrave t\u00eb shtetit. Ne do t\u00eb shk\u00ebpusim \u00e7do lidhje mes politik\u00ebs, policis\u00eb dhe bot\u00ebs s\u00eb krimit; do t\u00eb \u00e7lirojm\u00eb Policin\u00eb e Shtetit nga em\u00ebrimet politike dhe do t\u00eb promovojm\u00eb profesionist\u00ebt mbi baz\u00ebn e merit\u00ebs dhe integritetit; do t\u00eb forcojm\u00eb inteligjenc\u00ebn kriminale dhe hetimin proaktiv p\u00ebr t\u00eb goditur grupet e organizuara p\u00ebrpara se ato t\u00eb godasin qytetar\u00ebt; do t\u00eb godasim arm\u00ebmbajtjen e paligjshme dhe asetet financiare t\u00eb krimit; do t\u00eb vendosim mbrojtjen e biznesit t\u00eb ligjsh\u00ebm nga k\u00ebrc\u00ebnimi dhe zhvatja n\u00eb qend\u00ebr t\u00eb politikave t\u00eb siguris\u00eb; dhe do t\u2019u japim polic\u00ebve profesionist\u00eb teknologjin\u00eb, burimet, pag\u00ebn dhe mb\u00ebshtetjen institucionale q\u00eb u nevojitet p\u00ebr t\u2019u p\u00ebrballur me krimin.<\/p>\n<p class=\"wp-block-paragraph\">Nuk premtojm\u00eb nj\u00eb Shqip\u00ebri pa krim. Premtojm\u00eb nj\u00eb Shqip\u00ebri ku krimi i trembet shtetit dhe jo qytetari krimit.<\/p>\n<p class=\"wp-block-paragraph\">Sepse nj\u00eb shtet q\u00eb mb\u00ebrrin vet\u00ebm pasi \u00ebsht\u00eb shkrepur arma nuk \u00ebsht\u00eb nj\u00eb shtet q\u00eb garanton siguri.<\/p>\n","protected":false},"excerpt":{"rendered":"<p>Partia Demokratike me an\u00eb t\u00eb nj\u00eb deklarate p\u00ebr mediat, ka ngritur shqet\u00ebsimin p\u00ebr situat\u00ebn e r\u00ebnd\u00eb kriminale n\u00eb t\u00eb cil\u00ebn \u00ebsht\u00eb p\u00ebrfshir\u00eb vendi. Pas vrasjes s\u00eb m\u00ebngjesit, p\u00ebrplasjet me arm\u00eb n\u00eb Orikum dhe plagosjes n\u00eb Kor\u00e7\u00eb, p\u00ebr PD, kjo nuk \u00ebsht\u00eb nj\u00eb dit\u00eb normale n\u00eb nj\u00eb vend t\u00eb sigurt. Kjo \u00ebsht\u00eb fotografia e nj\u00eb shteti, &hellip;<\/p>\n","protected":false},"author":4,"featured_media":143965,"comment_status":"closed","ping_status":"closed","sticky":false,"template":"","format":"standard","meta":{"footnotes":""},"categories":[37],"tags":[],"class_list":["post-152564","post","type-post","status-publish","format-standard","has-post-thumbnail","","category-politike"],"_links":{"self":[{"href":"https:\/\/rdnews.al\/index.php\/wp-json\/wp\/v2\/posts\/152564","targetHints":{"allow":["GET"]}}],"collection":[{"href":"https:\/\/rdnews.al\/index.php\/wp-json\/wp\/v2\/posts"}],"about":[{"href":"https:\/\/rdnews.al\/index.php\/wp-json\/wp\/v2\/types\/post"}],"author":[{"embeddable":true,"href":"https:\/\/rdnews.al\/index.php\/wp-json\/wp\/v2\/users\/4"}],"replies":[{"embeddable":true,"href":"https:\/\/rdnews.al\/index.php\/wp-json\/wp\/v2\/comments?post=152564"}],"version-history":[{"count":2,"href":"https:\/\/rdnews.al\/index.php\/wp-json\/wp\/v2\/posts\/152564\/revisions"}],"predecessor-version":[{"id":152566,"href":"https:\/\/rdnews.al\/index.php\/wp-json\/wp\/v2\/posts\/152564\/revisions\/152566"}],"wp:featuredmedia":[{"embeddable":true,"href":"https:\/\/rdnews.al\/index.php\/wp-json\/wp\/v2\/media\/143965"}],"wp:attachment":[{"href":"https:\/\/rdnews.al\/index.php\/wp-json\/wp\/v2\/media?parent=152564"}],"wp:term":[{"taxonomy":"category","embeddable":true,"href":"https:\/\/rdnews.al\/index.php\/wp-json\/wp\/v2\/categories?post=152564"},{"taxonomy":"post_tag","embeddable":true,"href":"https:\/\/rdnews.al\/index.php\/wp-json\/wp\/v2\/tags?post=152564"}],"curies":[{"name":"wp","href":"https:\/\/api.w.org\/{rel}","templated":true}]}}