{"id":152570,"date":"2026-09-03T16:31:57","date_gmt":"2026-09-03T16:31:57","guid":{"rendered":"https:\/\/rdnews.al\/?p=152570"},"modified":"2026-09-03T16:31:57","modified_gmt":"2026-09-03T16:31:57","slug":"edi-rama-si-vucici-algoritmi-i-censures-kunder-opozites","status":"publish","type":"post","link":"https:\/\/rdnews.al\/index.php\/2026\/09\/03\/edi-rama-si-vucici-algoritmi-i-censures-kunder-opozites\/","title":{"rendered":"Edi Rama si Vu\u00e7i\u00e7i, algoritmi i censur\u00ebs kund\u00ebr opozit\u00ebs!"},"content":{"rendered":"<p><strong>Nga Gazment BARDHI<\/strong><\/p>\n<p>Ajo q\u00eb ndodhi n\u00eb Serbin\u00eb e Vu\u00e7i\u00e7it gjat\u00eb protestave masive t\u00eb student\u00ebve kund\u00ebr qeveris\u00eb, po shfaqet sot edhe n\u00eb Shqip\u00ebrin\u00eb e Edi Ram\u00ebs.<\/p>\n<p>Sot n\u00eb Shqip\u00ebri jan\u00eb n\u00ebn sulm dhe jan\u00eb bllokuar shum\u00eb llogari n\u00eb Instagram t\u00eb qytetar\u00ebve q\u00eb po mb\u00ebshtesin aktivisht protest\u00ebn mbi 3 mujore kund\u00ebr qeveris\u00eb.<\/p>\n<p>Ky \u00ebsht\u00eb algoritmi i censur\u00ebs s\u00eb nj\u00eb Kryeministri q\u00eb k\u00ebrkon ta mbuloj\u00eb d\u00ebshtimin e vet me heshtjen e shoq\u00ebris\u00eb. T\u2019u mbyll\u00eb goj\u00ebn kund\u00ebrshtar\u00ebve dhe t\u00eb zhduk\u00eb \u00e7do z\u00eb kritik nga hap\u00ebsira publike.<\/p>\n<p>Me metodat e Vu\u00e7i\u00e7it, Edi Rama nuk e ndryshon dot bindjen e shqiptar\u00ebve se ai \u00ebsht\u00eb Kryeministri q\u00eb i ka b\u00ebr\u00eb m\u00eb shum\u00eb keq vendit n\u00eb gati kat\u00ebr dekada dhe se duhet t\u00eb largohet.<\/p>\n<p>Solidaritet me \u00e7do qytetar q\u00eb \u00ebsht\u00eb goditur p\u00ebr shkak t\u00eb z\u00ebrit t\u00eb tij kritik. Nuk ka algorit\u00ebm censure q\u00eb shp\u00ebton nj\u00eb qeveri nga e v\u00ebrteta.<\/p>\n<p><iframe loading=\"lazy\" src=\"https:\/\/www.facebook.com\/plugins\/video.php?height=476&amp;href=https%3A%2F%2Fwww.facebook.com%2Freel%2F5335599653332594%2F&amp;show_text=false&amp;width=267&amp;t=0\" width=\"267\" height=\"476\" frameborder=\"0\" scrolling=\"no\" allowfullscreen=\"allowfullscreen\" data-mce-fragment=\"1\"><\/iframe><\/p>\n","protected":false},"excerpt":{"rendered":"<p>Nga Gazment BARDHI Ajo q\u00eb ndodhi n\u00eb Serbin\u00eb e Vu\u00e7i\u00e7it gjat\u00eb protestave masive t\u00eb student\u00ebve kund\u00ebr qeveris\u00eb, po shfaqet sot edhe n\u00eb Shqip\u00ebrin\u00eb e Edi Ram\u00ebs. Sot n\u00eb Shqip\u00ebri jan\u00eb n\u00ebn sulm dhe jan\u00eb bllokuar shum\u00eb llogari n\u00eb Instagram t\u00eb qytetar\u00ebve q\u00eb po mb\u00ebshtesin aktivisht protest\u00ebn mbi 3 mujore kund\u00ebr qeveris\u00eb. Ky \u00ebsht\u00eb algoritmi i &hellip;<\/p>\n","protected":false},"author":4,"featured_media":152116,"comment_status":"closed","ping_status":"closed","sticky":false,"template":"","format":"standard","meta":{"footnotes":""},"categories":[37],"tags":[],"class_list":["post-152570","post","type-post","status-publish","format-standard","has-post-thumbnail","","category-politike"],"_links":{"self":[{"href":"https:\/\/rdnews.al\/index.php\/wp-json\/wp\/v2\/posts\/152570","targetHints":{"allow":["GET"]}}],"collection":[{"href":"https:\/\/rdnews.al\/index.php\/wp-json\/wp\/v2\/posts"}],"about":[{"href":"https:\/\/rdnews.al\/index.php\/wp-json\/wp\/v2\/types\/post"}],"author":[{"embeddable":true,"href":"https:\/\/rdnews.al\/index.php\/wp-json\/wp\/v2\/users\/4"}],"replies":[{"embeddable":true,"href":"https:\/\/rdnews.al\/index.php\/wp-json\/wp\/v2\/comments?post=152570"}],"version-history":[{"count":2,"href":"https:\/\/rdnews.al\/index.php\/wp-json\/wp\/v2\/posts\/152570\/revisions"}],"predecessor-version":[{"id":152572,"href":"https:\/\/rdnews.al\/index.php\/wp-json\/wp\/v2\/posts\/152570\/revisions\/152572"}],"wp:featuredmedia":[{"embeddable":true,"href":"https:\/\/rdnews.al\/index.php\/wp-json\/wp\/v2\/media\/152116"}],"wp:attachment":[{"href":"https:\/\/rdnews.al\/index.php\/wp-json\/wp\/v2\/media?parent=152570"}],"wp:term":[{"taxonomy":"category","embeddable":true,"href":"https:\/\/rdnews.al\/index.php\/wp-json\/wp\/v2\/categories?post=152570"},{"taxonomy":"post_tag","embeddable":true,"href":"https:\/\/rdnews.al\/index.php\/wp-json\/wp\/v2\/tags?post=152570"}],"curies":[{"name":"wp","href":"https:\/\/api.w.org\/{rel}","templated":true}]}}